{"id":54358,"date":"2016-06-20T13:45:44","date_gmt":"2016-06-20T10:45:44","guid":{"rendered":"https:\/\/www.enerjigazetesi.ist\/?p=54358"},"modified":"2016-06-20T14:02:07","modified_gmt":"2016-06-20T11:02:07","slug":"anadolunun-gunesine-yazik-oluyor-artik-gunes-seferberligini-baslatmaliyiz","status":"publish","type":"post","link":"https:\/\/www.enerjigazetesi.ist\/en\/anadolunun-gunesine-yazik-oluyor-artik-gunes-seferberligini-baslatmaliyiz\/","title":{"rendered":"(Turkish) T\u00fcrkiye&#8217;nin G\u00fcne\u015fine Yaz\u0131k Oluyor, Art\u0131k G\u00fcne\u015f Seferberli\u011fini Ba\u015flatmal\u0131y\u0131z!"},"content":{"rendered":"<p class=\"qtranxs-available-languages-message qtranxs-available-languages-message-en\">Sorry, this entry is only available in <a href=\"https:\/\/www.enerjigazetesi.ist\/tr\/wp-json\/wp\/v2\/posts\/54358\" class=\"qtranxs-available-language-link qtranxs-available-language-link-tr\" title=\"Turkish\">Turkish<\/a>. For the sake of viewer convenience, the content is shown below in the alternative language. You may click the link to switch the active language.<\/p><p><\/p>\n<p style=\"text-align: left;\" align=\"center\"><strong>T\u00fcrkiye y\u0131lda 2 bin 460 saat g\u00fcne\u015f g\u00f6rmesine ra\u011fmen bu potansiyelini enerjiye d\u00f6n\u00fc\u015ft\u00fcrme konusunda zay\u0131f kalmaktad\u0131r. 21 Haziran D\u00fcnya G\u00fcne\u015f G\u00fcn\u00fc kapsam\u0131nda a\u00e7\u0131klamalarda bulunan \u0130T\u00dc \u00d6\u011fretim \u00dcyesi ve S\u00fcrd\u00fcr\u00fclebilir \u00dcretim ve T\u00fcketim Derne\u011fi Ba\u015fkan Yard\u0131mc\u0131s\u0131 Prof. Dr. Filiz Karaosmano\u011flu, \u201cAnadolu&#8217;muzun g\u00fcne\u015fine yaz\u0131k oluyor, s\u00fcrd\u00fcr\u00fclebilir bir d\u00fcnya i\u00e7in \u00fclkemizde g\u00fcne\u015f seferberli\u011fini ba\u015flatmal\u0131y\u0131z\u201d dedi.<\/strong><\/p>\n<p>Enerji kaynaklar\u0131n\u0131n h\u0131zla t\u00fckendi\u011fi g\u00fcn\u00fcm\u00fczde, y\u0131l\u0131n b\u00fcy\u00fck b\u00f6l\u00fcm\u00fcn\u00fc g\u00fcne\u015fli ge\u00e7iren T\u00fcrkiye\u2019nin el<a href=\"https:\/\/www.enerjigazetesi.ist\/wp-content\/uploads\/2016\/06\/turkiyenin-buyumesi-gunesten-gelecek-anadolunun-gunesine-yazik-oluyor.jpg\"><img loading=\"lazy\" class=\"alignright  wp-image-54359\" src=\"https:\/\/www.enerjigazetesi.ist\/wp-content\/uploads\/2016\/06\/turkiyenin-buyumesi-gunesten-gelecek-anadolunun-gunesine-yazik-oluyor-300x281.jpg\" alt=\"turkiyenin-buyumesi-gunesten-gelecek-anadolunun-gunesine-yazik-oluyor\" width=\"300\" height=\"226\" \/><\/a>indeki bu sonsuz ve de\u011ferli enerji kayna\u011f\u0131n\u0131 s\u00fcrd\u00fcr\u00fclebilir bir gelecek i\u00e7in daha iyi de\u011ferlendirmesi gerekiyor. <strong>Kuzey Yar\u0131mk\u00fcre\u2019de<\/strong> en uzun g\u00fcn\u00fcn ya\u015fand\u0131\u011f\u0131 <strong>21 Haziran\u2019da<\/strong> kutlanan <strong>D\u00fcnya G\u00fcne\u015f G\u00fcn\u00fc<\/strong> kapsam\u0131nda a\u00e7\u0131klama yapan <strong>\u0130stanbul Teknik \u00dcniversitesi \u00d6\u011fretim \u00dcyesi ve S\u00fcrd\u00fcr\u00fclebilir \u00dcretim ve T\u00fcketim Derne\u011fi (S\u00dcT-D) Ba\u015fkan Yard\u0131mc\u0131s\u0131 Prof. Dr. Filiz Karaosmano\u011flu,<\/strong> T\u00fcrkiye\u2019nin b\u00fcy\u00fcmesinin g\u00fcne\u015ften gelece\u011fini ifade etti. Prof. Dr. Karaosmano\u011flu, <strong>g\u00fcne\u015ften \u0131s\u0131 enerjisi<\/strong> elde eden \u00fclkeler aras\u0131nda T\u00fcrkiye\u2019nin \u015fu anda <strong>4\u2019\u00fcnc\u00fc s\u0131rada<\/strong> oldu\u011funu ancak potansiyelinin \u00e7ok az\u0131n\u0131 de\u011ferlendirebildi\u011fini ancak gelece\u011fi g\u00fcne\u015fin \u015fekillendirece\u011fini vurgulad\u0131.<\/p>\n<p><strong>G\u00fcne\u015f Enerjisi Kay\u0131p Ka\u00e7a\u011f\u0131 \u00d6nleyecek<\/strong><\/p>\n<p>G\u00fcne\u015f enerjisinin ekonomiye kazand\u0131r\u0131lmas\u0131n\u0131n \u00f6nemine dikkat \u00e7eken S\u00dcT-D Ba\u015fkan Yard\u0131mc\u0131s\u0131 Karaosmano\u011flu, g\u00fcne\u015f enerjisine yap\u0131lacak her yat\u0131r\u0131m\u0131n ekonomiyi ayd\u0131nlataca\u011f\u0131n\u0131 ifade etti. Karaosmano\u011flu s\u00f6zlerine \u015f\u00f6yle s\u00fcrd\u00fcrd\u00fc: \u201cT\u00fcrkiye, y\u0131lda 2 bin 460 saat g\u00fcne\u015f g\u00f6ren bir \u00fclke olmas\u0131na ra\u011fmen maalesef bu potansiyeli kullanm\u0131yoruz. G\u00fcne\u015ften \u0131s\u0131 enerjisi \u00fcretiminde d\u00fcnya d\u00f6rd\u00fcnc\u00fcs\u00fcy\u00fcz. Ancak g\u00fcne\u015fi daha \u00e7ok \u00e7at\u0131lar\u0131m\u0131zda s\u0131cak su elde etmek i\u00e7in kullan\u0131yoruz oysa bu yetmez. Sahip oldu\u011fumuz bu enerjiyi ba\u015fta elektrik olmak \u00fczere pek \u00e7ok alanda kullanmal\u0131y\u0131z. Bug\u00fcn bakt\u0131\u011f\u0131m\u0131zda \u00fclkemizde g\u00fcne\u015fe dayal\u0131 \u00fcretilen elektrik daha az g\u00fcne\u015f g\u00f6ren \u00fclkelere g\u00f6re <strong>\u00e7ok d\u00fc\u015f\u00fck seviyelerde<\/strong>. Ba\u015fta anadolumuzun ve \u00fclkemizin g\u00fcne\u015fine yaz\u0131k oluyor.\u201d<\/p>\n<p>G\u00fcne\u015f enerjisinin en b\u00fcy\u00fck avantajlar\u0131ndan birinin yerinde enerji \u00fcretimi i\u00e7in m\u00fckemmel bir se\u00e7enek olmas\u0131 diyen Karaosmano\u011flu, yenilenebilir enerjinin en yayg\u0131n formu olan da\u011f\u0131t\u0131k enerji sistemleri i\u00e7in g\u00fcne\u015fle en iyi uygulamalar\u0131n ba\u015far\u0131labilece\u011fine ve b\u00f6ylece da\u011f\u0131t\u0131mda olu\u015facak kay\u0131p-ka\u00e7ak miktar\u0131n\u0131n da azalt\u0131labilece\u011fininde vurgusunu yapt\u0131.<\/p>\n<p><strong>G\u00fcne\u015f Seferberli\u011fi Art\u0131k Kesinlikle Gerekiyor<\/strong><\/p>\n<p><strong>Prof. Dr. Karaosmano\u011flu,<\/strong> g\u00fcne\u015f enerjisi potansiyeli a\u00e7\u0131s\u0131ndan son derece elveri\u015fli bir konumda olan ve adeta bir <strong>&#8220;G\u00fcne\u015f Cenneti&#8221;<\/strong> olan T\u00fcrkiye\u2019nin sahip oldu\u011fu bu avantaj ile gelece\u011fin en b\u00fcy\u00fck enerji \u00fcreticileri aras\u0131nda liderlik pay\u0131na bile sahip olabilece\u011fini vurgulad\u0131. G\u00fcne\u015f elektrik \u00fcretimi i\u00e7in adeta bir seferberlik gerekti\u011fini belirten Karaosmano\u011flu, T\u00fcrkiye&#8217;nin iklim de\u011fi\u015fikli\u011fi ile m\u00fccadelesinde g\u00fcne\u015f enerjisinin b\u00fcy\u00fck rol oynayaca\u011f\u0131n\u0131, bu enerji ile iklime diren\u00e7li binalar, k\u00f6yler hatta kentler yaratabilece\u011finin alt\u0131n\u0131 \u00e7izdi.<\/p>","protected":false},"excerpt":{"rendered":"<p>Sorry, this entry is only available in Turkish. For the sake of viewer convenience, the content is shown below in the alternative language. You may click the link to switch the active language. T\u00fcrkiye y\u0131lda 2 bin 460 saat g\u00fcne\u015f g\u00f6rmesine ra\u011fmen bu potansiyelini enerjiye d\u00f6n\u00fc\u015ft\u00fcrme konusunda zay\u0131f kalmaktad\u0131r. 21 Haziran D\u00fcnya G\u00fcne\u015f G\u00fcn\u00fc kapsam\u0131nda [&hellip;]<\/p>\n","protected":false},"author":1,"featured_media":54359,"comment_status":"open","ping_status":"open","sticky":false,"template":"","format":"standard","meta":[],"categories":[53,49],"tags":[6246,19,63,67,1009,2698,165,2326,227,13,2569,23133,22975,4269,30282,11053,870,1083,18346,18344,1296,842,105],"views":1223,"_links":{"self":[{"href":"https:\/\/www.enerjigazetesi.ist\/en\/wp-json\/wp\/v2\/posts\/54358"}],"collection":[{"href":"https:\/\/www.enerjigazetesi.ist\/en\/wp-json\/wp\/v2\/posts"}],"about":[{"href":"https:\/\/www.enerjigazetesi.ist\/en\/wp-json\/wp\/v2\/types\/post"}],"author":[{"embeddable":true,"href":"https:\/\/www.enerjigazetesi.ist\/en\/wp-json\/wp\/v2\/users\/1"}],"replies":[{"embeddable":true,"href":"https:\/\/www.enerjigazetesi.ist\/en\/wp-json\/wp\/v2\/comments?post=54358"}],"version-history":[{"count":11,"href":"https:\/\/www.enerjigazetesi.ist\/en\/wp-json\/wp\/v2\/posts\/54358\/revisions"}],"predecessor-version":[{"id":54370,"href":"https:\/\/www.enerjigazetesi.ist\/en\/wp-json\/wp\/v2\/posts\/54358\/revisions\/54370"}],"wp:featuredmedia":[{"embeddable":true,"href":"https:\/\/www.enerjigazetesi.ist\/en\/wp-json\/wp\/v2\/media\/54359"}],"wp:attachment":[{"href":"https:\/\/www.enerjigazetesi.ist\/en\/wp-json\/wp\/v2\/media?parent=54358"}],"wp:term":[{"taxonomy":"category","embeddable":true,"href":"https:\/\/www.enerjigazetesi.ist\/en\/wp-json\/wp\/v2\/categories?post=54358"},{"taxonomy":"post_tag","embeddable":true,"href":"https:\/\/www.enerjigazetesi.ist\/en\/wp-json\/wp\/v2\/tags?post=54358"}],"curies":[{"name":"wp","href":"https:\/\/api.w.org\/{rel}","templated":true}]}}