{"id":54276,"date":"2016-06-17T23:32:56","date_gmt":"2016-06-17T20:32:56","guid":{"rendered":"https:\/\/www.enerjigazetesi.ist\/?p=54276"},"modified":"2016-06-17T23:32:56","modified_gmt":"2016-06-17T20:32:56","slug":"almanyada-benzinli-araclari-tamamen-yasakliyor","status":"publish","type":"post","link":"https:\/\/www.enerjigazetesi.ist\/en\/almanyada-benzinli-araclari-tamamen-yasakliyor\/","title":{"rendered":"(Turkish) Almanya&#8217;da Benzinli Ara\u00e7lar\u0131 Tamamen Yasakl\u0131yor&#8230;"},"content":{"rendered":"<p class=\"qtranxs-available-languages-message qtranxs-available-languages-message-en\">Sorry, this entry is only available in <a href=\"https:\/\/www.enerjigazetesi.ist\/tr\/wp-json\/wp\/v2\/posts\/54276\" class=\"qtranxs-available-language-link qtranxs-available-language-link-tr\" title=\"Turkish\">Turkish<\/a>. For the sake of viewer convenience, the content is shown below in the alternative language. You may click the link to switch the active language.<\/p><p><strong>Norve\u00e7&#8217;ten sonra otomotiv devi Almanya&#8217;da da benzinli ara\u00e7lar tamamen yasaklanacak. Elektrikli ara\u00e7lar\u0131n kullan\u0131lmas\u0131 i\u00e7in ise te\u015fvik kampanyalar\u0131 d\u00fczenlenecek.<\/strong><\/p>\n<p>K\u0131sa bir s\u00fcre \u00f6nce benzinli otomobil yasa\u011f\u0131 getiren Norve\u00e7\u2019ten sonra \u015fimdi de d\u00fcnyan\u0131n en b\u00fcy\u00fck otomotiv sekt\u00f6r\u00fc oyuncusu Almanya benzinli otomotivi yasaklayaca\u011f\u0131 tarihin a\u00e7\u0131klad\u0131.<img loading=\"lazy\" class=\"alignright size-medium wp-image-54277\" src=\"https:\/\/www.enerjigazetesi.ist\/wp-content\/uploads\/2016\/06\/almanyada-benzinli-araclari-tamamen-yasakliyor-300x150.jpg\" alt=\"almanyada-benzinli-araclari-tamamen-yasakliyor\" width=\"300\" height=\"150\" srcset=\"https:\/\/www.enerjigazetesi.ist\/wp-content\/uploads\/2016\/06\/almanyada-benzinli-araclari-tamamen-yasakliyor-300x150.jpg 300w, https:\/\/www.enerjigazetesi.ist\/wp-content\/uploads\/2016\/06\/almanyada-benzinli-araclari-tamamen-yasakliyor-500x249.jpg 500w, https:\/\/www.enerjigazetesi.ist\/wp-content\/uploads\/2016\/06\/almanyada-benzinli-araclari-tamamen-yasakliyor-80x40.jpg 80w, https:\/\/www.enerjigazetesi.ist\/wp-content\/uploads\/2016\/06\/almanyada-benzinli-araclari-tamamen-yasakliyor.jpg 620w\" sizes=\"(max-width: 300px) 100vw, 300px\" \/><\/p>\n<p>Almanya tarihi a\u00e7\u0131klad\u0131.\u00a0Bundan sonra Almanya\u2019daki t\u00fcm ara\u00e7lar sadece elektrik enerjisiyle \u00e7al\u0131\u015f\u0131yor olacak. Benzinli otomobillerin kullan\u0131lmas\u0131 yasaklanacak. Almanya h\u00fck\u00fcmeti 2030 y\u0131l\u0131ndan sonra benzinli otomobil \u00fcretimine izin vermeyecek.<\/p>\n<p>Almanya\u2019da genel olarak karbon dioksit gaz\u0131na adeta sava\u015f a\u00e7an Alman H\u00fck\u00fcmeti i\u015fe otomotiv sekt\u00f6r\u00fcnden ba\u015flad\u0131. Alman h\u00fck\u00fcmeti yetkililerinin konuyla ilgili yapt\u0131\u011f\u0131 a\u00e7\u0131klamaya g\u00f6re, 2030 y\u0131l\u0131na kadar ge\u00e7en s\u00fcrede t\u00fcm otomobiller s\u0131f\u0131r emisyon de\u011ferine sahip olmak zorunda. Bu durumun sa\u011flanmas\u0131 da benzinli otomobillerin yasaklanaca\u011f\u0131 ve kullan\u0131m\u0131na tamamen son verilece\u011fi anlam\u0131na geliyor. Di\u011fer taraftan da bu durumun geli\u015fmesi otomobillerde sadece elektrik enerjisinin tercih edilece\u011fi ve elektrikli otomobillerin kullan\u0131lmas\u0131n\u0131n zorunlu hale gelmesi anlam\u0131na geliyor.<\/p>\n<p>LOG\u2019un haberine g\u00f6re BMW\u2019nin elektrikli otomobil \u00fcretme konusunda art\u0131k s\u00f6z sahibi olmaya ba\u015flad\u0131\u011f\u0131, Daimler\u2019in yeni elektrikli \u015fasi mimarisini tan\u0131tt\u0131\u011f\u0131, Volkswagen\u2019in kendini aklamak i\u00e7in yeni elektrikli konseptler sundu\u011fu Almanya\u2019da bu y\u00f6nde bir karar al\u0131nm\u0131\u015f olmas\u0131 s\u00fcrpriz olarak kar\u015f\u0131lanmamas\u0131 gereken bir durum.<\/p>\n<p>Fakat g\u00fcncelde elektrikli otomobillerin \u00fclkede fazlaca yay\u0131ld\u0131\u011f\u0131 s\u00f6ylenemez. Dizel ve benzinli ara\u00e7lar\u0131n yan\u0131nda elektrikli otomobil kullan\u0131m\u0131 son derece d\u00fc\u015f\u00fck bir seviyede. Trafi\u011fe kay\u0131tl\u0131 130 bin hibrit ve 25 bin tamamen elektrikli otomobil bulunuyor. Almanya&#8217;daki benzinli otomobil say\u0131s\u0131 ise son verilere g\u00f6re 30 milyon. 14,5 milyon da dizel ara\u00e7 Almanya trafi\u011findeki varl\u0131\u011f\u0131n\u0131 s\u00fcrd\u00fcr\u00fcyor.<\/p>\n<p>Almanya h\u00fck\u00fcmetinin plan\u0131 ise benzinli ara\u00e7lar\u0131 tamamen ortadan kald\u0131rma a\u015famas\u0131na gelmeden \u00f6nce 2020 y\u0131l\u0131na kadar olan 4 y\u0131ll\u0131k s\u00fcre\u00e7te ise karbon emisyon de\u011ferini d\u00fc\u015f\u00fcrmeyi hedefliyor. Ayr\u0131ca Almanya H\u00fck\u00fcmetinin yak\u0131n zamanda benzinli ara\u00e7lardan ve karbondioksit gaz\u0131ndan tamamen kurtulmak ad\u0131na elektrikli ta\u015f\u0131tlar\u0131n daha \u00e7ok ra\u011fbet g\u00f6rmesi i\u00e7in te\u015fvik \u00e7al\u0131\u015fmalar\u0131na da ba\u015flamas\u0131 da bekleniyor.<\/p>\n<p>Kaynak: <a href=\"http:\/\/www.ekonomi24.com\/almanya-benzinli-araclari-tamamen-yasakliyor-14101-haber\/\" target=\"_blank\" rel=\"nofollow\">Ekonomi\u00a024<\/a><\/p>","protected":false},"excerpt":{"rendered":"<p>Sorry, this entry is only available in Turkish. For the sake of viewer convenience, the content is shown below in the alternative language. You may click the link to switch the active language.Norve\u00e7&#8217;ten sonra otomotiv devi Almanya&#8217;da da benzinli ara\u00e7lar tamamen yasaklanacak. Elektrikli ara\u00e7lar\u0131n kullan\u0131lmas\u0131 i\u00e7in ise te\u015fvik kampanyalar\u0131 d\u00fczenlenecek. K\u0131sa bir s\u00fcre \u00f6nce benzinli [&hellip;]<\/p>\n","protected":false},"author":1,"featured_media":54277,"comment_status":"open","ping_status":"open","sticky":false,"template":"","format":"standard","meta":[],"categories":[51,53,44],"tags":[929,215,63,67,1009,2698,165,30265,6331],"views":1333,"_links":{"self":[{"href":"https:\/\/www.enerjigazetesi.ist\/en\/wp-json\/wp\/v2\/posts\/54276"}],"collection":[{"href":"https:\/\/www.enerjigazetesi.ist\/en\/wp-json\/wp\/v2\/posts"}],"about":[{"href":"https:\/\/www.enerjigazetesi.ist\/en\/wp-json\/wp\/v2\/types\/post"}],"author":[{"embeddable":true,"href":"https:\/\/www.enerjigazetesi.ist\/en\/wp-json\/wp\/v2\/users\/1"}],"replies":[{"embeddable":true,"href":"https:\/\/www.enerjigazetesi.ist\/en\/wp-json\/wp\/v2\/comments?post=54276"}],"version-history":[{"count":1,"href":"https:\/\/www.enerjigazetesi.ist\/en\/wp-json\/wp\/v2\/posts\/54276\/revisions"}],"predecessor-version":[{"id":54278,"href":"https:\/\/www.enerjigazetesi.ist\/en\/wp-json\/wp\/v2\/posts\/54276\/revisions\/54278"}],"wp:featuredmedia":[{"embeddable":true,"href":"https:\/\/www.enerjigazetesi.ist\/en\/wp-json\/wp\/v2\/media\/54277"}],"wp:attachment":[{"href":"https:\/\/www.enerjigazetesi.ist\/en\/wp-json\/wp\/v2\/media?parent=54276"}],"wp:term":[{"taxonomy":"category","embeddable":true,"href":"https:\/\/www.enerjigazetesi.ist\/en\/wp-json\/wp\/v2\/categories?post=54276"},{"taxonomy":"post_tag","embeddable":true,"href":"https:\/\/www.enerjigazetesi.ist\/en\/wp-json\/wp\/v2\/tags?post=54276"}],"curies":[{"name":"wp","href":"https:\/\/api.w.org\/{rel}","templated":true}]}}