{"id":54232,"date":"2016-06-17T11:27:39","date_gmt":"2016-06-17T08:27:39","guid":{"rendered":"https:\/\/www.enerjigazetesi.ist\/?p=54232"},"modified":"2016-06-17T23:48:25","modified_gmt":"2016-06-17T20:48:25","slug":"bulgaristan-da-hukumeti-yeni-nukleer-guc-kurulmasi-icin-hukumet-caba-harcayacak","status":"publish","type":"post","link":"https:\/\/www.enerjigazetesi.ist\/en\/bulgaristan-da-hukumeti-yeni-nukleer-guc-kurulmasi-icin-hukumet-caba-harcayacak\/","title":{"rendered":"(Turkish) Bulgaristan&#8217;da Yeni N\u00fckleer G\u00fc\u00e7 Kurulmas\u0131 \u0130\u00e7in H\u00fck\u00fcmet \u00c7aba Harcayacak&#8230;"},"content":{"rendered":"<p class=\"qtranxs-available-languages-message qtranxs-available-languages-message-en\">Sorry, this entry is only available in <a href=\"https:\/\/www.enerjigazetesi.ist\/tr\/wp-json\/wp\/v2\/posts\/54232\" class=\"qtranxs-available-language-link qtranxs-available-language-link-tr\" title=\"Turkish\">Turkish<\/a>. For the sake of viewer convenience, the content is shown below in the alternative language. You may click the link to switch the active language.<\/p><p><\/p>\n<p class=\"selectionShareable\" style=\"color: #0a0a0a;\"><strong>Varna\u2019da d\u00fczenlenen Bulgaristan N\u00fckleer enerjisi konulu uluslararas\u0131 konferansta Bulgarista<a href=\"https:\/\/www.enerjigazetesi.ist\/wp-content\/uploads\/2015\/10\/n\u00fckleer-santral-nss-23798329-696x385.jpg\"><img loading=\"lazy\" class=\"alignright size-medium wp-image-45217\" src=\"https:\/\/www.enerjigazetesi.ist\/wp-content\/uploads\/2015\/10\/n\u00fckleer-santral-nss-23798329-696x385-300x165.jpg\" alt=\"n\u00fckleer-santral-nss-23798329-696x385\" width=\"300\" height=\"165\" srcset=\"https:\/\/www.enerjigazetesi.ist\/wp-content\/uploads\/2015\/10\/n\u00fckleer-santral-nss-23798329-696x385-300x165.jpg 300w, https:\/\/www.enerjigazetesi.ist\/wp-content\/uploads\/2015\/10\/n\u00fckleer-santral-nss-23798329-696x385-500x276.jpg 500w, https:\/\/www.enerjigazetesi.ist\/wp-content\/uploads\/2015\/10\/n\u00fckleer-santral-nss-23798329-696x385-80x44.jpg 80w, https:\/\/www.enerjigazetesi.ist\/wp-content\/uploads\/2015\/10\/n\u00fckleer-santral-nss-23798329-696x385.jpg 696w\" sizes=\"(max-width: 300px) 100vw, 300px\" \/><\/a>n Enerji Bakan\u0131 Temenujka Petkova, h\u00fck\u00fcmetin yeni n\u00fckleer g\u00fcc\u00fcn\u00fcn kurulmas\u0131na y\u00f6nelik \u00e7abalar sarfedece\u011fini\u00a0belirtti.<\/strong><span id=\"more-81747\"><\/span><\/p>\n<p class=\"selectionShareable\" style=\"color: #0a0a0a;\">Petkova, bunun belirli ko\u015fullarda ger\u00e7ekle\u015ftirilece\u011fini ifade edilerek\u00a0projenin ger\u00e7ekle\u015ftirilmesi i\u00e7in iyi ekonomik oram\u0131n mevcut olmas\u0131 ve kamu finanslar\u0131n\u0131 k\u00f6t\u00fcle\u015ftirecek devlet garantileri ve taahh\u00fctleriyle \u00fclkemize y\u00fck olu\u015fturmamas\u0131 gerekti\u011fini\u00a0s\u00f6zlerine ekledi.<\/p>\n<p class=\"selectionShareable\" style=\"color: #0a0a0a;\">Bakan Petkova, b\u00f6yle bir proje i\u00e7in stratejik yat\u0131r\u0131mc\u0131n\u0131n varl\u0131\u011f\u0131n\u0131n son derece \u00f6nemli oldu\u011funun\u00a0vurgusunu da yapt\u0131.<\/p>\n<p><\/p>","protected":false},"excerpt":{"rendered":"<p>Sorry, this entry is only available in Turkish. For the sake of viewer convenience, the content is shown below in the alternative language. You may click the link to switch the active language. Varna\u2019da d\u00fczenlenen Bulgaristan N\u00fckleer enerjisi konulu uluslararas\u0131 konferansta Bulgaristan Enerji Bakan\u0131 Temenujka Petkova, h\u00fck\u00fcmetin yeni n\u00fckleer g\u00fcc\u00fcn\u00fcn kurulmas\u0131na y\u00f6nelik \u00e7abalar sarfedece\u011fini\u00a0belirtti. Petkova, [&hellip;]<\/p>\n","protected":false},"author":1,"featured_media":35649,"comment_status":"open","ping_status":"open","sticky":false,"template":"","format":"standard","meta":[],"categories":[53,43],"tags":[30242,30243,30244,63,67,1009,2698,165,1133,71,21,1134,25480,23614,2973,30245,30246],"views":732,"_links":{"self":[{"href":"https:\/\/www.enerjigazetesi.ist\/en\/wp-json\/wp\/v2\/posts\/54232"}],"collection":[{"href":"https:\/\/www.enerjigazetesi.ist\/en\/wp-json\/wp\/v2\/posts"}],"about":[{"href":"https:\/\/www.enerjigazetesi.ist\/en\/wp-json\/wp\/v2\/types\/post"}],"author":[{"embeddable":true,"href":"https:\/\/www.enerjigazetesi.ist\/en\/wp-json\/wp\/v2\/users\/1"}],"replies":[{"embeddable":true,"href":"https:\/\/www.enerjigazetesi.ist\/en\/wp-json\/wp\/v2\/comments?post=54232"}],"version-history":[{"count":2,"href":"https:\/\/www.enerjigazetesi.ist\/en\/wp-json\/wp\/v2\/posts\/54232\/revisions"}],"predecessor-version":[{"id":54279,"href":"https:\/\/www.enerjigazetesi.ist\/en\/wp-json\/wp\/v2\/posts\/54232\/revisions\/54279"}],"wp:featuredmedia":[{"embeddable":true,"href":"https:\/\/www.enerjigazetesi.ist\/en\/wp-json\/wp\/v2\/media\/35649"}],"wp:attachment":[{"href":"https:\/\/www.enerjigazetesi.ist\/en\/wp-json\/wp\/v2\/media?parent=54232"}],"wp:term":[{"taxonomy":"category","embeddable":true,"href":"https:\/\/www.enerjigazetesi.ist\/en\/wp-json\/wp\/v2\/categories?post=54232"},{"taxonomy":"post_tag","embeddable":true,"href":"https:\/\/www.enerjigazetesi.ist\/en\/wp-json\/wp\/v2\/tags?post=54232"}],"curies":[{"name":"wp","href":"https:\/\/api.w.org\/{rel}","templated":true}]}}