{"id":54195,"date":"2016-06-16T11:57:41","date_gmt":"2016-06-16T08:57:41","guid":{"rendered":"https:\/\/www.enerjigazetesi.ist\/?p=54195"},"modified":"2016-10-22T18:40:25","modified_gmt":"2016-10-22T15:40:25","slug":"gunes-ve-ruzgardan-elektrik-uretimi-gittikce-daha-da-ucuzlayacak","status":"publish","type":"post","link":"https:\/\/www.enerjigazetesi.ist\/en\/gunes-ve-ruzgardan-elektrik-uretimi-gittikce-daha-da-ucuzlayacak\/","title":{"rendered":"(Turkish) G\u00fcne\u015f ve R\u00fczgardan Elektrik \u00dcretimi Gittik\u00e7e Daha da Ucuzlayacak!"},"content":{"rendered":"<p class=\"qtranxs-available-languages-message qtranxs-available-languages-message-en\">Sorry, this entry is only available in <a href=\"https:\/\/www.enerjigazetesi.ist\/tr\/wp-json\/wp\/v2\/posts\/54195\" class=\"qtranxs-available-language-link qtranxs-available-language-link-tr\" title=\"Turkish\">Turkish<\/a>. For the sake of viewer convenience, the content is shown below in the alternative language. You may click the link to switch the active language.<\/p><p><\/p>\n<p class=\"selectionShareable\" style=\"color: #0a0a0a;\"><strong>Uluslararas\u0131 Yenilenebilir Enerji Ajans\u0131 raporu yay\u0131nland\u0131. Rapora g\u00f6re \u00a0k\u00fcresel anlamda g\u00fcne\u015f ve r\u00fczgardan \u00fcretilen elektrik enerjisinin maliyeti 2025 y\u0131l\u0131na kadar d\u00fc\u015f\u00fc\u015f\u00a0g\u00f6sterecek.<\/strong><span id=\"more-81739\"><\/span><\/p>\n<p class=\"selectionShareable\" style=\"color: #0a0a0a;\">Uluslararas\u0131 Yenilenebilir Enerji Ajans\u0131\u2019n\u0131n (IRENA) \u201cDe\u011fi\u015fimin G\u00fcc\u00fc: G\u00fcne\u015f ve R\u00fczgar Maliyet D\u00fc\u015f\u00fc\u015f Potansiyeli\u201d raporuna g\u00f6re,\u00a0do\u011fru reg\u00fclasyonlar\u0131n ve politikalar\u0131n uygulanmas\u0131yla, g\u00fcne\u015f ve r\u00fczgar teknolojilerinin maliyeti 2025 y\u0131l\u0131na kadar d\u00fc\u015f\u00fc\u015fe <a href=\"https:\/\/www.enerjigazetesi.ist\/wp-content\/uploads\/2015\/05\/6-ruzgar-ve-gunes-yenilenebilir-enerji-kongresi-16-haziranda-istanbulda.jpg\"><img loading=\"lazy\" class=\"alignleft size-medium wp-image-38905\" src=\"https:\/\/www.enerjigazetesi.ist\/wp-content\/uploads\/2015\/05\/6-ruzgar-ve-gunes-yenilenebilir-enerji-kongresi-16-haziranda-istanbulda-300x168.jpg\" alt=\"ruzgar-ve-gunes-yenilenebilir-enerji\" width=\"300\" height=\"168\" srcset=\"https:\/\/www.enerjigazetesi.ist\/wp-content\/uploads\/2015\/05\/6-ruzgar-ve-gunes-yenilenebilir-enerji-kongresi-16-haziranda-istanbulda-300x168.jpg 300w, https:\/\/www.enerjigazetesi.ist\/wp-content\/uploads\/2015\/05\/6-ruzgar-ve-gunes-yenilenebilir-enerji-kongresi-16-haziranda-istanbulda-500x281.jpg 500w, https:\/\/www.enerjigazetesi.ist\/wp-content\/uploads\/2015\/05\/6-ruzgar-ve-gunes-yenilenebilir-enerji-kongresi-16-haziranda-istanbulda-80x45.jpg 80w, https:\/\/www.enerjigazetesi.ist\/wp-content\/uploads\/2015\/05\/6-ruzgar-ve-gunes-yenilenebilir-enerji-kongresi-16-haziranda-istanbulda.jpg 620w\" sizes=\"(max-width: 300px) 100vw, 300px\" \/><\/a>devam edece\u011finin bilgisi yer ald\u0131.<\/p>\n<p class=\"selectionShareable\" style=\"color: #0a0a0a;\">Raporda yer alan analizde ise maliyetlerin 2025 y\u0131l\u0131na kadar, g\u00fcne\u015ften elektrik \u00fcretiminde y\u00fczde 59, a\u00e7\u0131k deniz r\u00fczgarda y\u00fczde 35, karasal r\u00fczgarda ise y\u00fczde 26 ucuzlayaca\u011f\u0131n\u0131 ve\u00a0b\u00f6ylece, 2025 y\u0131l\u0131nda g\u00fcne\u015f ve karasal r\u00fczgardan elektrik \u00fcretiminin kilovatsaat ba\u015f\u0131 maliyeti ortalama 5-6 dolar\/cent civar\u0131nda olaca\u011f\u0131n\u0131n vurgusu yap\u0131ld\u0131.<\/p>\n<p class=\"selectionShareable\" style=\"color: #0a0a0a;\">Raporda IRENA Direkt\u00f6r\u00fc Adnan Z. Amin\u2019in de yer verildi. Amin &#8221; Son y\u0131llarda temiz enerji maliyetlerinde ciddi d\u00fc\u015f\u00fc\u015f\u00fcn\u00a0ger\u00e7ekle\u015fmesinin\u00a0\u00f6nemine de de\u011finerek, \u201cG\u00fcne\u015f ve r\u00fczgar enerjisinin halen bir \u00e7ok b\u00f6lgede, en ucuz elektrik \u00fcretim y\u00f6ntemi oldu\u011funu da g\u00f6z \u00f6n\u00fcnde bulundurursak, bu d\u00fc\u015f\u00fc\u015f\u00fcn artarak devam etmesi k\u00fcresel yenilebilir enerji yat\u0131r\u0131mlar\u0131n\u0131 da art\u0131racakt\u0131r. &#8221; dedi. Ayr\u0131ca i\u015f d\u00fcnyas\u0131n\u0131n fosil yak\u0131tlardan yenilenebilir enerjiye d\u00f6n\u00fc\u015f\u00fcm\u00fc bu sayede h\u0131zlanaca\u011f\u0131n\u0131n ve g\u00fc\u00e7lenece\u011fininde\u00a0de\u011ferlendirmesinde bulundu.<\/p>\n<p><\/p>","protected":false},"excerpt":{"rendered":"<p>Sorry, this entry is only available in Turkish. For the sake of viewer convenience, the content is shown below in the alternative language. You may click the link to switch the active language. Uluslararas\u0131 Yenilenebilir Enerji Ajans\u0131 raporu yay\u0131nland\u0131. Rapora g\u00f6re \u00a0k\u00fcresel anlamda g\u00fcne\u015f ve r\u00fczgardan \u00fcretilen elektrik enerjisinin maliyeti 2025 y\u0131l\u0131na kadar d\u00fc\u015f\u00fc\u015f\u00a0g\u00f6sterecek. Uluslararas\u0131 [&hellip;]<\/p>\n","protected":false},"author":1,"featured_media":38905,"comment_status":"open","ping_status":"open","sticky":false,"template":"","format":"standard","meta":[],"categories":[51,53,49,50],"tags":[63,67,1009,2698,165,2326,227,13,2569,3386,474,69,16,231,3387],"views":842,"_links":{"self":[{"href":"https:\/\/www.enerjigazetesi.ist\/en\/wp-json\/wp\/v2\/posts\/54195"}],"collection":[{"href":"https:\/\/www.enerjigazetesi.ist\/en\/wp-json\/wp\/v2\/posts"}],"about":[{"href":"https:\/\/www.enerjigazetesi.ist\/en\/wp-json\/wp\/v2\/types\/post"}],"author":[{"embeddable":true,"href":"https:\/\/www.enerjigazetesi.ist\/en\/wp-json\/wp\/v2\/users\/1"}],"replies":[{"embeddable":true,"href":"https:\/\/www.enerjigazetesi.ist\/en\/wp-json\/wp\/v2\/comments?post=54195"}],"version-history":[{"count":4,"href":"https:\/\/www.enerjigazetesi.ist\/en\/wp-json\/wp\/v2\/posts\/54195\/revisions"}],"predecessor-version":[{"id":58361,"href":"https:\/\/www.enerjigazetesi.ist\/en\/wp-json\/wp\/v2\/posts\/54195\/revisions\/58361"}],"wp:featuredmedia":[{"embeddable":true,"href":"https:\/\/www.enerjigazetesi.ist\/en\/wp-json\/wp\/v2\/media\/38905"}],"wp:attachment":[{"href":"https:\/\/www.enerjigazetesi.ist\/en\/wp-json\/wp\/v2\/media?parent=54195"}],"wp:term":[{"taxonomy":"category","embeddable":true,"href":"https:\/\/www.enerjigazetesi.ist\/en\/wp-json\/wp\/v2\/categories?post=54195"},{"taxonomy":"post_tag","embeddable":true,"href":"https:\/\/www.enerjigazetesi.ist\/en\/wp-json\/wp\/v2\/tags?post=54195"}],"curies":[{"name":"wp","href":"https:\/\/api.w.org\/{rel}","templated":true}]}}