{"id":54171,"date":"2016-06-16T02:04:50","date_gmt":"2016-06-15T23:04:50","guid":{"rendered":"https:\/\/www.enerjigazetesi.ist\/?p=54171"},"modified":"2016-06-16T02:04:50","modified_gmt":"2016-06-15T23:04:50","slug":"gunes-enerjili-ucak-solar-impulse-2nin-yeni-rotasi-avrupa","status":"publish","type":"post","link":"https:\/\/www.enerjigazetesi.ist\/en\/gunes-enerjili-ucak-solar-impulse-2nin-yeni-rotasi-avrupa\/","title":{"rendered":"(Turkish) G\u00fcne\u015f Enerjili U\u00e7ak Solar Impulse 2&#8217;nin Yeni Rotas\u0131 Avrupa&#8230;"},"content":{"rendered":"<p class=\"qtranxs-available-languages-message qtranxs-available-languages-message-en\">Sorry, this entry is only available in <a href=\"https:\/\/www.enerjigazetesi.ist\/tr\/wp-json\/wp\/v2\/posts\/54171\" class=\"qtranxs-available-language-link qtranxs-available-language-link-tr\" title=\"Turkish\">Turkish<\/a>. For the sake of viewer convenience, the content is shown below in the alternative language. You may click the link to switch the active language.<\/p><p><\/p>\n<p class=\"selectionShareable\" style=\"color: #0a0a0a;\"><strong>G\u00fcne\u015f enerjisi ile d\u00fcnya turuna \u00e7\u0131kan u\u00e7ak \u2018Solar Impulse 2\u2019nin ekibi, Atlantik Okyanusu\u2019nu ge\u00e7mek i\u00e7in New York\u2019ta son haz\u0131rl\u0131klar\u0131n\u0131 yap\u0131yor.<\/strong><span id=\"more-81717\"><\/span><\/p>\n<p class=\"selectionShareable\" style=\"color: #0a0a0a;\">Temiz enerji kaynaklar\u0131na dikkati \u00e7ekmek amac\u0131yla d\u00fcnya turuna 5 Mart 2015\u2019te Abu Dabi\u2019den ba\u015flayan Solar Impulse 2, en \u00f6nemli parkurlar\u0131ndan bi<a href=\"https:\/\/www.enerjigazetesi.ist\/wp-content\/uploads\/2016\/06\/gunes-enerjili-ucak-solar-impulse-2nin-yeni-rotasi-avrupa.jpg\"><img loading=\"lazy\" class=\"alignleft size-medium wp-image-54172\" src=\"https:\/\/www.enerjigazetesi.ist\/wp-content\/uploads\/2016\/06\/gunes-enerjili-ucak-solar-impulse-2nin-yeni-rotasi-avrupa-300x200.jpg\" alt=\"gunes-enerjili-ucak-solar-impulse-2nin-yeni-rotasi-avrupa\" width=\"300\" height=\"200\" srcset=\"https:\/\/www.enerjigazetesi.ist\/wp-content\/uploads\/2016\/06\/gunes-enerjili-ucak-solar-impulse-2nin-yeni-rotasi-avrupa-300x200.jpg 300w, https:\/\/www.enerjigazetesi.ist\/wp-content\/uploads\/2016\/06\/gunes-enerjili-ucak-solar-impulse-2nin-yeni-rotasi-avrupa-1024x682.jpg 1024w, https:\/\/www.enerjigazetesi.ist\/wp-content\/uploads\/2016\/06\/gunes-enerjili-ucak-solar-impulse-2nin-yeni-rotasi-avrupa-500x333.jpg 500w, https:\/\/www.enerjigazetesi.ist\/wp-content\/uploads\/2016\/06\/gunes-enerjili-ucak-solar-impulse-2nin-yeni-rotasi-avrupa-75x50.jpg 75w, https:\/\/www.enerjigazetesi.ist\/wp-content\/uploads\/2016\/06\/gunes-enerjili-ucak-solar-impulse-2nin-yeni-rotasi-avrupa.jpg 1068w\" sizes=\"(max-width: 300px) 100vw, 300px\" \/><\/a>ri olan Atlantik Okyanusu\u2019nu ge\u00e7mek i\u00e7in New York\u2019ta g\u00fcn say\u0131yor. Proje \u00e7al\u0131\u015fanlar\u0131 New York JFK Havaliman\u0131\u2019nda u\u00e7u\u015f \u00f6ncesi hummal\u0131 bir haz\u0131rl\u0131k i\u00e7inde.<\/p>\n<p class=\"selectionShareable\" style=\"color: #0a0a0a;\">Hava \u015fartlar\u0131n\u0131n uygun olmas\u0131 halinde u\u00e7a\u011f\u0131n bir hafta i\u00e7inde hareket edece\u011fi ve yine hava durumuna g\u00f6re hedefin Avrupa olaca\u011f\u0131 kaydedildi.<\/p>\n<p class=\"selectionShareable\" style=\"color: #0a0a0a;\">Haz\u0131rl\u0131klar s\u0131ras\u0131nda BM Genel Sekreteri Ban Ki-mun da pilotlar\u0131 ve proje ekibini ziyaret ederek g\u00fcne\u015f enerjili u\u00e7ak projesinin, iklim de\u011fi\u015fikli\u011fi ile m\u00fccadele ve gezegenin gelece\u011fi i\u00e7in ta\u015f\u0131d\u0131\u011f\u0131 \u00f6nemi vurgulad\u0131.<\/p>\n<p class=\"selectionShareable\" style=\"color: #0a0a0a;\">U\u00e7a\u011f\u0131n iki pilot ve mucidinden biri olan Andre Borschberg, Ban Ki-mun\u2019un ziyaretinin ard\u0131ndan yapt\u0131\u011f\u0131 a\u00e7\u0131klamada, \u00f6zellikle 5 g\u00fcn 5 gece s\u00fcren Japonya \u2013 Hawaii etab\u0131nda ya\u015fad\u0131\u011f\u0131 zorluklar\u0131 anlatt\u0131.<\/p>\n<p class=\"selectionShareable\" style=\"color: #0a0a0a;\">Borschberg, \u2018Kokpitte ya\u015fam tamam\u0131yla farkl\u0131. Tabii ki yemek, i\u00e7mek ve dinlenmek zorunday\u0131z. 20 dakika uyuma s\u00fcresini enerji dengesi i\u00e7in gerekli g\u00f6rd\u00fck. Onun d\u0131\u015f\u0131nda deneysel bir u\u00e7u\u015f oldu\u011fu i\u00e7in u\u00e7a\u011f\u0131 kendi halinde b\u0131rakamad\u0131k.\u2019 dedi.<\/p>\n<p class=\"selectionShareable\" style=\"color: #0a0a0a;\">E\u015fi bir T\u00fcrk olan Borschberg, T\u00fcrk\u00e7e olarak \u2018Biraz T\u00fcrk\u00e7e biliyorum.\u2019 dedi.<\/p>\n<p class=\"selectionShareable\" style=\"color: #0a0a0a;\">\u0130ki pilot d\u00f6n\u00fc\u015f\u00fcml\u00fc olarak kulland\u0131klar\u0131 Solar Impulse 2 ile Mart 2015\u2019ten bu bug\u00fcne kadar 14 etapta yakla\u015f\u0131k 30 bin kilometre yol yapt\u0131lar. 400 saat civar\u0131nda havada kald\u0131lar.<\/p>\n<p class=\"selectionShareable\" style=\"color: #0a0a0a;\">Solar Impulse 2, turunu tamamlayabilirse d\u00fcnyan\u0131n \u00e7evresini sadece g\u00fcne\u015f enerjisi kullanarak kateden ilk u\u00e7ak, u\u00e7a\u011f\u0131n mucidi ve pilotlar\u0131 Bertrand Piccard ve Andre Borschberg de d\u00fcnyan\u0131n \u00e7evresini g\u00fcne\u015f enerjisiyle dola\u015fan ilk insanlar olarak tarihe ge\u00e7ecek.<\/p>\n<p class=\"selectionShareable\" style=\"color: #0a0a0a;\">Kaynak: Enerji Enstit\u00fcs\u00fc<\/p>\n<p><\/p>","protected":false},"excerpt":{"rendered":"<p>Sorry, this entry is only available in Turkish. For the sake of viewer convenience, the content is shown below in the alternative language. You may click the link to switch the active language. G\u00fcne\u015f enerjisi ile d\u00fcnya turuna \u00e7\u0131kan u\u00e7ak \u2018Solar Impulse 2\u2019nin ekibi, Atlantik Okyanusu\u2019nu ge\u00e7mek i\u00e7in New York\u2019ta son haz\u0131rl\u0131klar\u0131n\u0131 yap\u0131yor. Temiz enerji [&hellip;]<\/p>\n","protected":false},"author":1,"featured_media":54172,"comment_status":"open","ping_status":"open","sticky":false,"template":"","format":"standard","meta":[],"categories":[53,49],"tags":[15681,1964,30216,63,67,1009,2698,165,227,1628,13,14228],"views":1442,"_links":{"self":[{"href":"https:\/\/www.enerjigazetesi.ist\/en\/wp-json\/wp\/v2\/posts\/54171"}],"collection":[{"href":"https:\/\/www.enerjigazetesi.ist\/en\/wp-json\/wp\/v2\/posts"}],"about":[{"href":"https:\/\/www.enerjigazetesi.ist\/en\/wp-json\/wp\/v2\/types\/post"}],"author":[{"embeddable":true,"href":"https:\/\/www.enerjigazetesi.ist\/en\/wp-json\/wp\/v2\/users\/1"}],"replies":[{"embeddable":true,"href":"https:\/\/www.enerjigazetesi.ist\/en\/wp-json\/wp\/v2\/comments?post=54171"}],"version-history":[{"count":1,"href":"https:\/\/www.enerjigazetesi.ist\/en\/wp-json\/wp\/v2\/posts\/54171\/revisions"}],"predecessor-version":[{"id":54173,"href":"https:\/\/www.enerjigazetesi.ist\/en\/wp-json\/wp\/v2\/posts\/54171\/revisions\/54173"}],"wp:featuredmedia":[{"embeddable":true,"href":"https:\/\/www.enerjigazetesi.ist\/en\/wp-json\/wp\/v2\/media\/54172"}],"wp:attachment":[{"href":"https:\/\/www.enerjigazetesi.ist\/en\/wp-json\/wp\/v2\/media?parent=54171"}],"wp:term":[{"taxonomy":"category","embeddable":true,"href":"https:\/\/www.enerjigazetesi.ist\/en\/wp-json\/wp\/v2\/categories?post=54171"},{"taxonomy":"post_tag","embeddable":true,"href":"https:\/\/www.enerjigazetesi.ist\/en\/wp-json\/wp\/v2\/tags?post=54171"}],"curies":[{"name":"wp","href":"https:\/\/api.w.org\/{rel}","templated":true}]}}