{"id":54129,"date":"2016-06-15T00:04:30","date_gmt":"2016-06-14T21:04:30","guid":{"rendered":"https:\/\/www.enerjigazetesi.ist\/?p=54129"},"modified":"2016-06-15T00:07:00","modified_gmt":"2016-06-14T21:07:00","slug":"ruzgarda-kurulu-gucumuz-yil-sonunda-6-bin-megavata-ulasacak","status":"publish","type":"post","link":"https:\/\/www.enerjigazetesi.ist\/en\/ruzgarda-kurulu-gucumuz-yil-sonunda-6-bin-megavata-ulasacak\/","title":{"rendered":"(Turkish) R\u00fczgar&#8217;da Kurulu G\u00fcc\u00fcm\u00fcz Y\u0131l Sonunda 6 Bin Megavata Ula\u015facak&#8230;"},"content":{"rendered":"<p class=\"qtranxs-available-languages-message qtranxs-available-languages-message-en\">Sorry, this entry is only available in <a href=\"https:\/\/www.enerjigazetesi.ist\/tr\/wp-json\/wp\/v2\/posts\/54129\" class=\"qtranxs-available-language-link qtranxs-available-language-link-tr\" title=\"Turkish\">Turkish<\/a>. For the sake of viewer convenience, the content is shown below in the alternative language. You may click the link to switch the active language.<\/p><p><strong>T\u00fcrkiye R\u00fczgar Enerjisi Birli\u011fi (T\u00dcREB) Y\u00f6netim Kurulu Ba\u015fkan\u0131 Mustafa Serdar Ataseven, r\u00fczgar enerjisinin 2005 y\u0131l\u0131ndan sonra h\u0131zl\u0131 geli\u015fme g\u00f6sterdi\u011fini belirterek, \u201c\u0130n\u015faat halindeki r\u00fczgar santralleri, T\u00fcrkiye\u2019de bu y\u0131l sonunda sekt\u00f6rdeki kurulu g\u00fcc\u00fcn 4 bin 762\u2019den 6 bin megavata ula\u015faca\u011f\u0131n\u0131 g\u00f6steriyor.\u201d dedi.<\/strong><\/p>\n<p>Ataseven, 15 Haziran D\u00fc<a href=\"https:\/\/www.enerjigazetesi.ist\/wp-content\/uploads\/2016\/06\/ruzgarda-kurulu-gucumuz-yil-sonunda-6-bin-megavata-olacak.jpg\"><img loading=\"lazy\" class=\"alignleft size-medium wp-image-54130\" src=\"https:\/\/www.enerjigazetesi.ist\/wp-content\/uploads\/2016\/06\/ruzgarda-kurulu-gucumuz-yil-sonunda-6-bin-megavata-olacak-300x198.jpg\" alt=\"ruzgarda-kurulu-gucumuz-yil-sonunda-6-bin-megavata-olacak\" width=\"300\" height=\"198\" srcset=\"https:\/\/www.enerjigazetesi.ist\/wp-content\/uploads\/2016\/06\/ruzgarda-kurulu-gucumuz-yil-sonunda-6-bin-megavata-olacak-300x198.jpg 300w, https:\/\/www.enerjigazetesi.ist\/wp-content\/uploads\/2016\/06\/ruzgarda-kurulu-gucumuz-yil-sonunda-6-bin-megavata-olacak-1024x678.jpg 1024w, https:\/\/www.enerjigazetesi.ist\/wp-content\/uploads\/2016\/06\/ruzgarda-kurulu-gucumuz-yil-sonunda-6-bin-megavata-olacak-500x331.jpg 500w, https:\/\/www.enerjigazetesi.ist\/wp-content\/uploads\/2016\/06\/ruzgarda-kurulu-gucumuz-yil-sonunda-6-bin-megavata-olacak-75x50.jpg 75w, https:\/\/www.enerjigazetesi.ist\/wp-content\/uploads\/2016\/06\/ruzgarda-kurulu-gucumuz-yil-sonunda-6-bin-megavata-olacak.jpg 1068w\" sizes=\"(max-width: 300px) 100vw, 300px\" \/><\/a>nya R\u00fczgar G\u00fcn\u00fc dolay\u0131s\u0131yla yapt\u0131\u011f\u0131 a\u00e7\u0131klamada, T\u00fcrkiye\u2019nin r\u00fczgar enerjisi potansiyelini ve son mevzuat de\u011fi\u015fikliklerininin etkisini de\u011ferlendirdi.<\/p>\n<p>T\u00fcrkiye Elektrik \u0130letim A\u015e\u2019nin (TE\u0130A\u015e) her y\u0131l a\u00e7\u0131klad\u0131\u011f\u0131 kapasitenin \u00fclkede s\u00fcrd\u00fcr\u00fclebilir bir r\u00fczgar sekt\u00f6r\u00fcne i\u015faret etti\u011fini vurgulayan Ataseven, \u201cEkim ay\u0131nda yeni lisans ba\u015fvurular\u0131 al\u0131nacak ve r\u00fczgar enerjisinde b\u00fcy\u00fcme devam edecek. T\u00fcrkiye\u2019nin r\u00fczgar verimlili\u011fi ile ilgili verileri ve potansiyeli cezbedici. \u0130n\u015faat halindeki r\u00fczgar santralleri, T\u00fcrkiye\u2019de bu y\u0131l sonunda sekt\u00f6rdeki kurulu g\u00fcc\u00fcn 6 bin megavata ula\u015faca\u011f\u0131n\u0131 g\u00f6steriyor. Kurulu g\u00fc\u00e7 az g\u00f6r\u00fcnse bile son 10 y\u0131ll\u0131k ilerleyi\u015fe bakt\u0131\u011f\u0131m\u0131zda alk\u0131\u015fa de\u011fer bir durum var.\u201d ifadelerini kulland\u0131.<\/p>\n<p><strong>YEKDEM\u2019de ilk etki ay sonunda<\/strong><\/p>\n<p>Son d\u00f6nemdeki mevzuat de\u011fi\u015fiklikleriyle ilgili de Ataseven, \u201cNe yaz\u0131k ki bu d\u00fczenlemeler r\u00fczgar sekt\u00f6r\u00fcn\u00fc tedirgin etti. Hem yerli katk\u0131 ile ilgili yay\u0131nlanan taslak y\u00f6netmelik, hem de Yenilenebilir Enerji Kaynaklar\u0131 Destekleme Mekanizmas\u0131(YEKDEM) ile ilgili d\u00fczenlemeler piyasalarda sert bir hava esmesine neden oldu. YEKDEM de\u011fi\u015fikli\u011finde ilk etkiler bu ay sonu ortaya \u00e7\u0131kmaya ba\u015flar. Umar\u0131z, uzun vadedeki yat\u0131r\u0131mlar\u0131n etkilenmeyece\u011fi bir \u00e7\u00f6z\u00fcme ula\u015fabiliriz.\u201d de\u011ferlendirmesinde bulundu.<\/p>\n<p>Resmi Gazate\u2019nin 29 Nisan tarihli say\u0131s\u0131nda yay\u0131mlanarak 1 May\u0131s\u2019ta y\u00fcr\u00fcrl\u00fc\u011fe giren YEKDEM d\u00fczenlemesinin, yat\u0131r\u0131mc\u0131lar\u0131n haz\u0131rlanmas\u0131n\u0131 sa\u011flayacak yeterli s\u00fcreyi i\u00e7ermedi\u011fini belirten Ataseven, \u201cBu kadar k\u0131sa s\u00fcrede do\u011fru tahmin yapmay\u0131 \u00f6\u011frenmek m\u00fcmk\u00fcn de\u011fil. Elbette g\u00fcn \u00f6ncesi tahminlere ihtiya\u00e7 var.\u201d diye konu\u015ftu.<\/p>\n<p>Ataseven, YEKDEM de\u011fi\u015fikli\u011fi i\u00e7in 6 ayl\u0131k haz\u0131rl\u0131k d\u00f6nemine ihtiya\u00e7 duyuldu\u011funu ve santrallerin ya\u015f\u0131na g\u00f6re sapma miktarlar\u0131n\u0131n yeniden g\u00f6zden ge\u00e7irilmesi gerekti\u011fini belirterek, konuyla ilgili olu\u015fturulan komisyonun, en k\u0131sa zamanda \u00e7\u00f6z\u00fcm \u00f6nerilerini i\u00e7eren raporunu Enerji Piyasas\u0131 D\u00fczenleme Kurumu\u2019na (EPDK) yaz\u0131l\u0131 sunaca\u011f\u0131n\u0131 s\u00f6yledi.<\/p>\n<p>Kaynak: Enerji Enstit\u00fcs\u00fc<\/p>","protected":false},"excerpt":{"rendered":"<p>Sorry, this entry is only available in Turkish. For the sake of viewer convenience, the content is shown below in the alternative language. You may click the link to switch the active language.T\u00fcrkiye R\u00fczgar Enerjisi Birli\u011fi (T\u00dcREB) Y\u00f6netim Kurulu Ba\u015fkan\u0131 Mustafa Serdar Ataseven, r\u00fczgar enerjisinin 2005 y\u0131l\u0131ndan sonra h\u0131zl\u0131 geli\u015fme g\u00f6sterdi\u011fini belirterek, \u201c\u0130n\u015faat halindeki r\u00fczgar [&hellip;]<\/p>\n","protected":false},"author":1,"featured_media":54130,"comment_status":"open","ping_status":"open","sticky":false,"template":"","format":"standard","meta":[],"categories":[53,50],"tags":[63,67,1009,2698,165,750,1663,69,16,23318,22615,4784,1582,1682,22184,3390,8275,19580],"views":1227,"_links":{"self":[{"href":"https:\/\/www.enerjigazetesi.ist\/en\/wp-json\/wp\/v2\/posts\/54129"}],"collection":[{"href":"https:\/\/www.enerjigazetesi.ist\/en\/wp-json\/wp\/v2\/posts"}],"about":[{"href":"https:\/\/www.enerjigazetesi.ist\/en\/wp-json\/wp\/v2\/types\/post"}],"author":[{"embeddable":true,"href":"https:\/\/www.enerjigazetesi.ist\/en\/wp-json\/wp\/v2\/users\/1"}],"replies":[{"embeddable":true,"href":"https:\/\/www.enerjigazetesi.ist\/en\/wp-json\/wp\/v2\/comments?post=54129"}],"version-history":[{"count":5,"href":"https:\/\/www.enerjigazetesi.ist\/en\/wp-json\/wp\/v2\/posts\/54129\/revisions"}],"predecessor-version":[{"id":54135,"href":"https:\/\/www.enerjigazetesi.ist\/en\/wp-json\/wp\/v2\/posts\/54129\/revisions\/54135"}],"wp:featuredmedia":[{"embeddable":true,"href":"https:\/\/www.enerjigazetesi.ist\/en\/wp-json\/wp\/v2\/media\/54130"}],"wp:attachment":[{"href":"https:\/\/www.enerjigazetesi.ist\/en\/wp-json\/wp\/v2\/media?parent=54129"}],"wp:term":[{"taxonomy":"category","embeddable":true,"href":"https:\/\/www.enerjigazetesi.ist\/en\/wp-json\/wp\/v2\/categories?post=54129"},{"taxonomy":"post_tag","embeddable":true,"href":"https:\/\/www.enerjigazetesi.ist\/en\/wp-json\/wp\/v2\/tags?post=54129"}],"curies":[{"name":"wp","href":"https:\/\/api.w.org\/{rel}","templated":true}]}}