{"id":54075,"date":"2016-06-14T11:11:58","date_gmt":"2016-06-14T08:11:58","guid":{"rendered":"https:\/\/www.enerjigazetesi.ist\/?p=54075"},"modified":"2016-06-14T11:11:58","modified_gmt":"2016-06-14T08:11:58","slug":"1-5-liraya-ihrac-edilen-benzin-vatandasa-4-5-liraya-satiliyor","status":"publish","type":"post","link":"https:\/\/www.enerjigazetesi.ist\/en\/1-5-liraya-ihrac-edilen-benzin-vatandasa-4-5-liraya-satiliyor\/","title":{"rendered":"(Turkish) 1.5 Liraya \u0130hra\u00e7 Edilen Benzin Vatanda\u015fa 4.5 Liraya Sat\u0131l\u0131yor!"},"content":{"rendered":"<p class=\"qtranxs-available-languages-message qtranxs-available-languages-message-en\">Sorry, this entry is only available in <a href=\"https:\/\/www.enerjigazetesi.ist\/tr\/wp-json\/wp\/v2\/posts\/54075\" class=\"qtranxs-available-language-link qtranxs-available-language-link-tr\" title=\"Turkish\">Turkish<\/a>. For the sake of viewer convenience, the content is shown below in the alternative language. You may click the link to switch the active language.<\/p><p><\/p>\n<p class=\"selectionShareable\" style=\"color: #0a0a0a;\"><strong>Esnaf, 1.5 liraya benzin ihra\u00e7 eden\u00a0T\u00fcrkiye\u2019nin esnafa 4.5 TL\u2019den benzin satmas\u0131na tepki g\u00f6sterdi. Esnaf, gemilere sa\u011flanan s\u0131f\u0131r \u00d6TV\u2019li yak\u0131t imkan\u0131n\u0131n kendileri i\u00e7in de uygulanmas\u0131n\u0131 istiyor.<\/strong><span id=\"more-81676\"><\/span><\/p>\n<p class=\"selectionShareable\" style=\"color: #0a0a0a;\">T\u00fcrkiye Esnaf ve Sanatkarlar Konfederasyonu (TESK) Genel Ba\u015fkan\u0131 Bendevi Paland\u00f6ken, benzin ve m<a href=\"https:\/\/www.enerjigazetesi.ist\/wp-content\/uploads\/2015\/06\/akaryakit-fiyatlari-bir-yilda-82-defa-degisti.jpeg\"><img loading=\"lazy\" class=\"alignright  wp-image-40457\" src=\"https:\/\/www.enerjigazetesi.ist\/wp-content\/uploads\/2015\/06\/akaryakit-fiyatlari-bir-yilda-82-defa-degisti-300x127.jpeg\" alt=\"akaryakit-fiyatlari-bir-yilda-82-defa-degisti\" width=\"300\" height=\"177\" \/><\/a>otorin fiyatlar\u0131n\u0131n yeterince indirilmemesinin \u015fof\u00f6r ve nakliyeci esnaf\u0131n\u0131n belini b\u00fckt\u00fc\u011f\u00fcn\u00fc belirtti. Petrol fiyatlar\u0131ndaki d\u00fc\u015f\u00fc\u015fe ra\u011fmenT\u00fcrkiye\u2019de akaryak\u0131t fiyatlar\u0131n\u0131n y\u00fcksekli\u011finin ta\u015f\u0131mac\u0131 esnaf\u0131n\u0131 zor durumda b\u0131rakt\u0131\u011f\u0131n\u0131 ifade etti.<\/p>\n<p class=\"selectionShareable\" style=\"color: #0a0a0a;\"><strong>SIFIR \u00d6TV \u0130LE VER\u0130LS\u0130N<\/strong><\/p>\n<p class=\"selectionShareable\" style=\"color: #0a0a0a;\">Ta\u015f\u0131mac\u0131 ve nakliyeci esnaf\u0131n maliyetlerinin artt\u0131\u011f\u0131n\u0131 hat\u0131rlatan Paland\u00f6ken, \u201cNas\u0131l yat\u00e7\u0131lara s\u0131f\u0131r \u20180\u2032 \u00d6TV ile yak\u0131t veriliyorsa, \u015fof\u00f6r esnaf\u0131m\u0131zda biraz nefes ald\u0131racak d\u00fc\u015f\u00fck vergili ucuz akaryak\u0131t istiyor. Yoksa \u015fof\u00f6r ve nakliyeci esnaf\u0131m\u0131z eve ekmek g\u00f6t\u00fcremeyecek duruma geldi\u201d dedi.<\/p>\n<p class=\"selectionShareable\" style=\"color: #0a0a0a;\"><strong>Y\u00dcZDE 65 VERG\u0130 \u00d6D\u00dcYORUZ<\/strong><\/p>\n<p class=\"selectionShareable\" style=\"color: #0a0a0a;\">Benzinin litre fiyat\u0131n\u0131n 4,51 TL oldu\u011funu hat\u0131rlatan Paland\u00f6ken, \u201cBenzin ve motorine yap\u0131lan son zamlar ta\u015f\u0131mac\u0131 ve nakliyeci esnaf\u0131m\u0131z\u0131 zor durumda b\u0131rak\u0131yor.<\/p>\n<p class=\"selectionShareable\" style=\"color: #0a0a0a;\">Yurti\u00e7inde kullan\u0131lan benzin miktar\u0131 kadar yurtd\u0131\u015f\u0131na litresi 1,5 liradan benzinihra\u00e7 ediyoruz. D\u00fcnyan\u0131n en pahal\u0131 akaryak\u0131t\u0131n\u0131 biz kullan\u0131yoruz. H\u00e2lbuki bir litrebenzin \u00fczerinde y\u00fczde 65 \u00d6TV-KDV pay\u0131, y\u00fczde 13,3 oran\u0131nda da da\u011f\u0131t\u0131c\u0131, bayi pay\u0131 var. Fiyatlara zam yapmak yerine vergiler d\u00fc\u015f\u00fcr\u00fclerek ta\u015f\u0131mac\u0131 esnaf\u0131na ucuz akaryak\u0131t verilmesini istiyoruz\u201d diye konu\u015ftu.<\/p>\n<p class=\"selectionShareable\" style=\"color: #0a0a0a;\"><strong>TA\u015eIMA MAL\u0130YET\u0130 UCUZLARSA GIDA F\u0130YATLARI DA D\u00dc\u015eER<\/strong><\/p>\n<p class=\"selectionShareable\" style=\"color: #0a0a0a;\">Esnaf\u0131n y\u00fcklendi\u011fi maliyetlerin de \u00e7ok oldu\u011funu dile getiren Paland\u00f6ken, \u201cMaliyetlerin h\u0131zla artt\u0131\u011f\u0131 bir ortamda \u015fof\u00f6r esnaf\u0131m\u0131z\u0131n \u00f6demek zorunda oldu\u011fu gelir vergisi, motorlu ta\u015f\u0131tlar vergisi, katma de\u011fer vergisi, \u00f6zel t\u00fcketim vergisi, zorunlu trafik sigorta primleri d\u00fc\u015f\u00fcn\u00fcld\u00fc\u011f\u00fcnde, gece g\u00fcnd\u00fcz yollarda direksiyon sallayan nakliyeci esnaf\u0131n\u0131n mesleki faaliyetini s\u00fcrd\u00fcrmekte ne kadar zorland\u0131\u011f\u0131 a\u015fikard\u0131r. Ba\u015fka \u00fclkelerde ticaret ama\u00e7l\u0131 kullan\u0131lan ucuz motorin imk\u00e2n\u0131 bizde de olmal\u0131d\u0131r. Ta\u015f\u0131ma maliyetleri d\u00fc\u015ft\u00fc\u011f\u00fcnde vatanda\u015f\u0131n yedi\u011fi i\u00e7ti\u011finin de fiyatlar\u0131 d\u00fc\u015fecek, daha ucuza alabilecektir\u201d diye konu\u015ftu.<\/p>\n<p class=\"selectionShareable\" style=\"color: #0a0a0a;\"><strong>EN B\u00dcY\u00dcK MAL\u0130YET MAZOT<\/strong><\/p>\n<p class=\"selectionShareable\" style=\"color: #0a0a0a;\">Ta\u015f\u0131mac\u0131 esnaf\u0131n\u0131n en b\u00fcy\u00fck maliyetinin motorin oldu\u011funu s\u00f6yleyen Paland\u00f6ken, \u201cMazot fiyatlar\u0131yla ba\u015f edecek durumumuz kalmad\u0131. Ta\u015f\u0131mac\u0131l\u0131k faaliyeti ile u\u011fra\u015fan bir esnaf\u0131n bu fiyatlarla para kazanmas\u0131 \u00e7ok zor. Kazanc\u0131m\u0131z\u0131 yak\u0131t ve yedek par\u00e7aya veriyoruz. Mazotun litre fiyat\u0131 2016 Haziran ay\u0131nda 3,90 TL\u2019den sat\u0131l\u0131yor. \u00dclkede mazot kullan\u0131m\u0131 artt\u0131k\u00e7a mazota yap\u0131lan zamlarda art\u0131yor\u201d dedi.<\/p>\n<p class=\"selectionShareable\" style=\"color: #0a0a0a;\">Kaynak: Enerji Enstit\u00fcs\u00fc<\/p>\n<p><\/p>","protected":false},"excerpt":{"rendered":"<p>Sorry, this entry is only available in Turkish. For the sake of viewer convenience, the content is shown below in the alternative language. You may click the link to switch the active language. Esnaf, 1.5 liraya benzin ihra\u00e7 eden\u00a0T\u00fcrkiye\u2019nin esnafa 4.5 TL\u2019den benzin satmas\u0131na tepki g\u00f6sterdi. Esnaf, gemilere sa\u011flanan s\u0131f\u0131r \u00d6TV\u2019li yak\u0131t imkan\u0131n\u0131n kendileri i\u00e7in [&hellip;]<\/p>\n","protected":false},"author":1,"featured_media":40457,"comment_status":"open","ping_status":"open","sticky":false,"template":"","format":"standard","meta":[],"categories":[53,44],"tags":[7260,2142,63,67,1009,2698,165,30198,2279,59,79,347,2388,887,2522,30199,7259,25309],"views":915,"_links":{"self":[{"href":"https:\/\/www.enerjigazetesi.ist\/en\/wp-json\/wp\/v2\/posts\/54075"}],"collection":[{"href":"https:\/\/www.enerjigazetesi.ist\/en\/wp-json\/wp\/v2\/posts"}],"about":[{"href":"https:\/\/www.enerjigazetesi.ist\/en\/wp-json\/wp\/v2\/types\/post"}],"author":[{"embeddable":true,"href":"https:\/\/www.enerjigazetesi.ist\/en\/wp-json\/wp\/v2\/users\/1"}],"replies":[{"embeddable":true,"href":"https:\/\/www.enerjigazetesi.ist\/en\/wp-json\/wp\/v2\/comments?post=54075"}],"version-history":[{"count":1,"href":"https:\/\/www.enerjigazetesi.ist\/en\/wp-json\/wp\/v2\/posts\/54075\/revisions"}],"predecessor-version":[{"id":54076,"href":"https:\/\/www.enerjigazetesi.ist\/en\/wp-json\/wp\/v2\/posts\/54075\/revisions\/54076"}],"wp:featuredmedia":[{"embeddable":true,"href":"https:\/\/www.enerjigazetesi.ist\/en\/wp-json\/wp\/v2\/media\/40457"}],"wp:attachment":[{"href":"https:\/\/www.enerjigazetesi.ist\/en\/wp-json\/wp\/v2\/media?parent=54075"}],"wp:term":[{"taxonomy":"category","embeddable":true,"href":"https:\/\/www.enerjigazetesi.ist\/en\/wp-json\/wp\/v2\/categories?post=54075"},{"taxonomy":"post_tag","embeddable":true,"href":"https:\/\/www.enerjigazetesi.ist\/en\/wp-json\/wp\/v2\/tags?post=54075"}],"curies":[{"name":"wp","href":"https:\/\/api.w.org\/{rel}","templated":true}]}}