{"id":54068,"date":"2016-06-14T10:56:36","date_gmt":"2016-06-14T07:56:36","guid":{"rendered":"https:\/\/www.enerjigazetesi.ist\/?p=54068"},"modified":"2016-06-14T10:57:00","modified_gmt":"2016-06-14T07:57:00","slug":"cinde-komur-uretimi-bir-onceki-yila-gore-yuzde-15-5-dustu","status":"publish","type":"post","link":"https:\/\/www.enerjigazetesi.ist\/en\/cinde-komur-uretimi-bir-onceki-yila-gore-yuzde-15-5-dustu\/","title":{"rendered":"(Turkish) \u00c7in&#8217;de K\u00f6m\u00fcr \u00dcretimi Bir \u00d6nceki Y\u0131la G\u00f6re Y\u00fczde 15.5 D\u00fc\u015ft\u00fc&#8230;"},"content":{"rendered":"<p class=\"qtranxs-available-languages-message qtranxs-available-languages-message-en\">Sorry, this entry is only available in <a href=\"https:\/\/www.enerjigazetesi.ist\/tr\/wp-json\/wp\/v2\/posts\/54068\" class=\"qtranxs-available-language-link qtranxs-available-language-link-tr\" title=\"Turkish\">Turkish<\/a>. For the sake of viewer convenience, the content is shown below in the alternative language. You may click the link to switch the active language.<\/p><p><\/p>\n<p class=\"selectionShareable\" style=\"color: #0a0a0a;\"><strong>\u00c7in\u2019deki k\u00f6m\u00fcr \u00fcretimi May\u0131s 2016, bir \u00f6nceki y\u0131l\u0131n May\u0131s ayina g\u00f6re y\u00fczde 15.5, Ocak \u2013 May\u0131s 2016 aras\u0131ndaki ise bir \u00f6nceki y\u0131l\u0131n ayn\u0131 d\u00f6nemine g\u00f6re y\u00fczde 8.4 d\u00fc\u015ft\u00fc. Bu d\u00fc\u015f\u00fc\u015f, 2015 y\u0131l\u0131ndaki verilerin iki kat\u0131 olarak ger\u00e7ekle\u015fti.<\/strong><\/p>\n<p class=\"selectionShareable\" style=\"color: #0a0a0a;\"><span id=\"more-81659\"><\/span>D\u00fcnya\u2019daki k\u00f6m\u00fcr\u00fcn yar\u0131s\u0131n\u0131 \u00fcretip t\u00fcketen \u00c7in\u2019deki bu geli\u015fmeler, k\u00fcresel d\u00fczeyde k\u00f6m\u00fcrdeki geril<a href=\"https:\/\/www.enerjigazetesi.ist\/wp-content\/uploads\/2016\/06\/cinde-komur-uretimi-onceki-yila-gore-yuzde-15-5-dustu.jpg\"><img loading=\"lazy\" class=\"alignright size-medium wp-image-54069\" src=\"https:\/\/www.enerjigazetesi.ist\/wp-content\/uploads\/2016\/06\/cinde-komur-uretimi-onceki-yila-gore-yuzde-15-5-dustu-300x199.jpg\" alt=\"Qinhuangdao Coal Port in China\" width=\"300\" height=\"199\" srcset=\"https:\/\/www.enerjigazetesi.ist\/wp-content\/uploads\/2016\/06\/cinde-komur-uretimi-onceki-yila-gore-yuzde-15-5-dustu-300x199.jpg 300w, https:\/\/www.enerjigazetesi.ist\/wp-content\/uploads\/2016\/06\/cinde-komur-uretimi-onceki-yila-gore-yuzde-15-5-dustu-1024x681.jpg 1024w, https:\/\/www.enerjigazetesi.ist\/wp-content\/uploads\/2016\/06\/cinde-komur-uretimi-onceki-yila-gore-yuzde-15-5-dustu-500x332.jpg 500w, https:\/\/www.enerjigazetesi.ist\/wp-content\/uploads\/2016\/06\/cinde-komur-uretimi-onceki-yila-gore-yuzde-15-5-dustu-75x50.jpg 75w, https:\/\/www.enerjigazetesi.ist\/wp-content\/uploads\/2016\/06\/cinde-komur-uretimi-onceki-yila-gore-yuzde-15-5-dustu.jpg 1068w\" sizes=\"(max-width: 300px) 100vw, 300px\" \/><\/a>emenin devam etti\u011fini g\u00f6steriyor.<\/p>\n<p class=\"selectionShareable\" style=\"color: #0a0a0a;\">Enerji Ekonomisi ve Finansal Analiz Enstit\u00fcs\u00fc (IEEFA)\u2019dan Enerji Finansman\u0131 Y\u00f6neticisi Tim Buckley \u201c\u00c7in elektrik \u00fcretim sekt\u00f6r\u00fcn\u00fcn d\u00f6n\u00fc\u015f\u00fcm\u00fc giderek h\u0131zlanarak devam ediyor. \u00c7in, d\u00fcnyada kimsenin tahmin edemedi\u011fi bir h\u0131zda k\u00f6m\u00fcrden vazge\u00e7iyor. \u00c7in\u2019de k\u00f6m\u00fcr t\u00fcketimi giderek azal\u0131yor. Ayr\u0131ca, ekonomik b\u00fcy\u00fcme elektrik talebinden daha h\u0131zl\u0131 art\u0131yor\u201d Diyor.<br \/>\n\u00c7in Ulusal \u0130statistik B\u00fcrosu\u2019nun yay\u0131nlad\u0131\u011f\u0131 rapora g\u00f6re, Ocak \u2013 May\u0131s 2016 tarihleri aras\u0131nda, sanayi \u00fcretimi %5.9 artarken, elektrik \u00fcretimi ise sadece % 0.9 artt\u0131 (i). Bu, Ekonomik faaliyetler ile elektrik \u00fcretimi aras\u0131ndaki paralel ili\u015fkinin ortadan kalkt\u0131\u011f\u0131n\u0131n g\u00f6stergesi. 2014\u2019ten beri ekonomi ile elektrik \u00fcretimi aras\u0131ndaki ili\u015fki giderek ayr\u0131\u015f\u0131yor.<\/p>\n<p class=\"selectionShareable\" style=\"color: #0a0a0a;\">\u0130lgili d\u00f6nemde elektrik \u00fcretimi y\u00fczde 0.9 artarken, termik santrallerden \u00fcretilen elektrik ise y\u00fczde 3.6 d\u00fc\u015ft\u00fc. \u00c7in\u2019de elektrik \u00fcretiminde talep art\u0131\u015f\u0131 g\u00f6r\u00fclm\u00fcyor, ancak \u00c7in her ge\u00e7en g\u00fcn daha az k\u00f6m\u00fcrl\u00fc termik santrallerden elektrik \u00fcretiyor. K\u00f6m\u00fcrl\u00fc termik santrallerin pay\u0131 \u00c7in\u2019de giderek d\u00fc\u015f\u00fcyor. Ayn\u0131 d\u00f6nemde elektrik \u00fcretimi, hidro santrallerde %16.7, n\u00fckleer, r\u00fczgar ve g\u00fcne\u015f santrallerinde ise toplamda %20.3 art\u0131\u015f g\u00f6sterdi.<\/p>\n<p class=\"selectionShareable\" style=\"color: #0a0a0a;\">\u00c7in\u2019in toplam k\u00f6m\u00fcr \u00fcretimi bir \u00f6nceki y\u0131l\u0131n ayn\u0131 d\u00f6nemine g\u00f6re y\u00fczde 8.7 d\u00fc\u015ft\u00fc. May\u0131s 2016 \u2013 May\u0131s 2015 kar\u015f\u0131la\u015ft\u0131rmas\u0131na g\u00f6re ise y\u00fczde 15.5 lik bir d\u00fc\u015f\u00fc\u015f ortaya \u00e7\u0131kt\u0131. Bu d\u00fc\u015f\u00fc\u015f 2013 y\u0131l\u0131ndan beri devam ediyor. (2014 ve 2015 y\u0131l\u0131nda y\u0131ll\u0131k ortalama y\u00fczde 3 d\u00fc\u015f\u00fc\u015f g\u00f6r\u00fcld\u00fc.)<\/p>\n<p class=\"selectionShareable\" style=\"color: #0a0a0a;\"><img loading=\"lazy\" class=\" wp-image-81660 aligncenter td-animation-stack-type0-2\" src=\"http:\/\/statik2.enerjienstitusu.com\/wp-content\/uploads\/tablo-%C3%A7in-k%C3%B6m%C3%BCr-23983.png\" alt=\"tablo \u00e7in k\u00f6m\u00fcr 23983\" width=\"425\" height=\"199\" \/><br \/>\n\u00c7in\u2019in Sat\u0131 Alma Y\u00f6neticileri \u0130ndeksi (PMI) May\u0131s 2016\u2019da 50.1 ile dura\u011fan g\u00f6r\u00fcl\u00fcrken, \u0130malat D\u0131\u015f\u0131 PMI ise 53.1 ile y\u00fckseli\u015f g\u00f6sterdi. Bu durum, \u00c7in\u2019de daha az enerji yo\u011fun olan sekt\u00f6rlerin y\u00fckseli\u015fini ortaya koyarken di\u011fer bir yandan ise di\u011fer bir yandan ise elektrik talebinin ekonomik b\u00fcy\u00fcmeden ayr\u0131\u015fmaya ba\u015flad\u0131\u011f\u0131n\u0131 da kan\u0131tl\u0131yor.<\/p>\n<p class=\"selectionShareable\" style=\"color: #0a0a0a;\">Kaynak: Enerji Enstit\u00fcs\u00fc<\/p>\n<p><\/p>","protected":false},"excerpt":{"rendered":"<p>Sorry, this entry is only available in Turkish. For the sake of viewer convenience, the content is shown below in the alternative language. You may click the link to switch the active language. \u00c7in\u2019deki k\u00f6m\u00fcr \u00fcretimi May\u0131s 2016, bir \u00f6nceki y\u0131l\u0131n May\u0131s ayina g\u00f6re y\u00fczde 15.5, Ocak \u2013 May\u0131s 2016 aras\u0131ndaki ise bir \u00f6nceki y\u0131l\u0131n [&hellip;]<\/p>\n","protected":false},"author":1,"featured_media":54069,"comment_status":"open","ping_status":"open","sticky":false,"template":"","format":"standard","meta":[],"categories":[53,24649],"tags":[886,30197,2990,63,27195,67,1009,2698,165,23100,1675,5097],"views":1075,"_links":{"self":[{"href":"https:\/\/www.enerjigazetesi.ist\/en\/wp-json\/wp\/v2\/posts\/54068"}],"collection":[{"href":"https:\/\/www.enerjigazetesi.ist\/en\/wp-json\/wp\/v2\/posts"}],"about":[{"href":"https:\/\/www.enerjigazetesi.ist\/en\/wp-json\/wp\/v2\/types\/post"}],"author":[{"embeddable":true,"href":"https:\/\/www.enerjigazetesi.ist\/en\/wp-json\/wp\/v2\/users\/1"}],"replies":[{"embeddable":true,"href":"https:\/\/www.enerjigazetesi.ist\/en\/wp-json\/wp\/v2\/comments?post=54068"}],"version-history":[{"count":2,"href":"https:\/\/www.enerjigazetesi.ist\/en\/wp-json\/wp\/v2\/posts\/54068\/revisions"}],"predecessor-version":[{"id":54071,"href":"https:\/\/www.enerjigazetesi.ist\/en\/wp-json\/wp\/v2\/posts\/54068\/revisions\/54071"}],"wp:featuredmedia":[{"embeddable":true,"href":"https:\/\/www.enerjigazetesi.ist\/en\/wp-json\/wp\/v2\/media\/54069"}],"wp:attachment":[{"href":"https:\/\/www.enerjigazetesi.ist\/en\/wp-json\/wp\/v2\/media?parent=54068"}],"wp:term":[{"taxonomy":"category","embeddable":true,"href":"https:\/\/www.enerjigazetesi.ist\/en\/wp-json\/wp\/v2\/categories?post=54068"},{"taxonomy":"post_tag","embeddable":true,"href":"https:\/\/www.enerjigazetesi.ist\/en\/wp-json\/wp\/v2\/tags?post=54068"}],"curies":[{"name":"wp","href":"https:\/\/api.w.org\/{rel}","templated":true}]}}