{"id":53998,"date":"2016-06-25T12:58:56","date_gmt":"2016-06-25T09:58:56","guid":{"rendered":"https:\/\/www.enerjigazetesi.ist\/?p=53998"},"modified":"2016-10-23T16:56:07","modified_gmt":"2016-10-23T13:56:07","slug":"kose-yazisi-dunya-temiz-enerji-nin-turkiye-ise-komurun-pesinden-kosuyor","status":"publish","type":"post","link":"https:\/\/www.enerjigazetesi.ist\/en\/kose-yazisi-dunya-temiz-enerji-nin-turkiye-ise-komurun-pesinden-kosuyor\/","title":{"rendered":"(Turkish) K\u00f6\u015fe Yaz\u0131s\u0131: K\u00f6m\u00fcr\u00fcn Karas\u0131, Yenilenebilir &#038; Temiz Enerji&#8217;nin Yaras\u0131&#8230;"},"content":{"rendered":"<p class=\"qtranxs-available-languages-message qtranxs-available-languages-message-en\">Sorry, this entry is only available in <a href=\"https:\/\/www.enerjigazetesi.ist\/tr\/wp-json\/wp\/v2\/posts\/53998\" class=\"qtranxs-available-language-link qtranxs-available-language-link-tr\" title=\"Turkish\">Turkish<\/a>. For the sake of viewer convenience, the content is shown below in the alternative language. You may click the link to switch the active language.<\/p><p><strong>K\u00fcresel\u00a0d\u00fcnyam\u0131zda\u00a0\u00fclkelerin enerji \u00fcretim stratejileri giderek &#8216;enerji t\u00fcketimlerinin yava\u015flay\u0131p enerji \u00fcretimi i\u00e7in daha d\u00fc\u015f\u00fck karbonlu yak\u0131tlar\u0131n kullan\u0131lmas\u0131&#8217; trendi ile daha s\u00fcrd\u00fcr\u00fclebilir ya\u015fam ve \u00f6neme sahip hale gelmektedir.\u00a0Ge\u00e7ti\u011fimiz g\u00fcnlerde\u00a0kabul edilen Elektrik Piyasas\u0131 Yasas\u0131 ile \u00fclkemizin elektri\u011finin k\u00f6m\u00fcr ile \u00fcretiminin yani yerli k\u00f6m\u00fcr santrallerine te\u015fvik verilerek kurulmas\u0131n\u0131n \u00f6n\u00fc de a\u00e7\u0131lm\u0131\u015f oldu.<\/strong><\/p>\n<p>D\u00fcnyam\u0131z\u00a0<strong>temiz<a href=\"https:\/\/www.enerjigazetesi.ist\/wp-content\/uploads\/2016\/06\/yenilenebilir-enerji-gune-ruzgar.jpg\"><img loading=\"lazy\" class=\"alignleft size-medium wp-image-58392\" src=\"https:\/\/www.enerjigazetesi.ist\/wp-content\/uploads\/2016\/06\/yenilenebilir-enerji-gune-ruzgar-300x175.jpg\" alt=\"yenilenebilir-enerji-gune-ruzgar\" width=\"300\" height=\"175\" srcset=\"https:\/\/www.enerjigazetesi.ist\/wp-content\/uploads\/2016\/06\/yenilenebilir-enerji-gune-ruzgar-300x175.jpg 300w, https:\/\/www.enerjigazetesi.ist\/wp-content\/uploads\/2016\/06\/yenilenebilir-enerji-gune-ruzgar-500x291.jpg 500w, https:\/\/www.enerjigazetesi.ist\/wp-content\/uploads\/2016\/06\/yenilenebilir-enerji-gune-ruzgar-80x46.jpg 80w, https:\/\/www.enerjigazetesi.ist\/wp-content\/uploads\/2016\/06\/yenilenebilir-enerji-gune-ruzgar.jpg 768w\" sizes=\"(max-width: 300px) 100vw, 300px\" \/><\/a> enerji, enerji verimlili\u011fi ve ye\u015fil bina<\/strong>\u00a0trendleriyle de\u011fi\u015firken <strong>yerli k\u00f6m\u00fcr santralleri\u00a0<\/strong>desteklenerek <strong>enerji \u00fcretimi<\/strong> konusunda\u00a0\u00fclke olarak <strong>daha da geriye gidilmesi<\/strong>\u00a0hi\u00e7 <strong>akl\u0131m\u0131za gelmemekteydi.<\/strong><\/p>\n<p><strong>Yay\u0131nlanan 65. BP D\u00fcnya Enerji \u0130statistikleri Raporu <span style=\"text-decoration: underline;\">\u0130ncelendi\u011finde;<\/span><\/strong><\/p>\n<p>&#8211; <strong>Elektrik \u00fcretiminde<\/strong> \u00a0yenilenebilir enerjinin\u00a0<strong>%15,2 b\u00fcy\u00fcme<\/strong> ile, kabaca global elektrik \u00fcretimindeki art\u0131\u015f\u0131n tamam\u0131na e\u015fit bir y\u00fckselme sa\u011flad\u0131\u011f\u0131n\u0131 ve yenilenebilir enerjinin global elektrik \u00fcretimindeki pay\u0131 da on y\u0131l \u00f6nceki <strong>%2,0<\/strong> d\u00fczeyinden <strong>%6,7\u2019ye<\/strong> ula\u015ft\u0131\u011f\u0131n\u0131,<\/p>\n<p><strong>\u00a0<\/strong><strong>&#8211; Yenilenebilir enerji t\u00fcketiminin<\/strong>\u00a0T\u00fcrkiye\u2019de <strong>2015\u2019de %34,4<\/strong> art\u0131\u015f\u00a0g\u00f6stererek, d\u00fcnyan\u0131n t<strong>oplam yenilenebilir enerji t\u00fcketiminin i\u00e7inde<\/strong> ise<span style=\"text-decoration: underline;\"> sadece ve sadece<\/span>\u00a0<strong>%1\u2019ler seviyesinde<\/strong>\u00a0kald\u0131\u011f\u0131n\u0131 g\u00f6rmekteyiz.<\/p>\n<p>&#8211; <strong>K\u00f6m\u00fcrde ise<\/strong>, T\u00fcrkiye d\u00fcnya k\u00f6m\u00fcr rezervlerinin <strong>%1\u2019ine<\/strong> sahip oldu\u011funu ve T\u00fcrkiye\u2019de k\u00f6m\u00fcr t\u00fcketiminin\u00a0<strong>2015\u2019de %4,7<\/strong> oran\u0131nda azald\u0131\u011f\u0131n\u0131 ve\u00a0bu <strong>t\u00fcketimin <span style=\"text-decoration: underline;\">h\u00fck\u00fcmetimizin destek sa\u011flamas\u0131 ile azalarak<\/span><\/strong> <strong>devam etmesi en b\u00fcy\u00fck arzumuzdur&#8230;<\/strong><\/p>\n<p><strong>&#8211; <span style=\"text-decoration: underline;\">Karbon sal<\/span><\/strong><span style=\"text-decoration: underline;\"><strong>\u0131<\/strong><strong>mlar<\/strong><\/span><strong><span style=\"text-decoration: underline;\">\u0131 a\u00e7\u0131s\u0131ndan<\/span>\u00a0k\u00fcresel d\u00fcnyaya\u00a0bakt\u0131\u011f\u0131m\u0131zda\u00a0<\/strong>Enerji t\u00fcketiminden kaynaklanan CO<sub>2<\/sub> sal\u0131mlar\u0131 2015 y\u0131l\u0131nda <strong>sadece %0,1 oran\u0131nda<\/strong> artt\u0131\u011f\u0131n\u0131,\u00a0<strong>1992 y\u0131l\u0131ndan<\/strong> bu yana kaydedilen <strong>en d\u00fc\u015f\u00fck b\u00fcy\u00fcme oran\u0131<\/strong> oldu\u011fu, bu D\u00fc\u015f\u00fc\u015f\u00fcn, enerji t\u00fcketimindeki b\u00fcy\u00fcmenin yava\u015flamas\u0131n\u0131n yan\u0131 s\u0131ra <strong>yak\u0131t kar\u0131\u015f\u0131m\u0131ndaki de\u011fi\u015fimden<\/strong> de <strong>( d\u00fc\u015f\u00fck karbonlu yak\u0131tlar\u0131n tercih edilmesi )<\/strong> kaynakland\u0131\u011f\u0131 g\u00f6r\u00fclmektedir.<\/p>\n<p>T\u00fcrkiye gibi g\u00fcne\u015fin ve \u0131\u015f\u0131n\u0131m de\u011ferleri ortalamas\u0131n\u0131n geli\u015fmi\u015f bir \u00e7ok AB \u00fclkesinin de \u00e7ok \u00fcst\u00fcnde oldu\u011fu, r\u00fczgar a\u00e7\u0131s\u0131ndan da gayet y\u00fcksek potansiyele sahip bir \u00fclkede kendi g\u00fcc\u00fcm\u00fcz\u00fc yenilenebilir enerji ile yaratacak iken k\u00f6m\u00fcre yani <strong>y\u00fcksek\u00a0karbon bazl\u0131<\/strong> ve <strong>\u00e7evreye a\u015f\u0131r\u0131\u00a0zarar veren<\/strong>, <span style=\"text-decoration: underline;\"><em>verimlili\u011fi d\u00fc\u015f\u00fck<\/em> <\/span>bir enerji kayna\u011f\u0131na y\u00f6nelmek ise<strong>\u00a0ger\u00e7ekten kayg\u0131\u00a0ve endi\u015fe vericidir.<\/strong><\/p>\n<p><strong>Bir yandan d\u00fc\u015f\u00fck karbon sal\u0131n\u0131m\u0131 sa\u011flamak ve\u00a0az enerji harcay\u0131p y\u00fcksek verimlilik sa\u011flamak i\u00e7in<span style=\"text-decoration: underline;\"> bir yerlerini y\u0131rtarak<\/span> canla ba\u015fla \u00e7al\u0131\u015fan m\u00fchendis beyinler&#8230; Ye\u015fil Bina,\u00a0\u00a0EVD &amp; Enerji Verimli\u011fi Firmalar\u0131 yapt\u0131klar\u0131 enerji verimlili\u011fi ve ye\u015fil bina uygulamalar\u0131 ile bo\u015fa m\u0131 k\u00fcrek \u00e7ekmi\u015f olacaklar?<\/strong><\/p>\n<p>Bizler enerji sekt\u00f6r\u00fcnde de <strong>g\u00fcn\u00fcm\u00fcz\u00a0temiz enerji ve enerji verimlili\u011fi trendini ka\u00e7\u0131ran bir T\u00fcrkiye<\/strong> asla ama asla olmak istememekteyiz.<\/p>\n<p><strong>Enerji \u00fcretiminde k\u00f6m\u00fcre\u00a0y\u00f6nelim<\/strong>\u00a0ile <em>\u00e7a\u011f\u0131n enerji \u00fcretim trendi<\/em> olan <strong>temiz enerji &amp; yenilenebilir enerjine<\/strong>\u00a0nas\u0131l adapte olup uyum sa\u011flayaca\u011f\u0131z,<strong> enerji verimlili\u011fi<\/strong> ve <strong>ye\u015fil bina \u00e7al\u0131\u015fma ve uygulamalar\u0131<\/strong> ile al\u0131nan <strong>d\u00fc\u015f\u00fck karbon sal\u0131n\u0131m\u0131 = Temiz Hava ve \u00c7evre<\/strong>\u00a0de\u011ferleri ile\u00a0<strong>s\u00fcrd\u00fcr\u00fclebilir ve ya\u015fanabilir<\/strong> bir <em>gelecek nas\u0131l sa\u011flayaca\u011f\u0131z<\/em>..?<\/p>\n<p>Herkesin G\u00fczel, Keyifli ve A\u011f\u0131z Tad\u0131nda Bir G\u00fcn\u00a0ve Ramazan Ay\u0131\u00a0Ge\u00e7irmesi Dile\u011fiyle&#8230;<\/p>\n<p><strong>Enerji Gazetesi Genel Yay\u0131n Y\u00f6netmeni<\/strong><\/p>\n<p><strong> Sarp ALTINEL<\/strong><\/p>","protected":false},"excerpt":{"rendered":"<p>Sorry, this entry is only available in Turkish. For the sake of viewer convenience, the content is shown below in the alternative language. You may click the link to switch the active language.K\u00fcresel\u00a0d\u00fcnyam\u0131zda\u00a0\u00fclkelerin enerji \u00fcretim stratejileri giderek &#8216;enerji t\u00fcketimlerinin yava\u015flay\u0131p enerji \u00fcretimi i\u00e7in daha d\u00fc\u015f\u00fck karbonlu yak\u0131tlar\u0131n kullan\u0131lmas\u0131&#8217; trendi ile daha s\u00fcrd\u00fcr\u00fclebilir ya\u015fam ve \u00f6neme [&hellip;]<\/p>\n","protected":false},"author":1,"featured_media":58392,"comment_status":"open","ping_status":"open","sticky":false,"template":"","format":"standard","meta":[],"categories":[53,49,24649,50],"tags":[30190,63,67,1009,2698,165,12,502,2326,227,1169,3820,13,2569,142,2401,4269,2291,3460,5097,474,69,16,231,275,842,793,105,1375,3316],"views":2868,"_links":{"self":[{"href":"https:\/\/www.enerjigazetesi.ist\/en\/wp-json\/wp\/v2\/posts\/53998"}],"collection":[{"href":"https:\/\/www.enerjigazetesi.ist\/en\/wp-json\/wp\/v2\/posts"}],"about":[{"href":"https:\/\/www.enerjigazetesi.ist\/en\/wp-json\/wp\/v2\/types\/post"}],"author":[{"embeddable":true,"href":"https:\/\/www.enerjigazetesi.ist\/en\/wp-json\/wp\/v2\/users\/1"}],"replies":[{"embeddable":true,"href":"https:\/\/www.enerjigazetesi.ist\/en\/wp-json\/wp\/v2\/comments?post=53998"}],"version-history":[{"count":73,"href":"https:\/\/www.enerjigazetesi.ist\/en\/wp-json\/wp\/v2\/posts\/53998\/revisions"}],"predecessor-version":[{"id":58393,"href":"https:\/\/www.enerjigazetesi.ist\/en\/wp-json\/wp\/v2\/posts\/53998\/revisions\/58393"}],"wp:featuredmedia":[{"embeddable":true,"href":"https:\/\/www.enerjigazetesi.ist\/en\/wp-json\/wp\/v2\/media\/58392"}],"wp:attachment":[{"href":"https:\/\/www.enerjigazetesi.ist\/en\/wp-json\/wp\/v2\/media?parent=53998"}],"wp:term":[{"taxonomy":"category","embeddable":true,"href":"https:\/\/www.enerjigazetesi.ist\/en\/wp-json\/wp\/v2\/categories?post=53998"},{"taxonomy":"post_tag","embeddable":true,"href":"https:\/\/www.enerjigazetesi.ist\/en\/wp-json\/wp\/v2\/tags?post=53998"}],"curies":[{"name":"wp","href":"https:\/\/api.w.org\/{rel}","templated":true}]}}