{"id":53992,"date":"2016-06-12T17:36:27","date_gmt":"2016-06-12T14:36:27","guid":{"rendered":"https:\/\/www.enerjigazetesi.ist\/?p=53992"},"modified":"2016-06-12T17:36:27","modified_gmt":"2016-06-12T14:36:27","slug":"sabanci-turkiyede-yerli-kaynak-olmazsa-olmaz","status":"publish","type":"post","link":"https:\/\/www.enerjigazetesi.ist\/en\/sabanci-turkiyede-yerli-kaynak-olmazsa-olmaz\/","title":{"rendered":"(Turkish) Sabanc\u0131: T\u00fcrkiye&#8217;de Yerli Kaynak Olmazsa Olmaz!"},"content":{"rendered":"<p class=\"qtranxs-available-languages-message qtranxs-available-languages-message-en\">Sorry, this entry is only available in <a href=\"https:\/\/www.enerjigazetesi.ist\/tr\/wp-json\/wp\/v2\/posts\/53992\" class=\"qtranxs-available-language-link qtranxs-available-language-link-tr\" title=\"Turkish\">Turkish<\/a>. For the sake of viewer convenience, the content is shown below in the alternative language. You may click the link to switch the active language.<\/p><p><strong>G\u00fcler Sabanc\u0131 ekonomimizde s\u00fcrd\u00fcr\u00fclebilir bir b\u00fcy\u00fcme sa\u011flamak i\u00e7in enerji piyasalar\u0131n\u0131n art\u0131k serbestle\u015ftirmenin yollar\u0131n\u0131 aramak gerekti\u011fini s\u00f6yleyerek\u00a0\u201cT\u00fcrkiye\u2019nin enerjide yerli kaynaklar\u0131n\u0131 harekete ge\u00e7irmesi laz\u0131m. Bunun da ba\u015f\u0131nda linyit yer almakta, ve daha h\u0131zl\u0131 hareket etmemiz laz\u0131m\u201d dedi.<\/strong><\/p>\n<p>Sabanc\u0131,\u00a0T\u00fcrkiye olarak enerji \u00fcretiminde, iletiminde, da\u011f\u0131t\u0131m\u0131nda ve t\u00fcketimindeki b\u00fcy\u00fck bir\u00a0verimlilik pota<a href=\"https:\/\/www.enerjigazetesi.ist\/wp-content\/uploads\/2015\/10\/yilin-surdurulebilir-is-lideri-odulu-guler-sabanciya-verildi.jpg\"><img loading=\"lazy\" class=\"alignright size-medium wp-image-45366\" src=\"https:\/\/www.enerjigazetesi.ist\/wp-content\/uploads\/2015\/10\/yilin-surdurulebilir-is-lideri-odulu-guler-sabanciya-verildi-300x168.jpg\" alt=\"guler-sabanci\" width=\"300\" height=\"168\" srcset=\"https:\/\/www.enerjigazetesi.ist\/wp-content\/uploads\/2015\/10\/yilin-surdurulebilir-is-lideri-odulu-guler-sabanciya-verildi-300x168.jpg 300w, https:\/\/www.enerjigazetesi.ist\/wp-content\/uploads\/2015\/10\/yilin-surdurulebilir-is-lideri-odulu-guler-sabanciya-verildi-500x280.jpg 500w, https:\/\/www.enerjigazetesi.ist\/wp-content\/uploads\/2015\/10\/yilin-surdurulebilir-is-lideri-odulu-guler-sabanciya-verildi-80x44.jpg 80w, https:\/\/www.enerjigazetesi.ist\/wp-content\/uploads\/2015\/10\/yilin-surdurulebilir-is-lideri-odulu-guler-sabanciya-verildi.jpg 660w\" sizes=\"(max-width: 300px) 100vw, 300px\" \/><\/a>nsiyelini hen\u00fcz tam anlam\u0131yla kullanamad\u0131\u011f\u0131m\u0131za\u00a0dikkat \u00e7ekip, \u201cEnerji sekt\u00f6r\u00fcn\u00fcn d\u00f6n\u00fc\u015ft\u00fcr\u00fclmesi, d\u00f6n\u00fc\u015f\u00fcme u\u011framas\u0131 iklim de\u011fi\u015fikli\u011fi a\u00e7\u0131s\u0131ndan temel oldu\u011funu dile getirdi.<\/p>\n<p>Zaman\u0131nda ve etkili bir \u015fekilde, plana g\u00f6re hareket ederek T\u00fcrkiye\u2019nin karbon emisyonunu azaltabilece\u011fine ve b\u00fcy\u00fck \u00f6l\u00e7\u00fcde enerji tasarrufu sa\u011flayaca\u011f\u0131na inand\u0131\u011f\u0131n\u0131 kaydeden G\u00fcler Sabanc\u0131, \u201cDi\u011fer pek \u00e7ok \u00fclkede de oldu\u011fu gibi T\u00fcrkiye\u2019de verilen enerji yard\u0131mlar\u0131 enerji verimlili\u011finin \u00f6n\u00fcne ge\u00e7mektedir. Bu nedenle ekonomide s\u00fcrd\u00fcr\u00fclebilir b\u00fcy\u00fcme istiyorsak enerji piyasalar\u0131n\u0131 serbestle\u015ftirmenin yollar\u0131n\u0131 aramal\u0131y\u0131z\u201d diye konu\u015ftu.<\/p>\n<p><strong>YERL\u0130 KAYNAK\u00a0OLMAZSA OLMAZ<\/strong><\/p>\n<p>G\u00fcler Sabanc\u0131: \u201cT\u00fcrkiye\u2019nin hedefleri takip etti\u011fini g\u00f6rmekteyiz. T\u00fcrkiye\u00a0a\u00e7\u0131s\u0131ndan\u00a0d\u00fc\u015f\u00fck enerji, petrol fiyatlar\u0131 ve d\u00fc\u015f\u00fck gaz fiyat\u0131 avantaj sa\u011flayan bir durum ama bu, uzun vadeli de\u011fil, bu bize k\u0131sa vadeli bir avantaj sa\u011flar. Dolay\u0131s\u0131yla biz \u00fclke olarak net enerji ithal eden bir \u00fclkeyiz. Cari a\u00e7\u0131\u011f\u0131n da ana sebeplerinden biri bu. \u015eu s\u0131ralardaki bu avantaj\u0131, biz asl\u0131nda kendi ana kaynaklar\u0131m\u0131za yat\u0131r\u0131m yapmakla kullanmal\u0131y\u0131z. Bu nedenle\u00a0T\u00fcrkiye\u2019nin yerli kaynaklar\u0131 ile harekete ge\u00e7mesi laz\u0131m. Bunun da ba\u015f\u0131nda linyit mevcut\u00a0oldu\u011funu s\u00f6yledi.<\/p>\n<p><strong>PETROL F\u0130YATI DAHA ARTI\u015e G\u00d6STERMEZ<\/strong><\/p>\n<p>B\u00fcy\u00fcme\u00a0tahminlerine bakt\u0131\u011f\u0131m\u0131zda, zengin \u00fclkelerin enerji talebinde yava\u015flama ve azalma oldu\u011funu, as\u0131l b\u00fcy\u00fcme kayna\u011f\u0131n\u0131n ise y\u00fckselen \u00fclkelerde bulundu\u011funu belirten\u00a0Fatih Birol, \u015funlar\u0131 s\u00f6yledi: \u201cPetrol piyasas\u0131 yat\u0131r\u0131mlar\u0131 d\u00fc\u015ft\u00fc. Ge\u00e7en y\u0131l yat\u0131r\u0131mlarda bir d\u00fc\u015f\u00fc\u015f oldu. Bu y\u0131l da yine d\u00fc\u015f\u00fc\u015f g\u00f6r\u00fcl\u00fcyor. Petrol tarihine bakt\u0131\u011f\u0131m\u0131zda hi\u00e7 bir zaman petrol yat\u0131r\u0131mlar\u0131n\u0131n iki y\u0131l \u00fcst \u00fcste d\u00fc\u015ft\u00fc\u011f\u00fcn\u00fcn g\u00f6r\u00fclmesi\u00a0m\u00fcmk\u00fcn de\u011fil. Nadir olarak bir y\u0131l d\u00fc\u015f\u00fc\u015f olsa bile ertesi y\u0131l hep art\u0131\u015f olurdu. Bu kez iki y\u0131l \u00fcst \u00fcste petrolde d\u00fc\u015f\u00fc\u015f g\u00f6rd\u00fck. Yat\u0131r\u0131mlardaki azalma piyasadaki riski art\u0131r\u0131yor. Ocak ay\u0131nda 30 dolara kadar inen petrol fiyatlar\u0131 52 dolara kadar y\u00fckseldi, daha fazla art\u0131\u015f\u0131n olmas\u0131n\u0131 beklemiyoruz.\u201d<\/p>\n<p>Haz\u0131rlayan: Genel Yay\u0131n Y\u00f6netmeni &#8211; Sarp ALTINEL<\/p>","protected":false},"excerpt":{"rendered":"<p>Sorry, this entry is only available in Turkish. For the sake of viewer convenience, the content is shown below in the alternative language. You may click the link to switch the active language.G\u00fcler Sabanc\u0131 ekonomimizde s\u00fcrd\u00fcr\u00fclebilir bir b\u00fcy\u00fcme sa\u011flamak i\u00e7in enerji piyasalar\u0131n\u0131n art\u0131k serbestle\u015ftirmenin yollar\u0131n\u0131 aramak gerekti\u011fini s\u00f6yleyerek\u00a0\u201cT\u00fcrkiye\u2019nin enerjide yerli kaynaklar\u0131n\u0131 harekete ge\u00e7irmesi laz\u0131m. Bunun [&hellip;]<\/p>\n","protected":false},"author":1,"featured_media":45366,"comment_status":"open","ping_status":"open","sticky":false,"template":"","format":"standard","meta":[],"categories":[53,24649],"tags":[63,67,1009,2698,165,12,818,1049,1999,1677,8805,1296,793,8307,1375],"views":997,"_links":{"self":[{"href":"https:\/\/www.enerjigazetesi.ist\/en\/wp-json\/wp\/v2\/posts\/53992"}],"collection":[{"href":"https:\/\/www.enerjigazetesi.ist\/en\/wp-json\/wp\/v2\/posts"}],"about":[{"href":"https:\/\/www.enerjigazetesi.ist\/en\/wp-json\/wp\/v2\/types\/post"}],"author":[{"embeddable":true,"href":"https:\/\/www.enerjigazetesi.ist\/en\/wp-json\/wp\/v2\/users\/1"}],"replies":[{"embeddable":true,"href":"https:\/\/www.enerjigazetesi.ist\/en\/wp-json\/wp\/v2\/comments?post=53992"}],"version-history":[{"count":1,"href":"https:\/\/www.enerjigazetesi.ist\/en\/wp-json\/wp\/v2\/posts\/53992\/revisions"}],"predecessor-version":[{"id":53993,"href":"https:\/\/www.enerjigazetesi.ist\/en\/wp-json\/wp\/v2\/posts\/53992\/revisions\/53993"}],"wp:featuredmedia":[{"embeddable":true,"href":"https:\/\/www.enerjigazetesi.ist\/en\/wp-json\/wp\/v2\/media\/45366"}],"wp:attachment":[{"href":"https:\/\/www.enerjigazetesi.ist\/en\/wp-json\/wp\/v2\/media?parent=53992"}],"wp:term":[{"taxonomy":"category","embeddable":true,"href":"https:\/\/www.enerjigazetesi.ist\/en\/wp-json\/wp\/v2\/categories?post=53992"},{"taxonomy":"post_tag","embeddable":true,"href":"https:\/\/www.enerjigazetesi.ist\/en\/wp-json\/wp\/v2\/tags?post=53992"}],"curies":[{"name":"wp","href":"https:\/\/api.w.org\/{rel}","templated":true}]}}