{"id":53946,"date":"2016-06-12T14:00:07","date_gmt":"2016-06-12T11:00:07","guid":{"rendered":"https:\/\/www.enerjigazetesi.ist\/?p=53946"},"modified":"2016-06-12T17:39:45","modified_gmt":"2016-06-12T14:39:45","slug":"fatih-birol-dogalgaz-fiyatlari-gelecek-yillarda-dusus-gosterecek","status":"publish","type":"post","link":"https:\/\/www.enerjigazetesi.ist\/en\/fatih-birol-dogalgaz-fiyatlari-gelecek-yillarda-dusus-gosterecek\/","title":{"rendered":"(Turkish) Fatih Birol: \u201cDo\u011falgaz Fiyatlar\u0131 Gelecek Y\u0131llarda D\u00fc\u015f\u00fc\u015f G\u00f6sterecek!\u201d"},"content":{"rendered":"<p class=\"qtranxs-available-languages-message qtranxs-available-languages-message-en\">Sorry, this entry is only available in <a href=\"https:\/\/www.enerjigazetesi.ist\/tr\/wp-json\/wp\/v2\/posts\/53946\" class=\"qtranxs-available-language-link qtranxs-available-language-link-tr\" title=\"Turkish\">Turkish<\/a>. For the sake of viewer convenience, the content is shown below in the alternative language. You may click the link to switch the active language.<\/p><p><\/p>\n<p class=\"selectionShareable\" style=\"color: #0a0a0a;\"><strong>Uluslararas\u0131 Enerji Ajans\u0131 Ba\u015fkan\u0131 Fatih Birol \u00f6n\u00fcm\u00fczdeki y\u0131llarda do\u011falgaz fazlal\u0131\u011f\u0131 ile fiyatlar\u0131n da d\u00fc\u015fece\u011fini belirtti.<\/strong><span id=\"more-81576\"><\/span><\/p>\n<p class=\"selectionShareable\" style=\"color: #0a0a0a;\">7. Uluslararas\u0131 Enerji ve \u0130klim Forumu\u2019na kat\u0131lan Uluslararas\u0131 Enerji Ajans\u0131 Ba\u015fkan\u0131 Fatih Birol, \u201cPetrol fiyatlar\u0131nda h\u0131zl\u0131 y\u00fckseli\u015f olmaz ama yat\u0131r\u0131m a<a href=\"https:\/\/www.enerjigazetesi.ist\/wp-content\/uploads\/2015\/02\/dogalgaz-fiyatlarina-buyuk-indirim-geliyor.jpg\"><img loading=\"lazy\" class=\"alignleft  wp-image-36341\" src=\"https:\/\/www.enerjigazetesi.ist\/wp-content\/uploads\/2015\/02\/dogalgaz-fiyatlarina-buyuk-indirim-geliyor-300x121.jpg\" alt=\"dogalgaz-fiyatlarina-buyuk-indirim-geliyor\" width=\"300\" height=\"177\" \/><\/a>zl\u0131\u011f\u0131 arz s\u0131k\u0131nt\u0131s\u0131 olu\u015fturabilece\u011finin\u201d a\u00e7\u0131klamas\u0131n\u0131\u00a0yapt\u0131.<\/p>\n<p class=\"selectionShareable\" style=\"color: #0a0a0a;\">Birol, do\u011falgaz fiyatlar\u0131 i\u00e7in ise g\u00fczel bir m\u00fcjde verdi:<\/p>\n<p class=\"selectionShareable\" style=\"color: #0a0a0a;\">Gelecek\u00a0y\u0131llarda zor g\u00fcnlerin bizi bekleyebilece\u011fini, ya\u011fmurlu g\u00fcnlerin bekleyebilece\u011finin bir habercisi oldu\u011funu d\u00fc\u015f\u00fcn\u00fcyorum. Petrol tarihinde ilk defa iki y\u0131l \u00fcst \u00fcste bir d\u00fc\u015f\u00fc\u015f oldu.<\/p>\n<p class=\"selectionShareable\" style=\"color: #0a0a0a;\">\u015eimdiye kadar olmad\u0131\u011f\u0131 kadar do\u011falgaz piyasaya gelecek \u00f6n\u00fcm\u00fczdeki 5 y\u0131lda. \u00c7\u00fcnk\u00fc Amerika ve Avusturya bir\u00e7ok proje ayn\u0131 anda sona eriyor. Piyasada do\u011falgaz fazl\u0131l\u0131\u011f\u0131 olacak ve do\u011falgaz fiyatlar\u0131 da d\u00fc\u015fecek.<\/p>\n<p class=\"selectionShareable\" style=\"color: #0a0a0a;\">Ge\u00e7en sene y\u00fczde 7 bir art\u0131\u015f ger\u00e7ekle\u015ftirdi ve \u015fu an 1 milyon elektrikli araba s\u0131n\u0131r\u0131n\u0131\u00a0ge\u00e7mi\u015f bulunmaktay\u0131z&#8230;<\/p>\n<p class=\"selectionShareable\" style=\"color: #0a0a0a;\">Haz\u0131rlayan: Genel Yay\u0131n Y\u00f6netmeni \u2013 Sarp ALTINEL<\/p>\n<p><\/p>","protected":false},"excerpt":{"rendered":"<p>Sorry, this entry is only available in Turkish. For the sake of viewer convenience, the content is shown below in the alternative language. You may click the link to switch the active language. Uluslararas\u0131 Enerji Ajans\u0131 Ba\u015fkan\u0131 Fatih Birol \u00f6n\u00fcm\u00fczdeki y\u0131llarda do\u011falgaz fazlal\u0131\u011f\u0131 ile fiyatlar\u0131n da d\u00fc\u015fece\u011fini belirtti. 7. Uluslararas\u0131 Enerji ve \u0130klim Forumu\u2019na kat\u0131lan [&hellip;]<\/p>\n","protected":false},"author":1,"featured_media":36341,"comment_status":"open","ping_status":"open","sticky":false,"template":"","format":"standard","meta":[],"categories":[46,53],"tags":[30160,92,226,30161,1363,19761,2677,63,67,1009,2698,165,818,1022],"views":913,"_links":{"self":[{"href":"https:\/\/www.enerjigazetesi.ist\/en\/wp-json\/wp\/v2\/posts\/53946"}],"collection":[{"href":"https:\/\/www.enerjigazetesi.ist\/en\/wp-json\/wp\/v2\/posts"}],"about":[{"href":"https:\/\/www.enerjigazetesi.ist\/en\/wp-json\/wp\/v2\/types\/post"}],"author":[{"embeddable":true,"href":"https:\/\/www.enerjigazetesi.ist\/en\/wp-json\/wp\/v2\/users\/1"}],"replies":[{"embeddable":true,"href":"https:\/\/www.enerjigazetesi.ist\/en\/wp-json\/wp\/v2\/comments?post=53946"}],"version-history":[{"count":4,"href":"https:\/\/www.enerjigazetesi.ist\/en\/wp-json\/wp\/v2\/posts\/53946\/revisions"}],"predecessor-version":[{"id":53996,"href":"https:\/\/www.enerjigazetesi.ist\/en\/wp-json\/wp\/v2\/posts\/53946\/revisions\/53996"}],"wp:featuredmedia":[{"embeddable":true,"href":"https:\/\/www.enerjigazetesi.ist\/en\/wp-json\/wp\/v2\/media\/36341"}],"wp:attachment":[{"href":"https:\/\/www.enerjigazetesi.ist\/en\/wp-json\/wp\/v2\/media?parent=53946"}],"wp:term":[{"taxonomy":"category","embeddable":true,"href":"https:\/\/www.enerjigazetesi.ist\/en\/wp-json\/wp\/v2\/categories?post=53946"},{"taxonomy":"post_tag","embeddable":true,"href":"https:\/\/www.enerjigazetesi.ist\/en\/wp-json\/wp\/v2\/tags?post=53946"}],"curies":[{"name":"wp","href":"https:\/\/api.w.org\/{rel}","templated":true}]}}