{"id":53925,"date":"2016-06-11T13:12:06","date_gmt":"2016-06-11T10:12:06","guid":{"rendered":"https:\/\/www.enerjigazetesi.ist\/?p=53925"},"modified":"2016-06-11T13:12:06","modified_gmt":"2016-06-11T10:12:06","slug":"abd-buyuk-olcekte-16-gwi-asti","status":"publish","type":"post","link":"https:\/\/www.enerjigazetesi.ist\/en\/abd-buyuk-olcekte-16-gwi-asti\/","title":{"rendered":"(Turkish) ABD B\u00fcy\u00fck \u00d6l\u00e7ekte 16 GW\u2019\u0131 A\u015ft\u0131!"},"content":{"rendered":"<p class=\"qtranxs-available-languages-message qtranxs-available-languages-message-en\">Sorry, this entry is only available in <a href=\"https:\/\/www.enerjigazetesi.ist\/tr\/wp-json\/wp\/v2\/posts\/53925\" class=\"qtranxs-available-language-link qtranxs-available-language-link-tr\" title=\"Turkish\">Turkish<\/a>. For the sake of viewer convenience, the content is shown below in the alternative language. You may click the link to switch the active language.<\/p><p><strong><span style=\"color: #222222;\">\u00dclkede y\u0131l\u0131n ilk d\u00f6rt ay\u0131nda 1 GW\u2019\u0131n \u00fczerinde b\u00fcy\u00fck \u00f6l\u00e7ekli santral kurulumu ger\u00e7ekle\u015fti.<\/span><\/strong><\/p>\n<p style=\"color: #222222;\">ABD\u2019nin g\u00fcne\u015f elektri\u011fi g<a href=\"https:\/\/www.enerjigazetesi.ist\/wp-content\/uploads\/2016\/06\/abd-buyuk-olcekte-16-gwi-asti.jpg\"><img loading=\"lazy\" class=\"alignleft size-medium wp-image-53926\" src=\"https:\/\/www.enerjigazetesi.ist\/wp-content\/uploads\/2016\/06\/abd-buyuk-olcekte-16-gwi-asti-300x150.jpg\" alt=\"abd-buyuk-olcekte-16-gwi-asti\" width=\"300\" height=\"150\" srcset=\"https:\/\/www.enerjigazetesi.ist\/wp-content\/uploads\/2016\/06\/abd-buyuk-olcekte-16-gwi-asti-300x150.jpg 300w, https:\/\/www.enerjigazetesi.ist\/wp-content\/uploads\/2016\/06\/abd-buyuk-olcekte-16-gwi-asti-500x250.jpg 500w, https:\/\/www.enerjigazetesi.ist\/wp-content\/uploads\/2016\/06\/abd-buyuk-olcekte-16-gwi-asti-80x40.jpg 80w, https:\/\/www.enerjigazetesi.ist\/wp-content\/uploads\/2016\/06\/abd-buyuk-olcekte-16-gwi-asti.jpg 640w\" sizes=\"(max-width: 300px) 100vw, 300px\" \/><\/a>\u00fcc\u00fc i\u00e7inde b\u00fcy\u00fck \u00f6l\u00e7ekli santrallerin kurulu g\u00fcc\u00fcn\u00fcn 16 GW\u2019\u0131 a\u015ft\u0131\u011f\u0131 bildirildi.<\/p>\n<p style=\"color: #222222;\">ABD Federal Enerji D\u00fczenleme Komisyonu taraf\u0131ndan<a style=\"color: #ff6600;\" href=\"http:\/\/www.ferc.gov\/legal\/staff-reports\/2016\/apr-infrastructure.pdf\" target=\"_blank\">a\u00e7\u0131klanan verilere g\u00f6re<\/a>\u00a0\u00fclkenin bu segmentteki kurulu g\u00fc\u00e7 art\u0131\u015f\u0131 Nisan ay\u0131nda 107 MW, 2016\u2019\u0131n ilk d\u00f6rt ay\u0131nda ise 1.045 MW d\u00fczeyinde art\u0131\u015f g\u00f6sterdi.<\/p>\n<p style=\"color: #222222;\">Son kurulumlar ile birlikte ABD\u2019deki b\u00fcy\u00fck \u00f6l\u00e7ekli santrallerin toplam g\u00fcc\u00fc 16,66 GW\u2019a ula\u015fm\u0131\u015f oldu.<\/p>\n<p style=\"color: #222222;\">ABD\u2019nin g\u00fcne\u015f elektri\u011fi alan\u0131ndaki \u00fcretim kapasitesi ge\u00e7en y\u0131l 7,3 GW d\u00fczeyinde artarak toplamda 25 GW\u2019\u0131 a\u015fm\u0131\u015ft\u0131.<\/p>\n<p style=\"color: #222222;\">Kaynak: <a href=\"http:\/\/solar.ist\/abd-buyuk-olcekte-16-gwi-asti\/\" target=\"_blank\" rel=\"nofollow\">Solar.ist<\/a><\/p>\n<p><\/p>","protected":false},"excerpt":{"rendered":"<p>Sorry, this entry is only available in Turkish. For the sake of viewer convenience, the content is shown below in the alternative language. You may click the link to switch the active language.\u00dclkede y\u0131l\u0131n ilk d\u00f6rt ay\u0131nda 1 GW\u2019\u0131n \u00fczerinde b\u00fcy\u00fck \u00f6l\u00e7ekli santral kurulumu ger\u00e7ekle\u015fti. ABD\u2019nin g\u00fcne\u015f elektri\u011fi g\u00fcc\u00fc i\u00e7inde b\u00fcy\u00fck \u00f6l\u00e7ekli santrallerin kurulu g\u00fcc\u00fcn\u00fcn [&hellip;]<\/p>\n","protected":false},"author":1,"featured_media":53926,"comment_status":"open","ping_status":"open","sticky":false,"template":"","format":"standard","meta":[],"categories":[53,49],"tags":[63,67,1009,2698,165,227,13,23133,22975,4269],"views":703,"_links":{"self":[{"href":"https:\/\/www.enerjigazetesi.ist\/en\/wp-json\/wp\/v2\/posts\/53925"}],"collection":[{"href":"https:\/\/www.enerjigazetesi.ist\/en\/wp-json\/wp\/v2\/posts"}],"about":[{"href":"https:\/\/www.enerjigazetesi.ist\/en\/wp-json\/wp\/v2\/types\/post"}],"author":[{"embeddable":true,"href":"https:\/\/www.enerjigazetesi.ist\/en\/wp-json\/wp\/v2\/users\/1"}],"replies":[{"embeddable":true,"href":"https:\/\/www.enerjigazetesi.ist\/en\/wp-json\/wp\/v2\/comments?post=53925"}],"version-history":[{"count":1,"href":"https:\/\/www.enerjigazetesi.ist\/en\/wp-json\/wp\/v2\/posts\/53925\/revisions"}],"predecessor-version":[{"id":53927,"href":"https:\/\/www.enerjigazetesi.ist\/en\/wp-json\/wp\/v2\/posts\/53925\/revisions\/53927"}],"wp:featuredmedia":[{"embeddable":true,"href":"https:\/\/www.enerjigazetesi.ist\/en\/wp-json\/wp\/v2\/media\/53926"}],"wp:attachment":[{"href":"https:\/\/www.enerjigazetesi.ist\/en\/wp-json\/wp\/v2\/media?parent=53925"}],"wp:term":[{"taxonomy":"category","embeddable":true,"href":"https:\/\/www.enerjigazetesi.ist\/en\/wp-json\/wp\/v2\/categories?post=53925"},{"taxonomy":"post_tag","embeddable":true,"href":"https:\/\/www.enerjigazetesi.ist\/en\/wp-json\/wp\/v2\/tags?post=53925"}],"curies":[{"name":"wp","href":"https:\/\/api.w.org\/{rel}","templated":true}]}}