{"id":5390,"date":"2013-01-18T16:19:22","date_gmt":"2013-01-18T13:19:22","guid":{"rendered":"https:\/\/www.enerjigazetesi.ist\/?p=5390"},"modified":"2013-01-18T16:20:08","modified_gmt":"2013-01-18T13:20:08","slug":"enerji-hanim-4-milyar-dolar-kazandiracak","status":"publish","type":"post","link":"https:\/\/www.enerjigazetesi.ist\/en\/enerji-hanim-4-milyar-dolar-kazandiracak\/","title":{"rendered":"(Turkish) \u2018Enerji Han\u0131m\u2019 Projesi 4 Milyar Dolar Kazand\u0131racak"},"content":{"rendered":"<p class=\"qtranxs-available-languages-message qtranxs-available-languages-message-en\">Sorry, this entry is only available in <a href=\"https:\/\/www.enerjigazetesi.ist\/tr\/wp-json\/wp\/v2\/posts\/5390\" class=\"qtranxs-available-language-link qtranxs-available-language-link-tr\" title=\"Turkish\">Turkish<\/a>. For the sake of viewer convenience, the content is shown below in the alternative language. You may click the link to switch the active language.<\/p><p><\/p>\n<h2>ODA\u011eINDA kad\u0131nlar\u0131n oldu\u011fu, enerji tasarrufuna y\u00f6nelik sosyal sorumluluk projesi \u2018Enerji Han\u0131m\u2019 tan\u0131t\u0131ld\u0131. Emine Erdo\u011fan\u2019\u0131n tan\u0131t\u0131m\u0131n\u0131 yapt\u0131\u011f\u0131 projede \u201cenerji toplayarak\u201d kad\u0131nlar\u0131n y\u0131lda bir \u00e7eyrek alt\u0131n, \u00fclke ekonomisinin ise 4 milyar dolar kazanmas\u0131 hedefleniyor.<\/h2>\n<p><img loading=\"lazy\" class=\"alignleft size-medium wp-image-5391\" title=\"enerji-tasarrufu-sosyal-sorumluluk-projesi\" src=\"https:\/\/www.enerjigazetesi.ist\/wp-content\/uploads\/2013\/01\/enerji-tasarrufu-sosyal-sorumluluk-projesi-300x195.jpg\" alt=\"\" width=\"300\" height=\"195\" srcset=\"https:\/\/www.enerjigazetesi.ist\/wp-content\/uploads\/2013\/01\/enerji-tasarrufu-sosyal-sorumluluk-projesi-300x195.jpg 300w, https:\/\/www.enerjigazetesi.ist\/wp-content\/uploads\/2013\/01\/enerji-tasarrufu-sosyal-sorumluluk-projesi-76x50.jpg 76w, https:\/\/www.enerjigazetesi.ist\/wp-content\/uploads\/2013\/01\/enerji-tasarrufu-sosyal-sorumluluk-projesi.jpg 334w\" sizes=\"(max-width: 300px) 100vw, 300px\" \/>BA\u015eBAKAN Tayyip Erdo\u011fan\u2019\u0131n e\u015fi Emine Erdo\u011fan, Enerji ve Tabii Kaynaklar Bakanl\u011f\u0131 ile Aile ve Sosyal Politikalar Bakanl\u0131\u011f\u0131 taraf\u0131ndan hayata ge\u00e7irilen ve oda\u011f\u0131nda kad\u0131nlar\u0131n oldu\u011fu, enerji tasarrufuna y\u00f6nelik sosyal sorumluluk projesi \u2018Enerji Han\u0131m\u2019\u0131 tan\u0131tt\u0131. Ev kad\u0131nlar\u0131ndan enerjiyi ekonomik kullanmaya davet eden Emine Erdo\u011fan, apartman y\u00f6neticilerine da \u00e7a\u011fr\u0131da bulundu ve ak\u015famlar\u0131 daha ucuz olan saatlerde \u00e7ama\u015f\u0131r y\u0131kay\u0131p elektrikli s\u00fcp\u00fcrge kullanarak, hem kendi b\u00fct\u00e7elerine hem de \u00fclke ekonomisine katk\u0131da bulunmak isteyen apartman sakinlerinin talipleri do\u011frultusunda d\u00fczenlemeye gitmelerini sal\u0131k verdi.<\/p>\n<p><strong>20 B\u0130N KADINA E\u011e\u0130T\u0130M<\/strong><\/p>\n<p>2013 y\u0131l\u0131nda, 20 ilde 20 bin kad\u0131na verilecek e\u011fitim program\u0131 ile kad\u0131nlar\u0131n tasarruf konusunda bilin\u00e7lendirilece\u011fi ve \u201cEnerji toplayarak\u201d kad\u0131nlara y\u0131lda bir \u00e7eyrek alt\u0131n, \u00fclke ekonomisine de 4 milyar dolar kazand\u0131rmas\u0131 beklenen \u201cEnerji Verimlili\u011fi Kampanyas\u0131\u201d, y\u0131lda 200 tam te\u015fekk\u00fcll\u00fc hastane, 1000 okul demek. \u00c7\u0131ra\u011fan Otel\u2019de Enerji ve Tabii Kaynaklar Bakan\u0131 Taner Y\u0131ld\u0131z ve Aile ve Sosyal Politikalar Bakan\u0131 Fatma \u015eahin\u2019in de kat\u0131l\u0131m\u0131yla d\u00fczenlenen bas\u0131n toplant\u0131s\u0131yla tan\u0131t\u0131ld\u0131. Projeye destek veren Emine Erdo\u011fan, tasarruf konusunda bilincin aile ba\u015flad\u0131\u011f\u0131na dikkat \u00e7ekip, \u201cAilede bilin\u00e7li bir \u015fekilde t\u00fcketmeyi \u00f6\u011frenmek, bunu ailenin di\u011fer fertlerine \u00f6\u011fretmek, \u00f6ncelikle annelere\u201d d\u00fc\u015f\u00fcyor diyerek, kad\u0131nlardan kampanyaya destek istedi. Erdo\u011fan, \u015funlar\u0131 s\u00f6yledi: \u201cD\u00fcnya n\u00fcfusunun y\u00fczde 10\u2019dan fazlas\u0131, 900 milyon ki\u015fi, g\u00fcnl\u00fck 1 dolar\u0131n, d\u00fcnya n\u00fcfusunun yakla\u015f\u0131k yar\u0131s\u0131, yani 3 milyar ki\u015fi, g\u00fcnl\u00fck sadece 2.5 dolar, d\u00fcnya n\u00fcfusunun y\u00fczde 80\u2019i, yani 5 milyar ki\u015fi de, g\u00fcnl\u00fck 10 dolar ve alt\u0131 harcama yaparak hayatlar\u0131n\u0131 s\u00fcrd\u00fcr\u00fcyor. D\u00fcnya genelinde, en yoksul y\u00fczde 40, gelirin y\u00fczde 5\u2019ini kullan\u0131yor. Buna kar\u015f\u0131l\u0131k d\u00fcnya genelinde en zengin y\u00fczde 20, dikkat ediniz, gelirin y\u00fczde 75\u2019ini kullan\u0131yor. Bir ba\u015fka ifadeyle, d\u00fcnyan\u0131n elinde 100 lira varsa, 5 liras\u0131n\u0131 40 ki\u015fi, 75 liras\u0131n\u0131 da sadece 20 ki\u015fi payla\u015f\u0131yor. UNICEF verilerine g\u00f6re, her g\u00fcn, 22 bin \u00e7ocuk a\u00e7l\u0131ktan dolay\u0131 hayat\u0131n\u0131 kaybediyor. En iyimser tahminlere g\u00f6re, d\u00fcnyada, ilkokul \u00e7a\u011f\u0131ndaki 72 milyon \u00e7ocuk okula gidemiyor ve bunlar\u0131n y\u00fczde 57\u2019si de k\u0131z \u00e7ocuklar\u0131ndan olu\u015fuyor. 1 milyardan fazla ki\u015fi, temiz ve yeterli su imkan\u0131ndan uzak. \u015eu anda d\u00fcnyam\u0131zda, 2,2 milyar ki\u015fi, yemek pi\u015firmek i\u00e7in odun, k\u00f6m\u00fcr ve hayvanlardan elde edilen biyolojik yak\u0131t\u0131 kullan\u0131yor. D\u00fcnya n\u00fcfusunun neredeyse 4\u2019te biri, elektrik enerjisine sahip de\u011fil.\u201d<\/p>\n<p><strong>SORUMLULUK B\u0130Z\u0130M<\/strong><\/p>\n<p>Bizler, \u0131\u015f\u0131l \u0131\u015f\u0131l ayd\u0131nlanm\u0131\u015f \u015fehirlerde, parlak vitrinlerin \u00f6n\u00fcnden ge\u00e7erken, her t\u00fcrl\u00fc elektrikli arac\u0131 kullan\u0131rken, hayat\u0131nda hi\u00e7 elektrik d\u00fc\u011fmesine basmam\u0131\u015f, hi\u00e7 ocak g\u00f6rmemi\u015f milyonlarca kad\u0131n var. Bizim inan\u00e7lar\u0131m\u0131z, b\u00f6yle bir e\u015fitsizli\u011fe, b\u00f6yle bir adaletsizli\u011fe g\u00f6z yummay\u0131 asla onaylamaz. D\u00fcnya \u00fczerindeki bu e\u015fitsizli\u011fe, bu adaletsizli\u011fe kar\u015f\u0131 y\u00fcr\u00fct\u00fclecek en \u00f6nemli m\u00fccadele, tasarruftur. Elimiz oca\u011f\u0131n d\u00fc\u011fmesine her gitti\u011finde, hi\u00e7 ocak g\u00f6rmemi\u015f, odundan, tezekten ba\u015fka enerji kayna\u011f\u0131 kullanmam\u0131\u015f karde\u015flerimizi hat\u0131rlamak zorunday\u0131z. Bir \u00e7ama\u015f\u0131r makinesinin, bir bula\u015f\u0131k makinesinin d\u00fc\u011fmesine basarken, d\u00fcnyadaki kaynaklar\u0131n adaletsiz da\u011f\u0131t\u0131m\u0131ndan ve a\u00e7l\u0131ktan dolay\u0131 hayat\u0131n\u0131 kaybeden masum yavrular\u0131 d\u00fc\u015f\u00fcnmek zorunday\u0131z. \u0130sraf edilen her birim enerjinin, d\u00fcnyam\u0131zda yok olan a\u011fa\u00e7lar, kirlenen sular, eriyen buzullar demek. Tasarruf, tamamen ki\u015fisel bir sorumluluktur. Hi\u00e7 kimse, bu sorumlulu\u011fu ba\u015fkas\u0131na y\u00fckleme l\u00fcks\u00fcne sahip de\u011fil.\u00a0 Kendi vicdan\u0131m\u0131zla y\u00fczle\u015ferek, \u00e7ocuklar\u0131m\u0131z\u0131n ve\u00a0 d\u00fcnyan\u0131n gelece\u011fini d\u00fc\u015f\u00fcnerek, bu tasarruf hareketini b\u00fcy\u00fctmek ve \u00e7o\u011faltmak durumunday\u0131z.\u201d<\/p>\n<p><strong>Tencere al\u0131rken dibine bak\u0131n<\/strong><\/p>\n<p>A\u0130LE ve Sosyal Politikalar Bakan\u0131 Fatma \u015eahin de, en b\u00fcy\u00fck elektrik t\u00fckecilerinin aileler oldu\u011funa dikkat \u00e7ekip, 120 mektrekarelik evde, 4 ki\u015filik ailenin y\u0131lda 8 bin kilovatsaat enerji harcad\u0131\u011f\u0131n\u0131 belirtti. \u015eahin, k\u00fc\u00e7\u00fck tiyolar da verdi: \u201cAlaca\u011f\u0131n\u0131z tencerenin taban\u0131na dikkat edin. Yeme\u011fi buzdolob\u0131na s\u0131cak koymay\u0131n. \u00c7\u0131kard\u0131\u011f\u0131n\u0131zda da, oda s\u0131cakl\u0131\u011f\u0131na geldikten sonra \u0131s\u0131t\u0131n.\u201d \u015eahin, \u201cBaz\u0131 apartmanlarda \u00e7ama\u015f\u0131r makinesini gece kullanmak yasak\u201d denmesi \u00fczerine de \u201cBizim apartman\u0131m\u0131zda b\u00f6yle yasak yok\u201d dedi.<\/p>\n<p><strong>Elektri\u011fi gece daha ucuza kullan\u0131n<\/strong><\/p>\n<p>ENERJ\u0130 Bakan\u0131 Taner Y\u0131ld\u0131z da, elekti\u011fin ak\u015fam saatlerinden sabaha kadar daha ucuz oldu\u011funu ve kad\u0131nlar\u0131n ev i\u015flerini bu saatler aras\u0131nda yaparak aile ekonomilerine katk\u0131da bulunmas\u0131n\u0131 isterken, Ba\u015fbakan Erdo\u011fan\u2019\u0131n e\u015fi Emine Erdo\u011fan, elektri\u011fin gece ucuz oldu\u011funu, kendisinin de bilmedi\u011fini, bu bilginin yayg\u0131nla\u015ft\u0131r\u0131lmas\u0131n\u0131n, enerji tasarrufuna katk\u0131da bulunaca\u011f\u0131n\u0131 ifade etti. Emine Erdo\u011fan, baz\u0131 apartman ve site y\u00f6neticilerinin\u00a0 gece ses \u00e7\u0131karan \u00e7ama\u015f\u0131r makinesi ve elektrik s\u00fcp\u00fcrgelerinin kullan\u0131m\u0131na k\u0131s\u0131tlama getirdi\u011finin hat\u0131rlat\u0131lmas\u0131 \u00fczerine, apartman ve site y\u00f6netimiyle konu\u015farak, \u00e7\u00f6z\u00fcm bulunmas\u0131 gerekti\u011fini s\u00f6yledi. Bakan Y\u0131ld\u0131z da, \u00e7ama\u015f\u0131r makinalar\u0131n\u0131n art\u0131k daha sessiz \u00e7al\u0131\u015ft\u0131\u011f\u0131n\u0131, belirtip, \u201cAma s\u00fcp\u00fcrgeyi \u00f6nce yapabilir\u201d dedi.<\/p>\n<p>Kaynak: <a href=\"http:\/\/www.hurriyet.com.tr\/ekonomi\/22216418.asp\" target=\"_blank\">H\u00fcrriyet<\/a><\/p>","protected":false},"excerpt":{"rendered":"<p>Sorry, this entry is only available in Turkish. For the sake of viewer convenience, the content is shown below in the alternative language. You may click the link to switch the active language. ODA\u011eINDA kad\u0131nlar\u0131n oldu\u011fu, enerji tasarrufuna y\u00f6nelik sosyal sorumluluk projesi \u2018Enerji Han\u0131m\u2019 tan\u0131t\u0131ld\u0131. Emine Erdo\u011fan\u2019\u0131n tan\u0131t\u0131m\u0131n\u0131 yapt\u0131\u011f\u0131 projede \u201cenerji toplayarak\u201d kad\u0131nlar\u0131n y\u0131lda bir [&hellip;]<\/p>\n","protected":false},"author":1,"featured_media":5391,"comment_status":"open","ping_status":"open","sticky":false,"template":"","format":"standard","meta":[],"categories":[53,52],"tags":[67,103,12,1884,133],"views":619,"_links":{"self":[{"href":"https:\/\/www.enerjigazetesi.ist\/en\/wp-json\/wp\/v2\/posts\/5390"}],"collection":[{"href":"https:\/\/www.enerjigazetesi.ist\/en\/wp-json\/wp\/v2\/posts"}],"about":[{"href":"https:\/\/www.enerjigazetesi.ist\/en\/wp-json\/wp\/v2\/types\/post"}],"author":[{"embeddable":true,"href":"https:\/\/www.enerjigazetesi.ist\/en\/wp-json\/wp\/v2\/users\/1"}],"replies":[{"embeddable":true,"href":"https:\/\/www.enerjigazetesi.ist\/en\/wp-json\/wp\/v2\/comments?post=5390"}],"version-history":[{"count":4,"href":"https:\/\/www.enerjigazetesi.ist\/en\/wp-json\/wp\/v2\/posts\/5390\/revisions"}],"predecessor-version":[{"id":5395,"href":"https:\/\/www.enerjigazetesi.ist\/en\/wp-json\/wp\/v2\/posts\/5390\/revisions\/5395"}],"wp:featuredmedia":[{"embeddable":true,"href":"https:\/\/www.enerjigazetesi.ist\/en\/wp-json\/wp\/v2\/media\/5391"}],"wp:attachment":[{"href":"https:\/\/www.enerjigazetesi.ist\/en\/wp-json\/wp\/v2\/media?parent=5390"}],"wp:term":[{"taxonomy":"category","embeddable":true,"href":"https:\/\/www.enerjigazetesi.ist\/en\/wp-json\/wp\/v2\/categories?post=5390"},{"taxonomy":"post_tag","embeddable":true,"href":"https:\/\/www.enerjigazetesi.ist\/en\/wp-json\/wp\/v2\/tags?post=5390"}],"curies":[{"name":"wp","href":"https:\/\/api.w.org\/{rel}","templated":true}]}}