{"id":53896,"date":"2016-06-10T20:32:23","date_gmt":"2016-06-10T17:32:23","guid":{"rendered":"https:\/\/www.enerjigazetesi.ist\/?p=53896"},"modified":"2016-06-10T20:32:23","modified_gmt":"2016-06-10T17:32:23","slug":"tetas-yerli-komur-yakitli-santrallerden-ihalesiz-elektrik-alimi-yapacak","status":"publish","type":"post","link":"https:\/\/www.enerjigazetesi.ist\/en\/tetas-yerli-komur-yakitli-santrallerden-ihalesiz-elektrik-alimi-yapacak\/","title":{"rendered":"(Turkish) TETA\u015e, Yerli K\u00f6m\u00fcr Yak\u0131tl\u0131 Santrallerden \u0130halesiz Elektrik Al\u0131m\u0131 Yapacak!"},"content":{"rendered":"<p class=\"qtranxs-available-languages-message qtranxs-available-languages-message-en\">Sorry, this entry is only available in <a href=\"https:\/\/www.enerjigazetesi.ist\/tr\/wp-json\/wp\/v2\/posts\/53896\" class=\"qtranxs-available-language-link qtranxs-available-language-link-tr\" title=\"Turkish\">Turkish<\/a>. For the sake of viewer convenience, the content is shown below in the alternative language. You may click the link to switch the active language.<\/p><p><\/p>\n<p class=\"selectionShareable\" style=\"color: #0a0a0a;\"><strong>TETA\u015e, taraf\u0131ndan TBMM Genel Kurulu\u2019nda, Elektrik Piyasas\u0131 Kanunu ile Baz\u0131 Kanunlarda De\u011fi\u015fiklik Yapan Kanun Teklifi kabul edilerek yasala\u015ft\u0131. Buna g\u00f6re, tedarik ama\u00e7l\u0131 yap\u0131lacak elektrik al\u0131mlar\u0131 ihalesiz olacak ve TETA\u015e istedi\u011fi ki\u015fiden istedi\u011fi fiyattan elektrik alabilecek.<\/strong><span id=\"more-81537\"><\/span><\/p>\n<p class=\"selectionShareable\" style=\"color: #0a0a0a;\">TETA\u015e; elektrik enerjisi miktar\u0131n\u0131n mevcut s\u00f6zle\u015fmeler kapsam\u0131nda kar\u015f\u0131layamamas\u0131 durumunda yerli k\u00f6m\u00fcr yak\u0131tl\u0131 elektrik \u00fcretim santrallerini i\u015flete<img loading=\"lazy\" class=\"alignleft size-medium wp-image-53897\" src=\"https:\/\/www.enerjigazetesi.ist\/wp-content\/uploads\/2016\/06\/tetas-yerli-komur-yakitli-santrallerden-ihalesiz-elektrik-alimi-yapacak-300x171.png\" alt=\"tetas-yerli-komur-yakitli-santrallerden-ihalesiz-elektrik-alimi-yapacak\" width=\"300\" height=\"171\" srcset=\"https:\/\/www.enerjigazetesi.ist\/wp-content\/uploads\/2016\/06\/tetas-yerli-komur-yakitli-santrallerden-ihalesiz-elektrik-alimi-yapacak-300x171.png 300w, https:\/\/www.enerjigazetesi.ist\/wp-content\/uploads\/2016\/06\/tetas-yerli-komur-yakitli-santrallerden-ihalesiz-elektrik-alimi-yapacak-500x285.png 500w, https:\/\/www.enerjigazetesi.ist\/wp-content\/uploads\/2016\/06\/tetas-yerli-komur-yakitli-santrallerden-ihalesiz-elektrik-alimi-yapacak-80x45.png 80w, https:\/\/www.enerjigazetesi.ist\/wp-content\/uploads\/2016\/06\/tetas-yerli-komur-yakitli-santrallerden-ihalesiz-elektrik-alimi-yapacak.png 896w\" sizes=\"(max-width: 300px) 100vw, 300px\" \/>n \u015firketlerden temin edecek. S\u00f6z konusu teminle ilgili miktar, s\u00fcre ve fiyat belirleme dahil di\u011fer usul ve esaslar Bakanlar Kurulu\u2019nca belirlenecek.<\/p>\n<h3 style=\"font-weight: 400; color: #111111;\"><strong><br \/>\n\u0130lk al\u0131mlar Temmuz veya A\u011fustosta ba\u015flayabilir<\/strong><\/h3>\n<p class=\"selectionShareable\" style=\"color: #0a0a0a;\">Elde edilen bilgilere g\u00f6re, TETA\u015e ilk al\u0131mlar\u0131na Temmuz veya A\u011fustos aylar\u0131nda ba\u015flayabilir. Son d\u00f6nemde, elektrik arz-talep dengesinde, enerji y\u00f6netiminin projeksiyonlar\u0131ndan d\u00fc\u015f\u00fck talep art\u0131\u015f\u0131 ve y\u00fcksek yat\u0131r\u0131m nedeniyle arz fazlas\u0131 ortaya \u00e7\u0131kt\u0131. Bunun sonucunda, serbest piyasada belirlenen elektrik fiyatlar\u0131, elektrik \u00fcreticilerinin kredi \u00f6demelerini s\u0131k\u0131nt\u0131ya sokacak kadar d\u00fc\u015ft\u00fc.\u00a0Sekt\u00f6r kaynaklar\u0131ndan elde edilen bilgilere g\u00f6re bu strateji ile \u00f6zellikle yerli k\u00f6m\u00fcrden elektrik \u00fcretimi yapan \u015firketlerden elektrik al\u0131m\u0131 yap\u0131larak bu santrallere destek verilmi\u015f olacak ayn\u0131 zamanda serbest piyasada referans fiyat\u0131n belirlendi\u011fi fiziksel piyasada hacimler d\u00fc\u015f\u00fcr\u00fclerek elektrik fiyatlar\u0131na yukar\u0131 y\u00f6nl\u00fc destek verilmi\u015f olacak.<\/p>\n<p class=\"selectionShareable\"><strong><a style=\"color: #1e73be;\" href=\"http:\/\/enerjienstitusu.com\/turkiye-kurulu-elektrik-enerji-gucu-mw\/\" target=\"_blank\" rel=\"nofollow\">\u0130nteraktif T\u00fcrkiye Kurulu G\u00fcc\u00fc Geli\u015fimi \u0130\u00e7in TIKLAYINIZ&gt;&gt;&gt;<\/a>\u00a0<\/strong><\/p>\n<p class=\"selectionShareable\">Enerji ve Tabii Kaynaklar Bakanl\u0131\u011f\u0131 taraf\u0131ndan, E\u00dcA\u015e ile ba\u011fl\u0131 ortakl\u0131klar\u0131na ait varl\u0131klar\u0131n, yenilenebilir enerji kaynaklar\u0131 veya yerli k\u00f6m\u00fcre dayal\u0131 elektrik \u00fcretim tesisi kurulmas\u0131 amac\u0131yla \u00f6zelle\u015ftirilmesinin talep edilmesi halinde, \u00f6zelle\u015ftirme \u0130daresi Ba\u015fkanl\u0131\u011f\u0131nca ger\u00e7ekle\u015ftirilecek \u00f6zelle\u015ftirme i\u015flemlerinde ilgili kanun h\u00fck\u00fcmleri uygulanacak.<\/p>\n<p class=\"selectionShareable\">\u00d6zelle\u015ftirme ihalesi, imzalanacak elektrik sat\u0131\u015f anla\u015fmas\u0131 i\u00e7in ge\u00e7erli olacak elektrik enerjisi sat\u0131\u015f fiyat\u0131n\u0131n belirlenmesi amac\u0131yla pazarl\u0131k usul\u00fcyle yap\u0131lacak.<\/p>\n<p class=\"selectionShareable\">E\u00dcA\u015e veya ba\u011fl\u0131 ortakl\u0131k, i\u015ftirak, i\u015fletme ve i\u015fletme birimleri ile kamu \u00fcretim \u015firketlerine ve bu \u015firketlere ait \u00fcretim tesislerine, bunlardan bu d\u00fczenlemede yap\u0131lan de\u011fi\u015fikli\u011fin y\u00fcr\u00fcrl\u00fc\u011fe girdi\u011fi tarihten \u00f6nce \u00f6zelle\u015ftirilmi\u015f olanlarla, y\u00fcr\u00fcrl\u00fck tarihinden sonra \u00f6zelle\u015ftirilecek olanlar i\u00e7in de ge\u00e7erli olmak \u00fczere; \u00e7evre mevzuat\u0131na uyumuna y\u00f6nelik yat\u0131r\u0131mlar\u0131n ger\u00e7ekle\u015ftirilmesi ve \u00e7evre mevzuat\u0131 a\u00e7\u0131s\u0131ndan gerekli izinlerin tamamlanmas\u0131 amac\u0131yla, 31 Aral\u0131k 2019 tarihine kadar s\u00fcre tan\u0131nacak.<\/p>\n<p class=\"selectionShareable\">Kaynak: Enerji Enstit\u00fcs\u00fc<\/p>\n<p><\/p>","protected":false},"excerpt":{"rendered":"<p>Sorry, this entry is only available in Turkish. For the sake of viewer convenience, the content is shown below in the alternative language. You may click the link to switch the active language. TETA\u015e, taraf\u0131ndan TBMM Genel Kurulu\u2019nda, Elektrik Piyasas\u0131 Kanunu ile Baz\u0131 Kanunlarda De\u011fi\u015fiklik Yapan Kanun Teklifi kabul edilerek yasala\u015ft\u0131. Buna g\u00f6re, tedarik ama\u00e7l\u0131 [&hellip;]<\/p>\n","protected":false},"author":1,"featured_media":53897,"comment_status":"open","ping_status":"open","sticky":false,"template":"","format":"standard","meta":[],"categories":[51,53,24649],"tags":[68,8767,61,63,67,1009,2698,165,3499,30147],"views":1244,"_links":{"self":[{"href":"https:\/\/www.enerjigazetesi.ist\/en\/wp-json\/wp\/v2\/posts\/53896"}],"collection":[{"href":"https:\/\/www.enerjigazetesi.ist\/en\/wp-json\/wp\/v2\/posts"}],"about":[{"href":"https:\/\/www.enerjigazetesi.ist\/en\/wp-json\/wp\/v2\/types\/post"}],"author":[{"embeddable":true,"href":"https:\/\/www.enerjigazetesi.ist\/en\/wp-json\/wp\/v2\/users\/1"}],"replies":[{"embeddable":true,"href":"https:\/\/www.enerjigazetesi.ist\/en\/wp-json\/wp\/v2\/comments?post=53896"}],"version-history":[{"count":1,"href":"https:\/\/www.enerjigazetesi.ist\/en\/wp-json\/wp\/v2\/posts\/53896\/revisions"}],"predecessor-version":[{"id":53898,"href":"https:\/\/www.enerjigazetesi.ist\/en\/wp-json\/wp\/v2\/posts\/53896\/revisions\/53898"}],"wp:featuredmedia":[{"embeddable":true,"href":"https:\/\/www.enerjigazetesi.ist\/en\/wp-json\/wp\/v2\/media\/53897"}],"wp:attachment":[{"href":"https:\/\/www.enerjigazetesi.ist\/en\/wp-json\/wp\/v2\/media?parent=53896"}],"wp:term":[{"taxonomy":"category","embeddable":true,"href":"https:\/\/www.enerjigazetesi.ist\/en\/wp-json\/wp\/v2\/categories?post=53896"},{"taxonomy":"post_tag","embeddable":true,"href":"https:\/\/www.enerjigazetesi.ist\/en\/wp-json\/wp\/v2\/tags?post=53896"}],"curies":[{"name":"wp","href":"https:\/\/api.w.org\/{rel}","templated":true}]}}