{"id":53887,"date":"2016-06-10T13:42:06","date_gmt":"2016-06-10T10:42:06","guid":{"rendered":"https:\/\/www.enerjigazetesi.ist\/?p=53887"},"modified":"2016-06-10T13:45:26","modified_gmt":"2016-06-10T10:45:26","slug":"corum-belediyesi-nin-15-milyon-avroluk-ruzgar-enerji-projesi-ay-sonu-ihaleye-cikiyor","status":"publish","type":"post","link":"https:\/\/www.enerjigazetesi.ist\/en\/corum-belediyesi-nin-15-milyon-avroluk-ruzgar-enerji-projesi-ay-sonu-ihaleye-cikiyor\/","title":{"rendered":"(Turkish) \u00c7orum&#8217;un 15 Milyon Avroluk R\u00fczgar Enerji Projesi Ay Sonu \u0130haleye \u00c7\u0131k\u0131yor!"},"content":{"rendered":"<p class=\"qtranxs-available-languages-message qtranxs-available-languages-message-en\">Sorry, this entry is only available in <a href=\"https:\/\/www.enerjigazetesi.ist\/tr\/wp-json\/wp\/v2\/posts\/53887\" class=\"qtranxs-available-language-link qtranxs-available-language-link-tr\" title=\"Turkish\">Turkish<\/a>. For the sake of viewer convenience, the content is shown below in the alternative language. You may click the link to switch the active language.<\/p><p><strong><span style=\"color: #0a0a0a;\">\u00c7orum Belediyesi\u2019nin 15 milyon avroya mal olacak r\u00fczgar enerji projesi bu ay sonu ihaleye \u00e7\u0131k\u0131yor.<\/span><\/strong><span id=\"more-81553\" style=\"color: #0a0a0a;\"><\/span><\/p>\n<p>\u00c7orum Belediyesi\u2019nin ken<a href=\"https:\/\/www.enerjigazetesi.ist\/wp-content\/uploads\/2016\/06\/corum-belediyesi-nin-15-milyon-avroluk-ruzgar-enerji-projesi-ay-sonu-ihaleye-cikiyor.jpg\"><img loading=\"lazy\" class=\"alignleft size-medium wp-image-53888\" src=\"https:\/\/www.enerjigazetesi.ist\/wp-content\/uploads\/2016\/06\/corum-belediyesi-nin-15-milyon-avroluk-ruzgar-enerji-projesi-ay-sonu-ihaleye-cikiyor-300x199.jpg\" alt=\"corum-belediyesi-nin-15-milyon-avroluk-ruzgar-enerji-projesi-ay-sonu-ihaleye-cikiyor\" width=\"300\" height=\"199\" srcset=\"https:\/\/www.enerjigazetesi.ist\/wp-content\/uploads\/2016\/06\/corum-belediyesi-nin-15-milyon-avroluk-ruzgar-enerji-projesi-ay-sonu-ihaleye-cikiyor-300x199.jpg 300w, https:\/\/www.enerjigazetesi.ist\/wp-content\/uploads\/2016\/06\/corum-belediyesi-nin-15-milyon-avroluk-ruzgar-enerji-projesi-ay-sonu-ihaleye-cikiyor-500x332.jpg 500w, https:\/\/www.enerjigazetesi.ist\/wp-content\/uploads\/2016\/06\/corum-belediyesi-nin-15-milyon-avroluk-ruzgar-enerji-projesi-ay-sonu-ihaleye-cikiyor-75x50.jpg 75w, https:\/\/www.enerjigazetesi.ist\/wp-content\/uploads\/2016\/06\/corum-belediyesi-nin-15-milyon-avroluk-ruzgar-enerji-projesi-ay-sonu-ihaleye-cikiyor.jpg 696w\" sizes=\"(max-width: 300px) 100vw, 300px\" \/><\/a>di elektri\u011finin yan\u0131 s\u0131ra yakla\u015f\u0131k 14 milyon Kwh elektrik \u00fcretimi ger\u00e7ekle\u015ftirece\u011fi R\u00fczgar Enerji Santrali\u2019nin ihalesi 28 Haziran\u2019da ger\u00e7ekle\u015ftirilecek. Bu dev yat\u0131r\u0131mla \u00c7orum Belediyesi, di\u011fer belediyelere de \u00f6rnek te\u015fkil edecek.<\/p>\n<p>D\u00fcnyadaki geli\u015fmeleri ve yenilikleri yak\u0131ndan takip ettiklerini vurgulayan \u00c7orum Belediye Ba\u015fkan\u0131 Muzaffer K\u00fclc\u00fc, belediyenin enerji ihtiyac\u0131n\u0131 bu santralden kar\u015f\u0131layacaklar\u0131n\u0131 s\u00f6yledi.<\/p>\n<p>\u00c7evreye ve do\u011faya duyarl\u0131 bir belediyecilik anlay\u0131\u015f\u0131 ile do\u011faya zarar vermeden, \u00e7evreyi kirletmeden elektrik \u00fcreteceklerini anlatan Ba\u015fkan K\u00fclc\u00fc, R\u00fczgar Enerjisi Santrali Projesinin hem \u00c7orum Belediyesi hem de T\u00fcrkiye\u2019deki belediyeler a\u00e7\u0131s\u0131ndan farkl\u0131 bir tecr\u00fcbe olaca\u011f\u0131n\u0131 s\u00f6zlerine ekledi.<\/p>\n<p>Kaynak: Enerji Enstit\u00fcs\u00fc<\/p>","protected":false},"excerpt":{"rendered":"<p>Sorry, this entry is only available in Turkish. For the sake of viewer convenience, the content is shown below in the alternative language. You may click the link to switch the active language.\u00c7orum Belediyesi\u2019nin 15 milyon avroya mal olacak r\u00fczgar enerji projesi bu ay sonu ihaleye \u00e7\u0131k\u0131yor. \u00c7orum Belediyesi\u2019nin kendi elektri\u011finin yan\u0131 s\u0131ra yakla\u015f\u0131k 14 [&hellip;]<\/p>\n","protected":false},"author":1,"featured_media":53888,"comment_status":"open","ping_status":"open","sticky":false,"template":"","format":"standard","meta":[],"categories":[53,50],"tags":[24680,63,67,1009,93,2698,165,2054,69,30145,16,30144,231,23318,22615,4784],"views":1138,"_links":{"self":[{"href":"https:\/\/www.enerjigazetesi.ist\/en\/wp-json\/wp\/v2\/posts\/53887"}],"collection":[{"href":"https:\/\/www.enerjigazetesi.ist\/en\/wp-json\/wp\/v2\/posts"}],"about":[{"href":"https:\/\/www.enerjigazetesi.ist\/en\/wp-json\/wp\/v2\/types\/post"}],"author":[{"embeddable":true,"href":"https:\/\/www.enerjigazetesi.ist\/en\/wp-json\/wp\/v2\/users\/1"}],"replies":[{"embeddable":true,"href":"https:\/\/www.enerjigazetesi.ist\/en\/wp-json\/wp\/v2\/comments?post=53887"}],"version-history":[{"count":3,"href":"https:\/\/www.enerjigazetesi.ist\/en\/wp-json\/wp\/v2\/posts\/53887\/revisions"}],"predecessor-version":[{"id":53891,"href":"https:\/\/www.enerjigazetesi.ist\/en\/wp-json\/wp\/v2\/posts\/53887\/revisions\/53891"}],"wp:featuredmedia":[{"embeddable":true,"href":"https:\/\/www.enerjigazetesi.ist\/en\/wp-json\/wp\/v2\/media\/53888"}],"wp:attachment":[{"href":"https:\/\/www.enerjigazetesi.ist\/en\/wp-json\/wp\/v2\/media?parent=53887"}],"wp:term":[{"taxonomy":"category","embeddable":true,"href":"https:\/\/www.enerjigazetesi.ist\/en\/wp-json\/wp\/v2\/categories?post=53887"},{"taxonomy":"post_tag","embeddable":true,"href":"https:\/\/www.enerjigazetesi.ist\/en\/wp-json\/wp\/v2\/tags?post=53887"}],"curies":[{"name":"wp","href":"https:\/\/api.w.org\/{rel}","templated":true}]}}