{"id":53881,"date":"2016-06-10T13:14:14","date_gmt":"2016-06-10T10:14:14","guid":{"rendered":"https:\/\/www.enerjigazetesi.ist\/?p=53881"},"modified":"2016-06-10T13:14:14","modified_gmt":"2016-06-10T10:14:14","slug":"ab-turkiye-enerjide-stratejik-ortagimiz","status":"publish","type":"post","link":"https:\/\/www.enerjigazetesi.ist\/en\/ab-turkiye-enerjide-stratejik-ortagimiz\/","title":{"rendered":"(Turkish) AB: \u201cT\u00fcrkiye Enerjide Stratejik Orta\u011f\u0131m\u0131z!\u201d"},"content":{"rendered":"<p class=\"qtranxs-available-languages-message qtranxs-available-languages-message-en\">Sorry, this entry is only available in <a href=\"https:\/\/www.enerjigazetesi.ist\/tr\/wp-json\/wp\/v2\/posts\/53881\" class=\"qtranxs-available-language-link qtranxs-available-language-link-tr\" title=\"Turkish\">Turkish<\/a>. For the sake of viewer convenience, the content is shown below in the alternative language. You may click the link to switch the active language.<\/p><p><\/p>\n<p class=\"selectionShareable\" style=\"color: #0a0a0a;\"><strong>T\u00fcrkiye Delegasyonu Ticaret, Ekonomi, Tar\u0131m ve Enerji B\u00f6l\u00fcm Ba\u015fkan\u0131 Gargya T\u00fcrkiye\u2019nin yenilenebilir enerji alan\u0131ndaki geli\u015fimini yak\u0131ndan takip ettiklerini s\u00f6yledi.<\/strong><span id=\"more-81555\"><\/span><\/p>\n<div id=\"ortahb\" style=\"color: #0a0a0a;\">\n<div id=\"vucut\" class=\"vucut\">\n<p class=\"selectionShareable\">Avrupa Birli\u011fi (AB) T\u00fcrkiye Delegasyonu Ticaret, Ekonomi, Tar\u0131m ve Enerji B\u00f6l\u00fcm Ba\u015fkan\u0131 Balazs Gargya, \u201cT\u00fcrkiye\u2019yi enerji konusunda stratejik ortak <a href=\"https:\/\/www.enerjigazetesi.ist\/wp-content\/uploads\/2016\/06\/ab-turkiye-enerjide-stratejik-ortagimiz.jpg\"><img loading=\"lazy\" class=\"alignleft size-medium wp-image-53882\" src=\"https:\/\/www.enerjigazetesi.ist\/wp-content\/uploads\/2016\/06\/ab-turkiye-enerjide-stratejik-ortagimiz-300x166.jpg\" alt=\"ab-turkiye-enerjide-stratejik-ortagimiz\" width=\"300\" height=\"166\" srcset=\"https:\/\/www.enerjigazetesi.ist\/wp-content\/uploads\/2016\/06\/ab-turkiye-enerjide-stratejik-ortagimiz-300x166.jpg 300w, https:\/\/www.enerjigazetesi.ist\/wp-content\/uploads\/2016\/06\/ab-turkiye-enerjide-stratejik-ortagimiz-500x276.jpg 500w, https:\/\/www.enerjigazetesi.ist\/wp-content\/uploads\/2016\/06\/ab-turkiye-enerjide-stratejik-ortagimiz-80x44.jpg 80w, https:\/\/www.enerjigazetesi.ist\/wp-content\/uploads\/2016\/06\/ab-turkiye-enerjide-stratejik-ortagimiz.jpg 670w\" sizes=\"(max-width: 300px) 100vw, 300px\" \/><\/a>olarak g\u00f6r\u00fcyoruz ve enerji alan\u0131nda g\u00f6r\u00fc\u015fmelerimize devam etmek istiyoruz.\u201d dedi.<\/p>\n<p class=\"selectionShareable\">Uluslararas\u0131 Jeotermal Enerji Kongresi\u2019nde Gargya, AB ve T\u00fcrkiye\u2019nin enerji konusunda olumlu g\u00f6r\u00fc\u015fmeler ger\u00e7ekle\u015ftirdi\u011fini s\u00f6yledi.<\/p>\n<div id=\"ortahb\">\n<div id=\"vucut\" class=\"vucut\">\n<p class=\"selectionShareable\">AB olarak T\u00fcrkiye\u2019nin yenilenebilir enerji alan\u0131ndaki geli\u015fimini yak\u0131ndan takip ettiklerini dile getiren Gargya, T\u00fcrkiye\u2019nin enerjide 2023 hedeflerine do\u011fru emin ad\u0131mlarla ilerledi\u011fini belirtti.<\/p>\n<p class=\"selectionShareable\">Gargya, AB ve T\u00fcrkiye aras\u0131nda d\u00fczenlenen Y\u00fcksek D\u00fczeyli Enerji Diyalo\u011fu Toplant\u0131s\u0131\u2019n\u0131n ilk kez ge\u00e7en y\u0131l yap\u0131ld\u0131\u011f\u0131n\u0131 hat\u0131rlatarak, \u201cTaraflar aras\u0131nda k\u0131sa s\u00fcre i\u00e7inde ikinci toplant\u0131 ger\u00e7ekle\u015ftirildi. Biz, T\u00fcrkiye\u2019yi enerji alan\u0131nda stratejik ortak olarak g\u00f6r\u00fcyoruz ve enerji alan\u0131nda g\u00f6r\u00fc\u015fmelerimize devam etmek istiyoruz.\u201d diye konu\u015ftu.<\/p>\n<p class=\"selectionShareable\">T\u00fcrkiye\u2019nin yenilenebilir enerji alan\u0131ndaki yasal d\u00fczenlemelerini h\u0131zland\u0131rmas\u0131 gerekti\u011fine dikkati \u00e7eken Gargya, enerji \u015firketleri i\u00e7in lisanslama s\u00fcre\u00e7lerini kolayla\u015ft\u0131rman\u0131n T\u00fcrkiye\u2019nin 2023 y\u0131l\u0131 i\u00e7in belirledi\u011fi hedeflere ula\u015fmas\u0131nda \u00f6nemli katk\u0131 sa\u011flayaca\u011f\u0131n\u0131 kaydetti.<\/p>\n<p class=\"selectionShareable\">Kaynak: Enerji Enstit\u00fcs\u00fc<\/p>\n<\/div>\n<\/div>\n<\/div>\n<\/div>\n<p><\/p>","protected":false},"excerpt":{"rendered":"<p>Sorry, this entry is only available in Turkish. For the sake of viewer convenience, the content is shown below in the alternative language. You may click the link to switch the active language. T\u00fcrkiye Delegasyonu Ticaret, Ekonomi, Tar\u0131m ve Enerji B\u00f6l\u00fcm Ba\u015fkan\u0131 Gargya T\u00fcrkiye\u2019nin yenilenebilir enerji alan\u0131ndaki geli\u015fimini yak\u0131ndan takip ettiklerini s\u00f6yledi. Avrupa Birli\u011fi (AB) [&hellip;]<\/p>\n","protected":false},"author":1,"featured_media":53882,"comment_status":"open","ping_status":"open","sticky":false,"template":"","format":"standard","meta":[],"categories":[53],"tags":[30142,1192,2132,63,67,1009,2698,165,2069,30143,30141,846,105],"views":749,"_links":{"self":[{"href":"https:\/\/www.enerjigazetesi.ist\/en\/wp-json\/wp\/v2\/posts\/53881"}],"collection":[{"href":"https:\/\/www.enerjigazetesi.ist\/en\/wp-json\/wp\/v2\/posts"}],"about":[{"href":"https:\/\/www.enerjigazetesi.ist\/en\/wp-json\/wp\/v2\/types\/post"}],"author":[{"embeddable":true,"href":"https:\/\/www.enerjigazetesi.ist\/en\/wp-json\/wp\/v2\/users\/1"}],"replies":[{"embeddable":true,"href":"https:\/\/www.enerjigazetesi.ist\/en\/wp-json\/wp\/v2\/comments?post=53881"}],"version-history":[{"count":1,"href":"https:\/\/www.enerjigazetesi.ist\/en\/wp-json\/wp\/v2\/posts\/53881\/revisions"}],"predecessor-version":[{"id":53883,"href":"https:\/\/www.enerjigazetesi.ist\/en\/wp-json\/wp\/v2\/posts\/53881\/revisions\/53883"}],"wp:featuredmedia":[{"embeddable":true,"href":"https:\/\/www.enerjigazetesi.ist\/en\/wp-json\/wp\/v2\/media\/53882"}],"wp:attachment":[{"href":"https:\/\/www.enerjigazetesi.ist\/en\/wp-json\/wp\/v2\/media?parent=53881"}],"wp:term":[{"taxonomy":"category","embeddable":true,"href":"https:\/\/www.enerjigazetesi.ist\/en\/wp-json\/wp\/v2\/categories?post=53881"},{"taxonomy":"post_tag","embeddable":true,"href":"https:\/\/www.enerjigazetesi.ist\/en\/wp-json\/wp\/v2\/tags?post=53881"}],"curies":[{"name":"wp","href":"https:\/\/api.w.org\/{rel}","templated":true}]}}