{"id":53860,"date":"2016-06-09T20:19:05","date_gmt":"2016-06-09T17:19:05","guid":{"rendered":"https:\/\/www.enerjigazetesi.ist\/?p=53860"},"modified":"2016-06-09T20:19:05","modified_gmt":"2016-06-09T17:19:05","slug":"5-uluslararasi-elektrik-fuari-elexe-buyuk-ilgi","status":"publish","type":"post","link":"https:\/\/www.enerjigazetesi.ist\/en\/5-uluslararasi-elektrik-fuari-elexe-buyuk-ilgi\/","title":{"rendered":"(Turkish) 5. Uluslararas\u0131 Elektrik Fuar\u0131 ELEX&#8217;e B\u00fcy\u00fck \u0130lgi&#8230;"},"content":{"rendered":"<p class=\"qtranxs-available-languages-message qtranxs-available-languages-message-en\">Sorry, this entry is only available in <a href=\"https:\/\/www.enerjigazetesi.ist\/tr\/wp-json\/wp\/v2\/posts\/53860\" class=\"qtranxs-available-language-link qtranxs-available-language-link-tr\" title=\"Turkish\">Turkish<\/a>. For the sake of viewer convenience, the content is shown below in the alternative language. You may click the link to switch the active language.<\/p><p><strong>T\u00fcrkiye\u2019de sekt\u00f6r\u00fcn\u00fcn ilk ve tek Elektrik Fuar\u0131 olan 5. Uluslararas\u0131 ELEX Fuar\u0131, 6-9 Ekim 2016 tarihlerinde \u0130stanbul Fuar Merkezi\u2019nde ilgilileri ile tekrar bulu\u015fmaya haz\u0131rlan\u0131yor.<\/strong><\/p>\n<p>Sekt\u00f6r\u00fc her sene ba\u015far\u0131l\u0131 organizasyonlar\u0131 ile bir araya getiren, yenilik\u00e7i payla\u015f\u0131mlar ve etkile\u015fimlere e<a href=\"https:\/\/www.enerjigazetesi.ist\/wp-content\/uploads\/2016\/06\/5inci-uluslararasi-elektrik-fuari-elexe-buyuk-ilgi.jpg\"><img loading=\"lazy\" class=\"alignright size-medium wp-image-53861\" src=\"https:\/\/www.enerjigazetesi.ist\/wp-content\/uploads\/2016\/06\/5inci-uluslararasi-elektrik-fuari-elexe-buyuk-ilgi-300x150.jpg\" alt=\"5inci-uluslararasi-elektrik-fuari-elexe-buyuk-ilgi\" width=\"300\" height=\"150\" srcset=\"https:\/\/www.enerjigazetesi.ist\/wp-content\/uploads\/2016\/06\/5inci-uluslararasi-elektrik-fuari-elexe-buyuk-ilgi-300x150.jpg 300w, https:\/\/www.enerjigazetesi.ist\/wp-content\/uploads\/2016\/06\/5inci-uluslararasi-elektrik-fuari-elexe-buyuk-ilgi-500x250.jpg 500w, https:\/\/www.enerjigazetesi.ist\/wp-content\/uploads\/2016\/06\/5inci-uluslararasi-elektrik-fuari-elexe-buyuk-ilgi-80x40.jpg 80w, https:\/\/www.enerjigazetesi.ist\/wp-content\/uploads\/2016\/06\/5inci-uluslararasi-elektrik-fuari-elexe-buyuk-ilgi.jpg 660w\" sizes=\"(max-width: 300px) 100vw, 300px\" \/><\/a>v sahipli\u011fi yapan Marmara Fuarc\u0131l\u0131k, 2016 y\u0131l\u0131nda da sekt\u00f6rden gelen olumlu geri d\u00f6n\u00fc\u015fler do\u011frultusunda T\u00fcrkiye\u2019nin tek elektrik fuar\u0131 olan Uluslararas\u0131 ELEX Fuar\u0131\u2019n\u0131 5.kez d\u00fczenliyor.<\/p>\n<p>ELEX, kat\u0131l\u0131mc\u0131lar\u0131na bir\u00e7ok \u00fclkeden gelen ziyaret\u00e7isi ile uluslararas\u0131 g\u00f6r\u00fc\u015fmeler yapma f\u0131rsat\u0131 sunarken, i\u00e7erdi\u011fi \u00fcr\u00fcnler ile yerli pazar\u0131n da ilgisini \u00e7ekmeye devam ediyor.<\/p>\n<p>D\u00fczenlenmeye ba\u015flad\u0131\u011f\u0131 ilk g\u00fcnden itibaren Enerji ve Tabii Kaynaklar Bakanl\u0131\u011f\u0131 ba\u015fta olmak \u00fczere; TE\u0130A\u015e, TEDA\u015e, E\u00dcA\u015e, TETA\u015e gibi kamu kurumlar\u0131 taraf\u0131ndan destek g\u00f6ren ELEX Fuar\u0131, ayr\u0131ca \u00e7e\u015fitli Sivil Toplum Kurulu\u015flar\u0131 ve sekt\u00f6rel yay\u0131nlar taraf\u0131ndan da \u00f6nemle desteklenen ve takip edilen \u00f6nemli bir fuar \u00f6zelli\u011findedir.<\/p>\n<p>Elektri\u011fe dair ilgili her kesimin bir araya gelece\u011fi, sergilenecek \u00fcr\u00fcn \u00e7e\u015fitlili\u011fi ve beklenen ziyaret\u00e7i yo\u011funlu\u011fu ile T\u00fcrkiye\u2019nin Elektrik Fuar\u0131 ELEX Fuar\u0131, tamamlay\u0131c\u0131 sekt\u00f6rleri Elektronik Yan Sanayi ve LED ve Ayd\u0131nlatma konular\u0131n\u0131 ele alan Electronist Fuar\u0131 ve LED ve Ayd\u0131nlatma Fuar\u0131 ile e\u015f zamanl\u0131 olarak <strong>6-9 Ekim 2016<\/strong> tarihlerinde <strong>\u0130stanbul Fuar Merkezi (\u0130FM)<\/strong>&#8216;de ger\u00e7ekle\u015fecek.<\/p>\n<p><span style=\"text-decoration: underline;\"><strong>\u0130leti\u015fim:<\/strong><\/span><\/p>\n<p>B\u00fc\u015fra MERTEL<br \/>\nKurumsal \u0130leti\u015fim ve Pazarlama Sorumlusu<br \/>\nMarmara Tan\u0131t\u0131m Fuarc\u0131l\u0131k<br \/>\nT: 0212 503 32 32 &#8211; M: pr@marmarafuar.com.tr &#8211; W:\u00a0www.elexfuari.com<br \/>\nMarmara Fuarc\u0131l\u0131k<\/p>","protected":false},"excerpt":{"rendered":"<p>Sorry, this entry is only available in Turkish. For the sake of viewer convenience, the content is shown below in the alternative language. You may click the link to switch the active language.T\u00fcrkiye\u2019de sekt\u00f6r\u00fcn\u00fcn ilk ve tek Elektrik Fuar\u0131 olan 5. Uluslararas\u0131 ELEX Fuar\u0131, 6-9 Ekim 2016 tarihlerinde \u0130stanbul Fuar Merkezi\u2019nde ilgilileri ile tekrar bulu\u015fmaya [&hellip;]<\/p>\n","protected":false},"author":1,"featured_media":53861,"comment_status":"open","ping_status":"open","sticky":false,"template":"","format":"standard","meta":[],"categories":[51,53],"tags":[68,61,30135,19638,1451,2873,5531,2895,67,1009,2698,165,4807],"views":1029,"_links":{"self":[{"href":"https:\/\/www.enerjigazetesi.ist\/en\/wp-json\/wp\/v2\/posts\/53860"}],"collection":[{"href":"https:\/\/www.enerjigazetesi.ist\/en\/wp-json\/wp\/v2\/posts"}],"about":[{"href":"https:\/\/www.enerjigazetesi.ist\/en\/wp-json\/wp\/v2\/types\/post"}],"author":[{"embeddable":true,"href":"https:\/\/www.enerjigazetesi.ist\/en\/wp-json\/wp\/v2\/users\/1"}],"replies":[{"embeddable":true,"href":"https:\/\/www.enerjigazetesi.ist\/en\/wp-json\/wp\/v2\/comments?post=53860"}],"version-history":[{"count":1,"href":"https:\/\/www.enerjigazetesi.ist\/en\/wp-json\/wp\/v2\/posts\/53860\/revisions"}],"predecessor-version":[{"id":53862,"href":"https:\/\/www.enerjigazetesi.ist\/en\/wp-json\/wp\/v2\/posts\/53860\/revisions\/53862"}],"wp:featuredmedia":[{"embeddable":true,"href":"https:\/\/www.enerjigazetesi.ist\/en\/wp-json\/wp\/v2\/media\/53861"}],"wp:attachment":[{"href":"https:\/\/www.enerjigazetesi.ist\/en\/wp-json\/wp\/v2\/media?parent=53860"}],"wp:term":[{"taxonomy":"category","embeddable":true,"href":"https:\/\/www.enerjigazetesi.ist\/en\/wp-json\/wp\/v2\/categories?post=53860"},{"taxonomy":"post_tag","embeddable":true,"href":"https:\/\/www.enerjigazetesi.ist\/en\/wp-json\/wp\/v2\/tags?post=53860"}],"curies":[{"name":"wp","href":"https:\/\/api.w.org\/{rel}","templated":true}]}}