{"id":5386,"date":"2013-01-18T15:06:45","date_gmt":"2013-01-18T12:06:45","guid":{"rendered":"https:\/\/www.enerjigazetesi.ist\/?p=5386"},"modified":"2013-01-18T15:06:45","modified_gmt":"2013-01-18T12:06:45","slug":"rizede-enerji-verimliligi-konulu-konferans-duzenlendi","status":"publish","type":"post","link":"https:\/\/www.enerjigazetesi.ist\/en\/rizede-enerji-verimliligi-konulu-konferans-duzenlendi\/","title":{"rendered":"(Turkish) Rize&#8217;de, &#8220;Enerji Verimlili\u011fi&#8221; Konulu Konferans D\u00fczenlendi"},"content":{"rendered":"<p class=\"qtranxs-available-languages-message qtranxs-available-languages-message-en\">Sorry, this entry is only available in <a href=\"https:\/\/www.enerjigazetesi.ist\/tr\/wp-json\/wp\/v2\/posts\/5386\" class=\"qtranxs-available-language-link qtranxs-available-language-link-tr\" title=\"Turkish\">Turkish<\/a>. For the sake of viewer convenience, the content is shown below in the alternative language. You may click the link to switch the active language.<\/p><p><strong>Rize Valili\u011fi, Recep Tayyip Erdo\u011fan \u00dcniversitesi ve Kent Konseyi i\u015fbirli\u011finde &#8220;Enerji Verimlili\u011fi&#8221; konulu konferans d\u00fczenlendi.<\/strong><\/p>\n<p>\u0130smail Kahraman K\u00fclt\u00fcr Merkezi&#8217;nde d\u00fczenlenen konferansa, Vali Yard\u0131mc\u0131s\u0131 Bahattin Alp Arslank\u00f6yl\u00fc, Recep Tayyip Erdo\u011fan \u00dcniversitesi M\u00fchendislik Fak\u00fcltesi Dekan\u0131 Prof. Dr. Adnan Midilli, Kent Konseyi Ba\u015fkan\u0131 \u0130smail Hakk\u0131 Z\u0131rh, \u00f6\u011frenciler ve vatanda\u015flar kat\u0131ld\u0131.<\/p>\n<p><img loading=\"lazy\" class=\"alignright size-medium wp-image-5387\" title=\"ismail-kahraman-kultur-merkezi-enerji-verimliligi\" src=\"https:\/\/www.enerjigazetesi.ist\/wp-content\/uploads\/2013\/01\/ismail-kahraman-kultur-merkezi-enerji-verimliligi-300x217.jpg\" alt=\"\" width=\"300\" height=\"217\" srcset=\"https:\/\/www.enerjigazetesi.ist\/wp-content\/uploads\/2013\/01\/ismail-kahraman-kultur-merkezi-enerji-verimliligi-300x217.jpg 300w, https:\/\/www.enerjigazetesi.ist\/wp-content\/uploads\/2013\/01\/ismail-kahraman-kultur-merkezi-enerji-verimliligi-500x361.jpg 500w, https:\/\/www.enerjigazetesi.ist\/wp-content\/uploads\/2013\/01\/ismail-kahraman-kultur-merkezi-enerji-verimliligi-69x50.jpg 69w, https:\/\/www.enerjigazetesi.ist\/wp-content\/uploads\/2013\/01\/ismail-kahraman-kultur-merkezi-enerji-verimliligi.jpg 640w\" sizes=\"(max-width: 300px) 100vw, 300px\" \/>Recep Tayyip Erdo\u011fan \u00dcniversitesi M\u00fchendislik Fak\u00fcltesi Dekan\u0131 Prof. Dr. Adnan Midilli, zaman kaybettiren her \u015feyin enerji israf\u0131na neden oldu\u011funu s\u00f6yledi.<\/p>\n<p>Midilli, T\u00fcrkiye&#8217;nin en y\u00fcksek d\u0131\u015fa ba\u011f\u0131ml\u0131 enerji kullanan \u00fclkelerden biri oldu\u011funu belirterek, &#8220;Bunu d\u00fc\u015f\u00fcrmek i\u00e7in \u00fcretimi durdurmaya gerek yok. Daha \u00e7ok \u00fcretmemiz laz\u0131m. \u0130stersek y\u00fczde 100 ba\u011f\u0131ml\u0131 olal\u0131m. Ama yine \u00fcretmeliyiz. Bu konuda bir \u015fey yapmam\u0131z laz\u0131m. Bunun bir tek \u00e7\u00f6z\u00fcm noktas\u0131 var. Enerjiyi kaliteli bir \u015fekilde kullanmam\u0131z laz\u0131m&#8221; dedi.<\/p>\n<p>D\u00fcnya ortalamas\u0131nda ki\u015fi ba\u015f\u0131na y\u0131ll\u0131k elektrik t\u00fcketiminin 2 bin 500 kilovat saat oldu\u011funu ifade eden Midilli, \u015funlar\u0131 s\u00f6yledi:<\/p>\n<p>&#8220;Ki\u015fi ba\u015f\u0131na d\u00fc\u015fen enerji kullan\u0131m\u0131 \u00f6nemli. Art\u0131k d\u00fcnya \u00fclkelerinin geli\u015fmi\u015flik standartlar\u0131nda, ki\u015fi ba\u015f\u0131 enerji kullan\u0131m\u0131ndan daha \u00e7ok enerji yo\u011funlu\u011fu \u00f6nemli. T\u00fcrkiye enerji yo\u011funlu\u011fu bak\u0131m\u0131ndan \u00e7ok k\u00f6t\u00fc durumda. Bunu iyile\u015ftirmemiz laz\u0131m. \u00dclkemiz art\u0131k u\u00e7u\u015fa ge\u00e7ti. Ciddi anlamda kalk\u0131n\u0131yoruz. Bunu yurt d\u0131\u015f\u0131ndan \u00e7ok daha iyi g\u00f6rebiliyoruz. \u0130nan\u0131lmaz bir kalk\u0131nma ve b\u00fcy\u00fcme var. Enerji rakamlar\u0131n\u0131 bakt\u0131\u011f\u0131m\u0131z zaman T\u00fcrkiye \u00e7ok h\u0131zl\u0131 bir \u015fekilde kalk\u0131n\u0131yor. Enerjiyi birde kaliteli kullanabilirsek iki kat daha h\u0131zl\u0131 kalk\u0131n\u0131r\u0131z. Art\u0131k \u00fclke kalk\u0131nmaya ba\u015fland\u0131. T\u00fcrkiye art\u0131k ciddi anlamda d\u00fcnyayla rekabet edecek.&#8221;<\/p>\n<p>Kaynak: <a href=\"http:\/\/www.haberler.com\/rize-de-enerji-verimliligi-konulu-konferans-4256242-haberi\/\" target=\"_blank\">Haberler<\/a><\/p>","protected":false},"excerpt":{"rendered":"<p>Sorry, this entry is only available in Turkish. For the sake of viewer convenience, the content is shown below in the alternative language. You may click the link to switch the active language.Rize Valili\u011fi, Recep Tayyip Erdo\u011fan \u00dcniversitesi ve Kent Konseyi i\u015fbirli\u011finde &#8220;Enerji Verimlili\u011fi&#8221; konulu konferans d\u00fczenlendi. \u0130smail Kahraman K\u00fclt\u00fcr Merkezi&#8217;nde d\u00fczenlenen konferansa, Vali Yard\u0131mc\u0131s\u0131 [&hellip;]<\/p>\n","protected":false},"author":1,"featured_media":5387,"comment_status":"open","ping_status":"open","sticky":false,"template":"","format":"standard","meta":[],"categories":[53,52],"tags":[67,12,1883,1882,1881,1880,133],"views":1031,"_links":{"self":[{"href":"https:\/\/www.enerjigazetesi.ist\/en\/wp-json\/wp\/v2\/posts\/5386"}],"collection":[{"href":"https:\/\/www.enerjigazetesi.ist\/en\/wp-json\/wp\/v2\/posts"}],"about":[{"href":"https:\/\/www.enerjigazetesi.ist\/en\/wp-json\/wp\/v2\/types\/post"}],"author":[{"embeddable":true,"href":"https:\/\/www.enerjigazetesi.ist\/en\/wp-json\/wp\/v2\/users\/1"}],"replies":[{"embeddable":true,"href":"https:\/\/www.enerjigazetesi.ist\/en\/wp-json\/wp\/v2\/comments?post=5386"}],"version-history":[{"count":1,"href":"https:\/\/www.enerjigazetesi.ist\/en\/wp-json\/wp\/v2\/posts\/5386\/revisions"}],"predecessor-version":[{"id":5388,"href":"https:\/\/www.enerjigazetesi.ist\/en\/wp-json\/wp\/v2\/posts\/5386\/revisions\/5388"}],"wp:featuredmedia":[{"embeddable":true,"href":"https:\/\/www.enerjigazetesi.ist\/en\/wp-json\/wp\/v2\/media\/5387"}],"wp:attachment":[{"href":"https:\/\/www.enerjigazetesi.ist\/en\/wp-json\/wp\/v2\/media?parent=5386"}],"wp:term":[{"taxonomy":"category","embeddable":true,"href":"https:\/\/www.enerjigazetesi.ist\/en\/wp-json\/wp\/v2\/categories?post=5386"},{"taxonomy":"post_tag","embeddable":true,"href":"https:\/\/www.enerjigazetesi.ist\/en\/wp-json\/wp\/v2\/tags?post=5386"}],"curies":[{"name":"wp","href":"https:\/\/api.w.org\/{rel}","templated":true}]}}