{"id":53851,"date":"2016-06-09T13:39:13","date_gmt":"2016-06-09T10:39:13","guid":{"rendered":"https:\/\/www.enerjigazetesi.ist\/?p=53851"},"modified":"2016-06-09T13:39:13","modified_gmt":"2016-06-09T10:39:13","slug":"meclisten-gecen-akkuyu-yasasi-ile-nukleer-icin-kiyi-ve-sahiller-acilacak","status":"publish","type":"post","link":"https:\/\/www.enerjigazetesi.ist\/en\/meclisten-gecen-akkuyu-yasasi-ile-nukleer-icin-kiyi-ve-sahiller-acilacak\/","title":{"rendered":"(Turkish) Meclisten Ge\u00e7en Akkuyu Yasas\u0131 \u0130le N\u00fckleer \u0130\u00e7in K\u0131y\u0131 ve Sahiller A\u00e7\u0131lacak&#8230;"},"content":{"rendered":"<p class=\"qtranxs-available-languages-message qtranxs-available-languages-message-en\">Sorry, this entry is only available in <a href=\"https:\/\/www.enerjigazetesi.ist\/tr\/wp-json\/wp\/v2\/posts\/53851\" class=\"qtranxs-available-language-link qtranxs-available-language-link-tr\" title=\"Turkish\">Turkish<\/a>. For the sake of viewer convenience, the content is shown below in the alternative language. You may click the link to switch the active language.<\/p><p><\/p>\n<p class=\"selectionShareable\" style=\"color: #0a0a0a;\"><strong>Akkuyu N\u00fckleer Santrali\u2019ni k\u0131y\u0131 ve zeytincilik kanunlar\u0131n\u0131n s\u0131n\u0131rlay\u0131c\u0131 h\u00fck\u00fcmleri d\u0131\u015f\u0131na \u00e7\u0131karan, n\u00fckleer santral sahalar\u0131nda in\u015fa edilecek yap\u0131lara da, denetim ve imar kanunlar\u0131n\u0131n fenni mesuliyete ili\u015fkin h\u00fck\u00fcmlerinin uygulanmamas\u0131n\u0131 \u00f6ng\u00f6ren yasa TBMM\u2019den ge\u00e7ti.<\/strong><span id=\"more-81517\"><\/span><\/p>\n<p class=\"selectionShareable\" style=\"color: #0a0a0a;\">Sputnik\u2019ten Yurdag\u00fcl \u015eim<a href=\"https:\/\/www.enerjigazetesi.ist\/wp-content\/uploads\/2016\/01\/akkuyu-nukleer-santrali-zeytinlik-ve-kiyi-kanununa-takildi.jpg\"><img loading=\"lazy\" class=\"alignleft size-medium wp-image-49141\" src=\"https:\/\/www.enerjigazetesi.ist\/wp-content\/uploads\/2016\/01\/akkuyu-nukleer-santrali-zeytinlik-ve-kiyi-kanununa-takildi-300x165.jpg\" alt=\"akkuyu-nukleer-santrali-zeytinlik-ve-kiyi-kanunu\" width=\"300\" height=\"165\" srcset=\"https:\/\/www.enerjigazetesi.ist\/wp-content\/uploads\/2016\/01\/akkuyu-nukleer-santrali-zeytinlik-ve-kiyi-kanununa-takildi-300x165.jpg 300w, https:\/\/www.enerjigazetesi.ist\/wp-content\/uploads\/2016\/01\/akkuyu-nukleer-santrali-zeytinlik-ve-kiyi-kanununa-takildi-500x276.jpg 500w, https:\/\/www.enerjigazetesi.ist\/wp-content\/uploads\/2016\/01\/akkuyu-nukleer-santrali-zeytinlik-ve-kiyi-kanununa-takildi-80x44.jpg 80w, https:\/\/www.enerjigazetesi.ist\/wp-content\/uploads\/2016\/01\/akkuyu-nukleer-santrali-zeytinlik-ve-kiyi-kanununa-takildi.jpg 696w\" sizes=\"(max-width: 300px) 100vw, 300px\" \/><\/a>\u015fek\u2019in haberine g\u00f6re, TBMM Genel Kurulu\u2019nda Elektrik Piyasas\u0131 Kanunu ile Baz\u0131 Kanunlarda De\u011fi\u015fiklik Yapan Kanun kabul edildi. Muhalefetin ele\u015ftirileri ve tart\u0131\u015fmalar\u0131 aras\u0131nda kabul edilen kanunla, Akkuyu N\u00fckleer Santral ile bundan sonra yap\u0131lacak n\u00fckleer santrallere y\u00f6nelik de \u00f6nemli h\u00fck\u00fcmler getirildi.<\/p>\n<p class=\"selectionShareable\" style=\"color: #0a0a0a;\">Cumhurba\u015fkan\u0131\u2019n\u0131n onaylamas\u0131 halinde Resmi Gazete\u2019de yay\u0131mlanarak y\u00fcr\u00fcrl\u00fc\u011fe girmesi beklenen kanun ile gelen d\u00fczenlemelerden baz\u0131lar\u0131 \u015f\u00f6yle:<\/p>\n<h3 style=\"font-weight: 400; color: #111111;\"><strong>KIYI VE ZEYT\u0130NC\u0130L\u0130K KANUNLARI N\u00dcKLEER SANTRALLERE UYGULANMAYACAK<\/strong><\/h3>\n<p class=\"selectionShareable\" style=\"color: #0a0a0a;\">\u2013 Askeri yasak ve g\u00fcvenlik b\u00f6lgelerinde, \u00fclke g\u00fcvenli\u011fiyle ilgili TSK\u2019ya tahsisli, fiilen kullan\u0131mda olan araziler, harekat ve savunma ama\u00e7l\u0131 yerlerdeki tesisler (konut ve sosyal tesisler hari\u00e7) \u00f6zel g\u00fcvenlik b\u00f6lgelerindeki tesisler, rafineri, petrokimya tesisleri ile n\u00fckleer santral projeleri kapsam\u0131nda yap\u0131lmas\u0131 \u00f6ng\u00f6r\u00fclen tesis ve faaliyetler hakk\u0131nda, K\u0131y\u0131 Kanunu\u2019nun k\u0131y\u0131lar, sahil \u015feritleri, doldurma ve kurutma yoluyla kazan\u0131lan arazilere ili\u015fkin yap\u0131 ve yap\u0131la\u015fmaya dahil s\u0131n\u0131rlay\u0131c\u0131 h\u00fck\u00fcmleri uygulanmayacak.<\/p>\n<p class=\"selectionShareable\" style=\"color: #0a0a0a;\">\u2013 N\u00fckleer santral projeleri kapsam\u0131nda yap\u0131lmas\u0131 \u00f6ng\u00f6r\u00fclen tesis ve faaliyetler hakk\u0131nda, Zeytincili\u011fin Islah\u0131 ve Yabanilerinin A\u015f\u0131latt\u0131r\u0131lmas\u0131 Hakk\u0131nda Kanun\u2019un s\u0131n\u0131rlay\u0131c\u0131 h\u00fck\u00fcmleri uygulanmayacak.<\/p>\n<h3 style=\"font-weight: 400; color: #111111;\"><strong>N\u00dcKLEER SANTRAL SAHALARINDAK\u0130 YAPILAR \u0130ST\u0130SNA OLACAK<\/strong><\/h3>\n<p class=\"selectionShareable\" style=\"color: #0a0a0a;\">\u2013 N\u00fckleer santral sahalar\u0131nda in\u015fa edilecek yap\u0131larda, Yap\u0131 Denetimi Hakk\u0131nda Kanun h\u00fck\u00fcmleri ile \u0130mar Kanunu\u2019nun fenni mesuliyete ili\u015fkin h\u00fck\u00fcmleri uygulanmayacak. Ancak bu yap\u0131lar\u0131n yap\u0131 denetimi, T\u00fcrkiye Atom Enerjisi Kurumunca yetkilendirilen t\u00fczel ki\u015fili\u011fe sahip yap\u0131 denetimi kurulu\u015flar\u0131 taraf\u0131ndan, denetim kurulu\u015fu ile n\u00fckleer santralin lisans sahibi aras\u0131ndaki hizmet s\u00f6zle\u015fmesi h\u00fck\u00fcmlerine g\u00f6re yap\u0131lacak. Yap\u0131 denetiminin bu kurulu\u015flar taraf\u0131ndan yap\u0131lmas\u0131, n\u00fckleer santral lisans sahibinin m\u00fcnhas\u0131r ve kusursuz sorumlulu\u011funu k\u0131smen veya tamamen ortadan kald\u0131rmayacak.<\/p>\n<p class=\"selectionShareable\" style=\"color: #0a0a0a;\">\u2013 Kanun ile ayr\u0131ca t\u00fcketici, kay\u0131p- ka\u00e7ak bedelini \u00f6demeye devam edecek. Elektrik da\u011f\u0131t\u0131m ve g\u00f6revli tedarik \u015firketlerinin kay\u0131p\u00ad ka\u00e7ak, saya\u00e7 okuma, perakende sat\u0131\u015f hizmet, iletim sistemi kullan\u0131m ve da\u011f\u0131t\u0131m bedelini t\u00fcketiciden almas\u0131 yasal altyap\u0131ya kavu\u015fuyor. EPDK taraf\u0131ndan, belirlenen hedef oranlar\u0131n\u0131 ge\u00e7memek kayd\u0131yla kay\u0131plara ili\u015fkin maliyetler da\u011f\u0131t\u0131m tarifelerinde yer alacak ve t\u00fcketicilere yans\u0131t\u0131lacak.<\/p>\n<p class=\"selectionShareable\" style=\"color: #0a0a0a;\">Kaynak: Enerji Enstit\u00fcs\u00fc<\/p>\n<p><\/p>","protected":false},"excerpt":{"rendered":"<p>Sorry, this entry is only available in Turkish. For the sake of viewer convenience, the content is shown below in the alternative language. You may click the link to switch the active language. Akkuyu N\u00fckleer Santrali\u2019ni k\u0131y\u0131 ve zeytincilik kanunlar\u0131n\u0131n s\u0131n\u0131rlay\u0131c\u0131 h\u00fck\u00fcmleri d\u0131\u015f\u0131na \u00e7\u0131karan, n\u00fckleer santral sahalar\u0131nda in\u015fa edilecek yap\u0131lara da, denetim ve imar kanunlar\u0131n\u0131n [&hellip;]<\/p>\n","protected":false},"author":1,"featured_media":49141,"comment_status":"open","ping_status":"open","sticky":false,"template":"","format":"standard","meta":[],"categories":[53,43],"tags":[1026,30124,1588,63,67,1009,2698,165,30125,2805],"views":1031,"_links":{"self":[{"href":"https:\/\/www.enerjigazetesi.ist\/en\/wp-json\/wp\/v2\/posts\/53851"}],"collection":[{"href":"https:\/\/www.enerjigazetesi.ist\/en\/wp-json\/wp\/v2\/posts"}],"about":[{"href":"https:\/\/www.enerjigazetesi.ist\/en\/wp-json\/wp\/v2\/types\/post"}],"author":[{"embeddable":true,"href":"https:\/\/www.enerjigazetesi.ist\/en\/wp-json\/wp\/v2\/users\/1"}],"replies":[{"embeddable":true,"href":"https:\/\/www.enerjigazetesi.ist\/en\/wp-json\/wp\/v2\/comments?post=53851"}],"version-history":[{"count":1,"href":"https:\/\/www.enerjigazetesi.ist\/en\/wp-json\/wp\/v2\/posts\/53851\/revisions"}],"predecessor-version":[{"id":53852,"href":"https:\/\/www.enerjigazetesi.ist\/en\/wp-json\/wp\/v2\/posts\/53851\/revisions\/53852"}],"wp:featuredmedia":[{"embeddable":true,"href":"https:\/\/www.enerjigazetesi.ist\/en\/wp-json\/wp\/v2\/media\/49141"}],"wp:attachment":[{"href":"https:\/\/www.enerjigazetesi.ist\/en\/wp-json\/wp\/v2\/media?parent=53851"}],"wp:term":[{"taxonomy":"category","embeddable":true,"href":"https:\/\/www.enerjigazetesi.ist\/en\/wp-json\/wp\/v2\/categories?post=53851"},{"taxonomy":"post_tag","embeddable":true,"href":"https:\/\/www.enerjigazetesi.ist\/en\/wp-json\/wp\/v2\/tags?post=53851"}],"curies":[{"name":"wp","href":"https:\/\/api.w.org\/{rel}","templated":true}]}}