{"id":53828,"date":"2016-06-09T00:32:40","date_gmt":"2016-06-08T21:32:40","guid":{"rendered":"https:\/\/www.enerjigazetesi.ist\/?p=53828"},"modified":"2016-06-09T00:33:21","modified_gmt":"2016-06-08T21:33:21","slug":"led-aydinlatma-fuarinda-yeni-konsept-yeni-donem","status":"publish","type":"post","link":"https:\/\/www.enerjigazetesi.ist\/en\/led-aydinlatma-fuarinda-yeni-konsept-yeni-donem\/","title":{"rendered":"(Turkish) Led Ayd\u0131nlatma Fuar\u0131&#8217;nda Yeni Konsept, Yeni D\u00f6nem!"},"content":{"rendered":"<p class=\"qtranxs-available-languages-message qtranxs-available-languages-message-en\">Sorry, this entry is only available in <a href=\"https:\/\/www.enerjigazetesi.ist\/tr\/wp-json\/wp\/v2\/posts\/53828\" class=\"qtranxs-available-language-link qtranxs-available-language-link-tr\" title=\"Turkish\">Turkish<\/a>. For the sake of viewer convenience, the content is shown below in the alternative language. You may click the link to switch the active language.<\/p><p><strong>T\u00fcrkiye&#8217;nin ayd\u0131nlatma sekt\u00f6r\u00fc 06-09 Ekim 2016 tarihlerinde \u0130stanbul Fuar Merkezi (\u0130FM) \u2018de ger\u00e7ekle\u015fecek olan 12. Uluslararas\u0131 LED ve Ayd\u0131nlatma Fuar\u0131\u2019nda bulu\u015fuyor. LED ve Ayd\u0131nlatma sekt\u00f6rlerine dair \u00f6nemli ba\u015fl\u0131klar, geni\u015f \u00fcr\u00fcn ve hizmet yelpazesi, sekt\u00f6re dair b\u00fct\u00fcn payda\u015flar, ortak bulu\u015fma noktas\u0131 olan 12. Uluslararas\u0131 LED ve Ayd\u0131nlatma Fuar\u0131\u2019nda bir araya geliyor.<\/strong><\/p>\n<p>Kat\u0131l\u0131m oranlar\u0131 a\u00e7\u0131s\u0131ndan fuarlar aras\u0131nda, firmalar\u0131n bir sonraki y\u0131lda tekrar eden ba\u015far\u0131s\u0131 sebebiyle yurti\u00e7inde en \u00fcst s\u0131ralarda yer alan 12. Uluslararas\u0131 LE<a href=\"https:\/\/www.enerjigazetesi.ist\/wp-content\/uploads\/2015\/06\/ledled-aydinlatma-fuari-icin-hazirliklar-tum-hiziyla-devam-ediyor.jpg\"><img loading=\"lazy\" class=\"alignleft  wp-image-40233\" src=\"https:\/\/www.enerjigazetesi.ist\/wp-content\/uploads\/2015\/06\/ledled-aydinlatma-fuari-icin-hazirliklar-tum-hiziyla-devam-ediyor-300x150.jpg\" alt=\"ledled-aydinlatma-fuari-icin-hazirliklar-tum-hiziyla-devam-ediyor\" width=\"300\" height=\"157\" \/><\/a>D ve Ayd\u0131nlatma Fuar\u0131, <strong>2016 y\u0131l\u0131nda da tamamlay\u0131c\u0131 sekt\u00f6rleri Electronist Fuar\u0131 ve ELEX Fuarlar\u0131 ile e\u015f zamanl\u0131 olarak 9-10 ve 11. holler olmak \u00fczere 3 holde ger\u00e7ekle\u015fecektir.<\/strong><\/p>\n<p><strong>2015 y\u0131l\u0131 organizasyonundan farkl\u0131 olarak<\/strong>, LED ve LED\u2019li \u00fcr\u00fcnlerin yan\u0131 s\u0131ra, bina i\u00e7erisine gelen elektri\u011fin panodan ba\u015flayarak ayd\u0131nlatmaya ula\u015ft\u0131r\u0131lmas\u0131nda kullan\u0131lan, prizler, elektrik kablolar\u0131, sigortalar vb. gibi ekipmanlardan olu\u015fan t\u00fcm i\u00e7 tesisat \u00fcr\u00fcnlerini i\u00e7erecek \u015fekilde geni\u015fletilmi\u015ftir.<\/p>\n<p>\u00dcr\u00fcn sergisinde yap\u0131lan bu geni\u015fleme sayesinde, <strong>Marmara Tan\u0131t\u0131m Fuarc\u0131l\u0131k<\/strong>, LED ve Ayd\u0131nlatma Fuar\u0131\u2019n\u0131n sekt\u00f6rel hedeflerini art\u0131rarak; fuar\u0131 sadece \u00fcst d\u00fczey LED firmalar\u0131n\u0131n kat\u0131l\u0131mc\u0131s\u0131 oldu\u011fu bir organizasyon de\u011fil,<strong> t\u00fcm LED ve elektrik firmalar\u0131n\u0131n par\u00e7as\u0131 oldu\u011fu bir olu\u015fum haline getirmeyi ama\u00e7lamaktad\u0131r.<\/strong><\/p>\n<p><strong>2016 y\u0131l\u0131nda da kat\u0131l\u0131mc\u0131 ve ziyaret\u00e7ilerinin g\u00fcler y\u00fczle ayr\u0131lacaklar\u0131 bir organizasyon olma yolunda emin ad\u0131mlarla ilerleyen LED ve Ayd\u0131nlatma Fuar\u0131\u2019nda ge\u00e7 olmadan siz de yerinizi al\u0131n.<\/strong><\/p>\n<p><strong>\u0130leti\u015fim:<\/strong><\/p>\n<p>B\u00fc\u015fra MERTEL<br \/>\nKurumsal \u0130leti\u015fim ve Pazarlama Sorumlusu<br \/>\nMarmara Fuarc\u0131l\u0131k<br \/>\nT: (+90) 212 503 32 32 &#8211; M: pr@marmarafuar.com.tr<\/p>\n<p>Kaynak: B\u00fcltenler<\/p>","protected":false},"excerpt":{"rendered":"<p>Sorry, this entry is only available in Turkish. For the sake of viewer convenience, the content is shown below in the alternative language. You may click the link to switch the active language.T\u00fcrkiye&#8217;nin ayd\u0131nlatma sekt\u00f6r\u00fc 06-09 Ekim 2016 tarihlerinde \u0130stanbul Fuar Merkezi (\u0130FM) \u2018de ger\u00e7ekle\u015fecek olan 12. Uluslararas\u0131 LED ve Ayd\u0131nlatma Fuar\u0131\u2019nda bulu\u015fuyor. LED ve [&hellip;]<\/p>\n","protected":false},"author":1,"featured_media":40233,"comment_status":"open","ping_status":"open","sticky":false,"template":"","format":"standard","meta":[],"categories":[53,52],"tags":[30116,63,67,1009,2698,165,1155,28711,3675,30117],"views":1556,"_links":{"self":[{"href":"https:\/\/www.enerjigazetesi.ist\/en\/wp-json\/wp\/v2\/posts\/53828"}],"collection":[{"href":"https:\/\/www.enerjigazetesi.ist\/en\/wp-json\/wp\/v2\/posts"}],"about":[{"href":"https:\/\/www.enerjigazetesi.ist\/en\/wp-json\/wp\/v2\/types\/post"}],"author":[{"embeddable":true,"href":"https:\/\/www.enerjigazetesi.ist\/en\/wp-json\/wp\/v2\/users\/1"}],"replies":[{"embeddable":true,"href":"https:\/\/www.enerjigazetesi.ist\/en\/wp-json\/wp\/v2\/comments?post=53828"}],"version-history":[{"count":2,"href":"https:\/\/www.enerjigazetesi.ist\/en\/wp-json\/wp\/v2\/posts\/53828\/revisions"}],"predecessor-version":[{"id":53830,"href":"https:\/\/www.enerjigazetesi.ist\/en\/wp-json\/wp\/v2\/posts\/53828\/revisions\/53830"}],"wp:featuredmedia":[{"embeddable":true,"href":"https:\/\/www.enerjigazetesi.ist\/en\/wp-json\/wp\/v2\/media\/40233"}],"wp:attachment":[{"href":"https:\/\/www.enerjigazetesi.ist\/en\/wp-json\/wp\/v2\/media?parent=53828"}],"wp:term":[{"taxonomy":"category","embeddable":true,"href":"https:\/\/www.enerjigazetesi.ist\/en\/wp-json\/wp\/v2\/categories?post=53828"},{"taxonomy":"post_tag","embeddable":true,"href":"https:\/\/www.enerjigazetesi.ist\/en\/wp-json\/wp\/v2\/tags?post=53828"}],"curies":[{"name":"wp","href":"https:\/\/api.w.org\/{rel}","templated":true}]}}