{"id":53786,"date":"2016-06-07T23:09:13","date_gmt":"2016-06-07T20:09:13","guid":{"rendered":"https:\/\/www.enerjigazetesi.ist\/?p=53786"},"modified":"2016-06-07T23:09:13","modified_gmt":"2016-06-07T20:09:13","slug":"guclu-gunes-potansiyeli-ile-turkiye-de-buyumenin-parcasi-olacak","status":"publish","type":"post","link":"https:\/\/www.enerjigazetesi.ist\/en\/guclu-gunes-potansiyeli-ile-turkiye-de-buyumenin-parcasi-olacak\/","title":{"rendered":"(Turkish) \u201cG\u00fc\u00e7l\u00fc G\u00fcne\u015f Potansiyeli \u0130le T\u00fcrkiye de B\u00fcy\u00fcmenin Par\u00e7as\u0131 Olacak&#8230;\u201d"},"content":{"rendered":"<p class=\"qtranxs-available-languages-message qtranxs-available-languages-message-en\">Sorry, this entry is only available in <a href=\"https:\/\/www.enerjigazetesi.ist\/tr\/wp-json\/wp\/v2\/posts\/53786\" class=\"qtranxs-available-language-link qtranxs-available-language-link-tr\" title=\"Turkish\">Turkish<\/a>. For the sake of viewer convenience, the content is shown below in the alternative language. You may click the link to switch the active language.<\/p><p><\/p>\n<p style=\"color: #666666;\"><span style=\"font-weight: bold; color: #222222;\">Dr. James Watson: \u201cParis Anla\u015fmas\u0131 ile beraber g\u00fcne\u015f sekt\u00f6r\u00fcn\u00fcn daha da h\u0131zl\u0131 b\u00fcy\u00fcmeye devam edece\u011fini tahmin edebiliriz. G\u00fc\u00e7l\u00fc g\u00fcne\u015f potansiyeli ile T\u00fcrkiye de bu b\u00fcy\u00fcmenin par\u00e7as\u0131 olacak.\u201d<\/span><\/p>\n<p style=\"color: #666666;\">D\u00fcnyada\u00a0<span style=\"font-weight: bold; color: #222222;\">g\u00fcne\u015f enerjisi\u00a0<\/span>yat\u0131r\u0131mlar\u0131ndaki ola\u011fan\u00fcst\u00fc art\u0131\u015f, 2015 y\u0131l\u0131 itibariyle 50 GW\u2019dan fazla kurulu ye<a href=\"https:\/\/www.enerjigazetesi.ist\/wp-content\/uploads\/2016\/06\/guclu-gunes-potansiyeli-ile-turkiye-de-buyumenin-parcasi-olacak.jpg\"><img loading=\"lazy\" class=\"alignright  wp-image-53787\" src=\"https:\/\/www.enerjigazetesi.ist\/wp-content\/uploads\/2016\/06\/guclu-gunes-potansiyeli-ile-turkiye-de-buyumenin-parcasi-olacak-300x110.jpg\" alt=\"guclu-gunes-potansiyeli-ile-turkiye-de-buyumenin-parcasi-olacak\" width=\"300\" height=\"178\" \/><\/a>ni g\u00fc\u00e7 sisteme ba\u011flanmas\u0131yla s\u00fcrd\u00fc. Bu art\u0131\u015f \u00e7izgisi uzun vadede\u00a0<span style=\"font-weight: bold; color: #222222;\">g\u00fcne\u015f enerjisinin\u00a0<\/span>en \u00f6nemli enerji kaynaklar\u0131 aras\u0131nda olaca\u011f\u0131n\u0131 g\u00f6steriyor.<\/p>\n<p style=\"color: #666666;\">T\u00fcrkiye\u2019de\u00a0<span style=\"font-weight: bold; color: #222222;\">g\u00fcne\u015f enerjisi kullan\u0131m\u0131n\u0131n<\/span>\u00a0art\u0131r\u0131lmas\u0131 ama\u00e7l\u0131 \u00e7al\u0131\u015fmalar\u0131n\u0131 s\u00fcrd\u00fcren kurulu\u015flardan biri olan G\u00dcNDER, kamu kurumlar\u0131n\u0131n y\u00f6netici ve personelleri, \u00fcniversite \u00f6\u011fretim \u00fcyeleri,\u00a0<span style=\"font-weight: bold; color: #222222;\">g\u00fcne\u015f enerjisi sekt\u00f6r\u00fcnde\u00a0<\/span>faaliyet g\u00f6steren sanayicilerden ve\u00a0<span style=\"font-weight: bold; color: #222222;\">g\u00fcne\u015f enerjisi<\/span>\u00a0sevdal\u0131s\u0131 g\u00f6n\u00fcll\u00fclerden olu\u015fan T\u00fcrkiye\u2019nin \u00f6nemli bir sivil toplum kurulu\u015fu.<\/p>\n<p style=\"color: #666666;\">G\u00dcNDER, g\u00fcne\u015f enerjisinin uygulanmas\u0131nda bilim ve teknolojinin geli\u015ftirilmesi, g\u00fcne\u015f enerjisi konusunda temel ve uygulamal\u0131 ara\u015ft\u0131rma ve geli\u015ftirmenin \u00f6zendirilmesi, g\u00fcne\u015f enerjisi kullan\u0131m\u0131n\u0131n yayg\u0131nla\u015ft\u0131r\u0131lmas\u0131, g\u00fcne\u015f enerjisi ile ilgili alanlarda e\u011fitimin \u00f6zendirilmesi ama\u00e7lar\u0131 do\u011frultusunda \u00e7al\u0131\u015fmalar\u0131n\u0131 s\u00fcrd\u00fcr\u00fcyor.<\/p>\n<p style=\"color: #666666;\">Derne\u011fin ama\u00e7 ve faaliyet alanlar\u0131 kapsam\u0131nda faaliyet g\u00f6steren ve yasal olarak dernek \u00fcyeli\u011fine engel bir durumu olmayan t\u00fczel kurulu\u015flar ve ger\u00e7ek ki\u015filer, derne\u011fe \u00fcye olabiliyor.<\/p>\n<p style=\"color: #666666;\">Bu do\u011frultuda, G\u00dcNDER taraf\u0131ndan olu\u015fturulan\u00a0<span style=\"font-weight: bold; color: #222222;\">g\u00fcne\u015f enerjisi\u00a0<\/span>portal\u0131 SOLAR.\u0130ST kapsam\u0131ndaki ilk bulu\u015fma, \u201cSOLARENA\u201d 30 May\u0131s\u2019ta \u0130stanbul\u2019da ger\u00e7ekle\u015fti.<\/p>\n<p style=\"color: #666666;\">SOLAR.\u0130ST bulu\u015fmalar\u0131n\u0131n ilkinde bir araya gelen uzmanlar<span style=\"font-weight: bold; color: #222222;\">\u00a0g\u00fcne\u015f enerjisi sekt\u00f6r\u00fcndeki<\/span>\u00a0h\u0131zl\u0131 geli\u015fmeye dikkat \u00e7ekerken,\u00a0<span style=\"font-weight: bold; color: #222222;\">g\u00fcne\u015f enerjisi sekt\u00f6r\u00fcn\u00fcn<\/span>\u00a0iklim de\u011fi\u015fikli\u011fi ile m\u00fccadeleden s\u00fcrd\u00fcr\u00fclebilir ekonomik kalk\u0131nmaya kadar bir\u00e7ok alan i\u00e7in anahtar \u00f6neme sahip oldu\u011funu vurgulad\u0131lar.<\/p>\n<p style=\"color: #666666;\">G\u00fcne\u015f enerjisindeki geli\u015fmeler ve te\u015fviklerin etkisinin konu\u015fuldu\u011fu bulu\u015fmada, SolarPower Europe CEO\u2019su <strong>Dr. James Watson<\/strong>, \u0130stanbulKemerburgaz \u00dcniversitesi Ekonomi B\u00f6l\u00fcm Ba\u015fkan\u0131 Do\u00e7. Dr. Sevil Acar ve T\u00fcrkiye Ekonomi Politikalar\u0131 Ara\u015ft\u0131rma Vakf\u0131 Makroekonomi \u00c7al\u0131\u015fmalar\u0131 Program\u0131 Direkt\u00f6r\u00fc Bengisu \u00d6zen\u00e7,<span style=\"font-weight: bold; color: #222222;\">\u00a0g\u00fcne\u015f enerjisini<\/span>,\u00a0<span style=\"font-weight: bold; color: #222222;\">enerji politikalar\u0131n\u0131<\/span>\u00a0ve ekonomik yans\u0131malar\u0131n\u0131 masaya yat\u0131rd\u0131.<\/p>\n<p style=\"color: #666666;\"><strong>\u201cG\u00fc\u00e7l\u00fc g\u00fcne\u015f potansiyeli ile T\u00fcrkiye de bu b\u00fcy\u00fcmenin par\u00e7as\u0131 olacak\u201d<\/strong><\/p>\n<p style=\"color: #666666;\">Toplant\u0131da konu\u015fan Dr. James Watson, k\u00fcresel d\u00fczeyde\u00a0<span style=\"font-weight: bold; color: #222222;\">g\u00fcne\u015f enerjisinin<\/span>\u00a0en h\u0131zl\u0131 b\u00fcy\u00fcyen sekt\u00f6rlerin ba\u015f\u0131nda geldi\u011fini belirterek, 2004 y\u0131l\u0131nda 3 GW dolaylar\u0131nda olan toplam kurulu kapasite 2015 sonu itibariyle 228 GW\u2019\u0131 a\u015ft\u0131\u011f\u0131n\u0131 ve sadece 2015 y\u0131l\u0131 itibariyle 50 GW\u2019dan fazla kurulu yeni g\u00fc\u00e7 sisteme ba\u011fland\u0131\u011f\u0131n\u0131 s\u00f6yledi. Dr. James Watson bu durumu bir devrim olarak nitelerken, \u201cParis Anla\u015fmas\u0131 ile beraber\u00a0<span style=\"font-weight: bold; color: #222222;\">g\u00fcne\u015f sekt\u00f6r\u00fcn\u00fcn<\/span>\u00a0daha da h\u0131zl\u0131 b\u00fcy\u00fcmeye devam edece\u011fini tahmin edebiliriz. G\u00fc\u00e7l\u00fc\u00a0<span style=\"font-weight: bold; color: #222222;\">g\u00fcne\u015f potansiyeli<\/span>\u00a0ile T\u00fcrkiye de bu b\u00fcy\u00fcmenin par\u00e7as\u0131 olacak.\u00a0<span style=\"font-weight: bold; color: #222222;\">G\u00fcne\u015f enerjisinin<\/span>\u00a0geli\u015fiminde \u00fclke politikalar\u0131ndaki dengeli ve tutarl\u0131 s\u00fcrd\u00fcr\u00fclebilirlik, sat\u0131n al\u0131m garantileri ile destekler pozitif etkiliyor. \u015eebekeye ve alt yap\u0131 yat\u0131r\u0131mlar\u0131na olumlu etkisi olan yerinde \u00fcretim ve t\u00fcketim de depolama teknolojileri ile birlikte art\u0131\u015f e\u011filiminde\u201d \u015feklinde a\u00e7\u0131klama yapt\u0131.<\/p>\n<p style=\"color: #666666;\">G\u00dcNDER Ba\u015fkan\u0131 Dr. Kemal Gani Bayraktar, G\u00dcNDER\u2019in\u00a0<span style=\"font-weight: bold; color: #222222;\">g\u00fcne\u015f enerjisi sekt\u00f6r\u00fcne<\/span>\u00a0yeni de\u011ferler kazand\u0131rmaya devam etti\u011fini, SOLAR.\u0130ST ve bulu\u015fmalar\u0131 SOLARENA\u2019n\u0131n da yeni de\u011ferlerimiz aras\u0131nda oldu\u011funu s\u00f6yledi. Bayraktar s\u00f6zlerinin devam\u0131nda t\u00fcm sekt\u00f6r payda\u015flar\u0131na do\u011fru ve yenilik\u00e7i bilgilerin, \u00f6nemli geli\u015fmelerin h\u0131zl\u0131 ve g\u00fcncel olarak payla\u015f\u0131lmas\u0131n\u0131 ve evrensel bilginin yayg\u0131nla\u015ft\u0131r\u0131larak\u00a0<span style=\"font-weight: bold; color: #222222;\">g\u00fcne\u015f enerjisinde<\/span>\u00a0toplumsal fark\u0131ndal\u0131k yarat\u0131lmas\u0131n\u0131 hedefleyen SOLAR.\u0130ST ve\u00a0<span style=\"font-weight: bold; color: #222222;\">g\u00fcne\u015f enerjisi sekt\u00f6r\u00fcnde\u00a0<\/span>d\u00fc\u015f\u00fcncelerin payla\u015f\u0131laca\u011f\u0131 ve g\u00fcndemin tart\u0131\u015f\u0131laca\u011f\u0131 platform olma \u00f6zelli\u011fini ta\u015f\u0131yacak SOLARENA ile sekt\u00f6rel konular\u0131 g\u00fcndeme ta\u015f\u0131may\u0131,<span style=\"font-weight: bold; color: #222222;\">\u00a0g\u00fcne\u015f enerjisi sekt\u00f6r\u00fcn\u00fcn<\/span>sa\u011fl\u0131kl\u0131 geli\u015fimine y\u00f6nelik fikir \u00fcretmede etkin bilgi sunabilmeyi ama\u00e7lad\u0131klar\u0131n\u0131 kaydetti.<\/p>\n<p style=\"color: #666666;\">T\u00fcrkiye\u2019deki\u00a0<span style=\"font-weight: bold; color: #222222;\">g\u00fcne\u015f sekt\u00f6r\u00fcn\u00fcn\u00a0<\/span>geli\u015fiminin di\u011fer \u00fclkelere nazaran daha yava\u015f ilerledi\u011fini belirten Do\u00e7.Dr. Sevil Acar ise T\u00fcrkiye\u2019de k\u00f6m\u00fcr i\u00e7in verilen desteklerin y\u00fcksekli\u011fine dikkat \u00e7ekti. A\u00e7\u0131klamas\u0131nda, yapt\u0131klar\u0131 \u00e7al\u0131\u015fma sonucunda 2013 y\u0131l\u0131nda yaln\u0131zca do\u011frudan maddi kaynak yolu ile k\u00f6m\u00fcr i\u00e7in 730 milyon dolarl\u0131k te\u015fvik verildi\u011fini hesaplad\u0131klar\u0131n\u0131, bununla birlikte hesaplanamayan kalemler ve dolayl\u0131 destekler ile bu rakam\u0131n \u00e7ok daha y\u00fcksek oldu\u011funa dikkat \u00e7ekti. Do\u00e7. Dr. Acar \u00e7al\u0131\u015fmalar\u0131n\u0131n T\u00fcrkiye\u2019nin k\u00f6m\u00fcr kullan\u0131m\u0131n\u0131n te\u015fvi\u011fi i\u00e7in harcad\u0131\u011f\u0131ndan \u00e7ok daha d\u00fc\u015f\u00fck bir b\u00fct\u00e7eyi\u00a0<span style=\"font-weight: bold; color: #222222;\">g\u00fcne\u015f enerjisi<\/span>\u00a0gibi\u00a0<span style=\"font-weight: bold; color: #222222;\">s\u00fcrd\u00fcr\u00fclebilir kaynaklara<\/span>\u00a0harcamas\u0131 halinde,\u00a0<span style=\"font-weight: bold; color: #222222;\">s\u00fcrd\u00fcr\u00fclebilir kalk\u0131nma prensiplerine<\/span>\u00a0uygun gerekli alt yap\u0131 ve f\u0131rsatlar\u0131 hayata ge\u00e7irebilece\u011fini ve\u00a0<span style=\"font-weight: bold; color: #222222;\">karbon sal\u0131mlar\u0131n\u0131<\/span>\u00a0azaltabilece\u011fini g\u00f6sterdi\u011fini de s\u00f6zlerine ekledi.<\/p>\n<p style=\"color: #666666;\"><span style=\"font-weight: bold; color: #222222;\">G\u00fcne\u015f enerjisinin<\/span>\u00a0temiz bir alternatif olmas\u0131n\u0131n yan\u0131nda, sanayi \u00fcretimi a\u00e7\u0131s\u0131ndan da yaratt\u0131\u011f\u0131 katma de\u011fere de\u011finen Bengisu \u00d6zen\u00e7 ise \u201cEkonomik kaynaklar\u0131n hem temiz hem de\u00a0<span style=\"font-weight: bold; color: #222222;\">yerli enerji kaynaklar\u0131na<\/span>\u00a0y\u00f6nlendirmenin bir alternatif olarak aktar\u0131lmas\u0131n\u0131n \u00fcretece\u011fi katma de\u011fer, T\u00fcrkiye\u2019nin s\u00fcrd\u00fcr\u00fclebilir kalk\u0131nmas\u0131na b\u00fcy\u00fck katk\u0131 sa\u011flar.\u00a0<span style=\"font-weight: bold; color: #222222;\">G\u00fcne\u015f enerjisi<\/span>\u00a0ayn\u0131 zamanda, hem T\u00fcrkiye\u2019nin\u00a0<span style=\"font-weight: bold; color: #222222;\">iklim de\u011fi\u015fikli\u011fi<\/span>\u00a0ile m\u00fccadelesi hem de AB mevzuat\u0131na uyumu i\u00e7in \u00f6nemli bir role sahip.\u00a0<span style=\"font-weight: bold; color: #222222;\">G\u00fcne\u015f enerjisini<\/span>\u00a0verimli ve etkin kullanmak amac\u0131yla ARGE ve yenilik\u00e7ilik alan\u0131nda \u00e7al\u0131\u015fmalar\u0131m\u0131z\u0131 yo\u011funla\u015ft\u0131rmal\u0131y\u0131z. \u00dclkemizin b\u00fcy\u00fcmesi i\u00e7in yeni modeller gerekmekte ve ihracatta\u00a0<span style=\"font-weight: bold; color: #222222;\">y\u00fcksek teknolojili<\/span>\u00fcr\u00fcnlerin pay\u0131n\u0131 art\u0131rmal\u0131y\u0131z. H\u0131zla geli\u015fmekte olan\u00a0<span style=\"font-weight: bold; color: #222222;\">g\u00fcne\u015f enerjisi sanayii ve g\u00fcne\u015f enerjisi<\/span>\u00a0\u00fclkemiz i\u00e7in \u00f6nemli bir kald\u0131ra\u00e7t\u0131r.\u201d dedi.<\/p>\n<p style=\"color: #666666;\"><span style=\"font-weight: bold; color: #222222;\">G\u00fcne\u015f enerjisi sekt\u00f6r\u00fc eski ve kirli teknolojiler<\/span>\u00a0olan fosil yak\u0131tlara kar\u015f\u0131 \u00f6nemli bir alternatif olarak her ge\u00e7en g\u00fcn daha da b\u00fcy\u00fcyor. Son y\u0131llarda \u00f6zellikle kurulum ve i\u015fletme maliyetlerindeki d\u00fc\u015f\u00fc\u015fler, Paris \u0130klim Zirvesi sonras\u0131 piyasalarda ya\u015fanan geli\u015fmeler ve beklentiler ile beraber\u00a0<span style=\"font-weight: bold; color: #222222;\">g\u00fcne\u015f enerjisi sekt\u00f6r\u00fcn\u00fcn<\/span>\u00a0T\u00fcrkiye\u2019nin kalk\u0131nmas\u0131 i\u00e7in \u00f6nemli bir ara\u00e7 olabilece\u011fi g\u00f6r\u00fcl\u00fcyor. D\u00fcnyadaki geli\u015fmeler \u0131\u015f\u0131\u011f\u0131nda, T\u00fcrkiye\u2019nin \u00f6zellikle fosil yak\u0131tlara olan ba\u011f\u0131ml\u0131l\u0131\u011f\u0131n\u0131n azalt\u0131lmas\u0131 ve\u00a0<span style=\"font-weight: bold; color: #222222;\">s\u00fcrd\u00fcr\u00fclebilir ekonomik kalk\u0131nma\u00a0<\/span>i\u00e7in\u00a0<span style=\"font-weight: bold; color: #222222;\">g\u00fcne\u015f enerjisi sekt\u00f6r\u00fcn\u00fcn<\/span>geli\u015fimi hayati \u00f6neme sahip.<\/p>\n<p style=\"color: #666666;\">G\u00dcNDER,\u00a0<span style=\"font-weight: bold; color: #222222;\">g\u00fcne\u015f enerjisindeki geli\u015fmeleri\u00a0<\/span>daha etkin bir bi\u00e7imde kamuoyu ile payla\u015fmak i\u00e7in d\u00fcnyan\u0131n ilk \u0130stanbul (.ist) alan uzant\u0131l\u0131 web sitesi SOLAR.\u0130ST\u2019i yay\u0131na ald\u0131. SOLAR.\u0130ST bulu\u015fmalar\u0131 olan SOLARENA ise, bu yeni bilgi ve payla\u015f\u0131m platformunun etkinliklerinden biri olarak d\u00fczenlenmeye devam edecek.<\/p>\n<p style=\"color: #666666;\">Kaynak: <a href=\"http:\/\/www.alternatifenerji.com\/guclu-gunes-potansiyeli-ile-turkiye-de-buyumenin-parcasi-olacak\/\" target=\"_blank\" rel=\"nofollow\">Alternatif Enerji<\/a><\/p>\n<p><\/p>","protected":false},"excerpt":{"rendered":"<p>Sorry, this entry is only available in Turkish. For the sake of viewer convenience, the content is shown below in the alternative language. You may click the link to switch the active language. Dr. James Watson: \u201cParis Anla\u015fmas\u0131 ile beraber g\u00fcne\u015f sekt\u00f6r\u00fcn\u00fcn daha da h\u0131zl\u0131 b\u00fcy\u00fcmeye devam edece\u011fini tahmin edebiliriz. G\u00fc\u00e7l\u00fc g\u00fcne\u015f potansiyeli ile T\u00fcrkiye [&hellip;]<\/p>\n","protected":false},"author":1,"featured_media":53787,"comment_status":"open","ping_status":"open","sticky":false,"template":"","format":"standard","meta":[],"categories":[53,49],"tags":[30088,17900,63,67,1009,2698,165,1382,227,13,2206,23133,22975,4269],"views":887,"_links":{"self":[{"href":"https:\/\/www.enerjigazetesi.ist\/en\/wp-json\/wp\/v2\/posts\/53786"}],"collection":[{"href":"https:\/\/www.enerjigazetesi.ist\/en\/wp-json\/wp\/v2\/posts"}],"about":[{"href":"https:\/\/www.enerjigazetesi.ist\/en\/wp-json\/wp\/v2\/types\/post"}],"author":[{"embeddable":true,"href":"https:\/\/www.enerjigazetesi.ist\/en\/wp-json\/wp\/v2\/users\/1"}],"replies":[{"embeddable":true,"href":"https:\/\/www.enerjigazetesi.ist\/en\/wp-json\/wp\/v2\/comments?post=53786"}],"version-history":[{"count":1,"href":"https:\/\/www.enerjigazetesi.ist\/en\/wp-json\/wp\/v2\/posts\/53786\/revisions"}],"predecessor-version":[{"id":53788,"href":"https:\/\/www.enerjigazetesi.ist\/en\/wp-json\/wp\/v2\/posts\/53786\/revisions\/53788"}],"wp:featuredmedia":[{"embeddable":true,"href":"https:\/\/www.enerjigazetesi.ist\/en\/wp-json\/wp\/v2\/media\/53787"}],"wp:attachment":[{"href":"https:\/\/www.enerjigazetesi.ist\/en\/wp-json\/wp\/v2\/media?parent=53786"}],"wp:term":[{"taxonomy":"category","embeddable":true,"href":"https:\/\/www.enerjigazetesi.ist\/en\/wp-json\/wp\/v2\/categories?post=53786"},{"taxonomy":"post_tag","embeddable":true,"href":"https:\/\/www.enerjigazetesi.ist\/en\/wp-json\/wp\/v2\/tags?post=53786"}],"curies":[{"name":"wp","href":"https:\/\/api.w.org\/{rel}","templated":true}]}}