{"id":53776,"date":"2016-06-07T21:44:27","date_gmt":"2016-06-07T18:44:27","guid":{"rendered":"https:\/\/www.enerjigazetesi.ist\/?p=53776"},"modified":"2016-06-07T21:46:11","modified_gmt":"2016-06-07T18:46:11","slug":"elektronik-endustrisinin-bulusma-noktasi-5-uluslararasi-electronicst-fuari","status":"publish","type":"post","link":"https:\/\/www.enerjigazetesi.ist\/en\/elektronik-endustrisinin-bulusma-noktasi-5-uluslararasi-electronicst-fuari\/","title":{"rendered":"(Turkish) Elektronik End\u00fcstrisi 5. Uluslararas\u0131 Electronicst Fuar\u0131&#8217;nda Bulu\u015fuyor!"},"content":{"rendered":"<p class=\"qtranxs-available-languages-message qtranxs-available-languages-message-en\">Sorry, this entry is only available in <a href=\"https:\/\/www.enerjigazetesi.ist\/tr\/wp-json\/wp\/v2\/posts\/53776\" class=\"qtranxs-available-language-link qtranxs-available-language-link-tr\" title=\"Turkish\">Turkish<\/a>. For the sake of viewer convenience, the content is shown below in the alternative language. You may click the link to switch the active language.<\/p><p><strong>Elektronik alan\u0131nda yan sanayi vurgusu ile yola \u00e7\u0131kan, T\u00fcrkiye\u2019deki birbirinden \u00f6nemli bir\u00e7ok\u00a0elektronik yan sanayi sekt\u00f6r\u00fcn\u00fc bir araya getirecek 5. Uluslararas\u0131 Electronist Fuar\u0131, 6-9 Ekim 2016\u00a0tarihlerinde \u0130stanbul Fuar Merkezi\u2019nde ger\u00e7ekle\u015fecek.<\/strong><\/p>\n<p>T\u00fcketici ve Ev Elektroni\u011fi, Bilgisayar ve Bili\u015fim Yan Sanayi ve Bile\u015fenleri, Mobil Elektronik, Medikal\u00a0Elektronik Yan Sanayi ve Askeri Elektronik gibi s<a href=\"https:\/\/www.enerjigazetesi.ist\/wp-content\/uploads\/2016\/06\/elektronik-endustrisinin-bulusma-noktasi-5-uluslararasi-electronicst-fuari.jpg\"><img loading=\"lazy\" class=\"alignleft  wp-image-53777\" src=\"https:\/\/www.enerjigazetesi.ist\/wp-content\/uploads\/2016\/06\/elektronik-endustrisinin-bulusma-noktasi-5-uluslararasi-electronicst-fuari-300x150.jpg\" alt=\"elektronik-endustrisinin-bulusma-noktasi-5-uluslararasi-electronicst-fuari\" width=\"300\" height=\"176\" \/><\/a>ekt\u00f6rleri ortak bile\u015fen olan elektronik yan sanayi\u00a0\u00e7er\u00e7evesinde bir araya getirmeyi ama\u00e7layan 5. Uluslararas\u0131 Electronist Fuar\u0131, bu y\u0131l yap\u0131lanan yeni\u00a0\u00fcr\u00fcn i\u00e7eri\u011fiyle <strong>6-9 Ekim 2016<\/strong> tarihlerinde \u0130stanbul Fuar Merkezi 11. holde yerini alacakt\u0131r.<\/p>\n<p>Yap\u0131lan yeni d\u00fczenlemeler ile \u2018\u2019b\u00f6lgenin tek sekt\u00f6rel etkinli\u011fi\u2019\u2019 olma \u00f6zelli\u011fine sahip olan Electronist\u00a0Fuar\u0131, kom\u015fu \u00fclkelerden gelen al\u0131m heyetleri ve ziyaret\u00e7ilerin de ilgisini \u00e7eken sekt\u00f6rel bir fuar\u00a0konumunda. \u00d6zellikle 2016 y\u0131l\u0131ndaki organizasyonla ilgili olarak, Electronist Fuar\u0131\u2019n\u0131n yenilenen\u00a0zengin i\u00e7eri\u011fi ve yap\u0131lan d\u00fczenleme ile hedeflenen sekt\u00f6rlerin artmas\u0131, fuar\u0131 kendi sekt\u00f6r\u00fcn\u00fcn\u00a0b\u00f6lgedeki en \u00f6nemli bulu\u015fma noktas\u0131 haline getirmi\u015ftir.<\/p>\n<p>2016 sezonunun son 5 ayl\u0131k d\u00f6nemine girdi\u011fimiz bu g\u00fcnlerde Electronist Proje Ekibi, fuar\u00a0haz\u0131rl\u0131klar\u0131n\u0131 yo\u011funla\u015ft\u0131rd\u0131.<br \/>\nT\u00fcm pazara genel bir bak\u0131\u015f ve t\u00fcm elektronik end\u00fcstrisini ayn\u0131 anda g\u00f6zlemleme f\u0131rsat\u0131.<\/p>\n<p><strong>Electronist Fuar\u0131\u2019n\u0131 bu sene de ziyaret etmek i\u00e7in onlarca neden var!<\/strong><\/p>\n<p><strong>\u0130leti\u015fim:<\/strong><br \/>\nB\u00fc\u015fra MERTEL<br \/>\nKurumsal \u0130leti\u015fim ve Pazarlama Sorumlusu<br \/>\nMarmara Tan\u0131t\u0131m Fuarc\u0131l\u0131k<br \/>\nT: 0212 503 32 32 &#8211; \u00a0M: pr@marmarafuar.com.tr &#8211; Web:\u00a0www.electronistfuari.com<\/p>\n<p>Kaynak: B\u00fcltenler<\/p>","protected":false},"excerpt":{"rendered":"<p>Sorry, this entry is only available in Turkish. For the sake of viewer convenience, the content is shown below in the alternative language. You may click the link to switch the active language.Elektronik alan\u0131nda yan sanayi vurgusu ile yola \u00e7\u0131kan, T\u00fcrkiye\u2019deki birbirinden \u00f6nemli bir\u00e7ok\u00a0elektronik yan sanayi sekt\u00f6r\u00fcn\u00fc bir araya getirecek 5. Uluslararas\u0131 Electronist Fuar\u0131, 6-9 [&hellip;]<\/p>\n","protected":false},"author":1,"featured_media":53777,"comment_status":"open","ping_status":"open","sticky":false,"template":"","format":"standard","meta":[],"categories":[53],"tags":[30085,3671,4807],"views":1088,"_links":{"self":[{"href":"https:\/\/www.enerjigazetesi.ist\/en\/wp-json\/wp\/v2\/posts\/53776"}],"collection":[{"href":"https:\/\/www.enerjigazetesi.ist\/en\/wp-json\/wp\/v2\/posts"}],"about":[{"href":"https:\/\/www.enerjigazetesi.ist\/en\/wp-json\/wp\/v2\/types\/post"}],"author":[{"embeddable":true,"href":"https:\/\/www.enerjigazetesi.ist\/en\/wp-json\/wp\/v2\/users\/1"}],"replies":[{"embeddable":true,"href":"https:\/\/www.enerjigazetesi.ist\/en\/wp-json\/wp\/v2\/comments?post=53776"}],"version-history":[{"count":3,"href":"https:\/\/www.enerjigazetesi.ist\/en\/wp-json\/wp\/v2\/posts\/53776\/revisions"}],"predecessor-version":[{"id":53780,"href":"https:\/\/www.enerjigazetesi.ist\/en\/wp-json\/wp\/v2\/posts\/53776\/revisions\/53780"}],"wp:featuredmedia":[{"embeddable":true,"href":"https:\/\/www.enerjigazetesi.ist\/en\/wp-json\/wp\/v2\/media\/53777"}],"wp:attachment":[{"href":"https:\/\/www.enerjigazetesi.ist\/en\/wp-json\/wp\/v2\/media?parent=53776"}],"wp:term":[{"taxonomy":"category","embeddable":true,"href":"https:\/\/www.enerjigazetesi.ist\/en\/wp-json\/wp\/v2\/categories?post=53776"},{"taxonomy":"post_tag","embeddable":true,"href":"https:\/\/www.enerjigazetesi.ist\/en\/wp-json\/wp\/v2\/tags?post=53776"}],"curies":[{"name":"wp","href":"https:\/\/api.w.org\/{rel}","templated":true}]}}