{"id":53761,"date":"2016-06-07T12:52:08","date_gmt":"2016-06-07T09:52:08","guid":{"rendered":"https:\/\/www.enerjigazetesi.ist\/?p=53761"},"modified":"2016-06-07T12:52:08","modified_gmt":"2016-06-07T09:52:08","slug":"yeni-komur-duzenlemeleri-ne-anlama-geliyor","status":"publish","type":"post","link":"https:\/\/www.enerjigazetesi.ist\/en\/yeni-komur-duzenlemeleri-ne-anlama-geliyor\/","title":{"rendered":"(Turkish) Yeni K\u00f6m\u00fcr D\u00fczenlemeleri Ne Anlama Geliyor?"},"content":{"rendered":"<p class=\"qtranxs-available-languages-message qtranxs-available-languages-message-en\">Sorry, this entry is only available in <a href=\"https:\/\/www.enerjigazetesi.ist\/tr\/wp-json\/wp\/v2\/posts\/53761\" class=\"qtranxs-available-language-link qtranxs-available-language-link-tr\" title=\"Turkish\">Turkish<\/a>. For the sake of viewer convenience, the content is shown below in the alternative language. You may click the link to switch the active language.<\/p><p><strong>Mecliste kabul edilen yasayla beraber T\u00fcrkiye i\u00e7in\u00a0k\u00f6m\u00fcrde yeni bir d\u00f6nem ba\u015fl\u0131yor. Yasayla birlikte hem vatanda\u015flar\u0131n hayat\u0131nda\u00a0hem de\u00a0T\u00fcrkiye&#8217;nin enerji \u00fcretim kompozisyonunda\u00a0\u00f6nemli de\u011fi\u015fikler olmas\u0131 bekleniyor.<\/strong><\/p>\n<p>Enerji ve Tabii Kaynaklar Bakan\u0131 Berat Albayrak\u2019\u0131n, \u201cK\u0131l\u00e7\u0131ks\u0131z yat\u0131r\u0131m imk\u00e2n\u0131 sunaca\u011f\u0131z\u201d dedi\u011fi yerli k\u00f6m\u00fcre te\u015fvik modeline g\u00f6re,\u00a0devlete sat\u0131lacak <a href=\"https:\/\/www.enerjigazetesi.ist\/wp-content\/uploads\/2016\/06\/yeni-komur-duzenlemeleri-ne-anlama-geliyor.jpg\"><img loading=\"lazy\" class=\"alignleft size-medium wp-image-53762\" src=\"https:\/\/www.enerjigazetesi.ist\/wp-content\/uploads\/2016\/06\/yeni-komur-duzenlemeleri-ne-anlama-geliyor-300x199.jpg\" alt=\"yeni-komur-duzenlemeleri-ne-anlama-geliyor\" width=\"300\" height=\"199\" srcset=\"https:\/\/www.enerjigazetesi.ist\/wp-content\/uploads\/2016\/06\/yeni-komur-duzenlemeleri-ne-anlama-geliyor-300x199.jpg 300w, https:\/\/www.enerjigazetesi.ist\/wp-content\/uploads\/2016\/06\/yeni-komur-duzenlemeleri-ne-anlama-geliyor-500x332.jpg 500w, https:\/\/www.enerjigazetesi.ist\/wp-content\/uploads\/2016\/06\/yeni-komur-duzenlemeleri-ne-anlama-geliyor-75x50.jpg 75w, https:\/\/www.enerjigazetesi.ist\/wp-content\/uploads\/2016\/06\/yeni-komur-duzenlemeleri-ne-anlama-geliyor.jpg 770w\" sizes=\"(max-width: 300px) 100vw, 300px\" \/><\/a>elektrik \u00fccretinin a\u00e7\u0131k eksiltme ile azalt\u0131ld\u0131\u011f\u0131 ihale yap\u0131lacak. Devlete en ucuz elektrik fiyat\u0131n\u0131 teklif eden firmaya, t\u00fcm yasal izinleri haz\u0131r bir saha \u00fccretsiz olarak teslim edilecek. Yat\u0131r\u0131mc\u0131 da burada k\u00f6m\u00fcr\u00fc \u00e7\u0131kart\u0131p elektrik \u00fcretimi yapacak.<\/p>\n<p>Albayrak bu d\u00f6nemde, T\u00fcrkiye\u2019nin bir\u00e7ok yerindeki k\u00f6m\u00fcr rezervini maksimum kullanma konusuna e\u011fileceklerini belirterek, \u201cK\u00f6m\u00fcr sahalar\u0131 yap\u0131lacak ihale ile devredilecek. Sahan\u0131n sat\u0131lmas\u0131 de\u011fil, tahsisle 10-15 y\u0131l o sahay\u0131 i\u015fletip en ucuz kim elektri\u011fi devlete verirse ona i\u015fletme hakk\u0131 verilecek\u201d dedi.<\/p>\n<p>Asl\u0131nda yasa tasar\u0131s\u0131nda kay\u0131p-ka\u00e7ak oranlar\u0131n\u0131n faturalara yans\u0131t\u0131lmas\u0131ndan Akkuyu N\u00fckleer Santrali i\u00e7in uygulanacak muafiyetlere kadar\u00a0pek \u00e7ok d\u00fczenleme var.<\/p>\n<p>Ancak Enerji <span id=\":sv.4\" class=\"J-JK9eJ-PJVNOc\" tabindex=\"-1\" data-g-spell-status=\"2\">IQ<\/span> Genel M\u00fcd\u00fcr\u00fc Emre Ert\u00fcrk, kabul edilen yasadaki en \u00f6nemli de\u011fi\u015fikli\u011fin yerli k\u00f6m\u00fcr yat\u0131r\u0131mlar\u0131n\u0131n d\u00fczenlenmesi ve iyile\u015ftirilmesiyle ilgili maddeler oldu\u011funu s\u00f6yledi.<\/p>\n<p>Bu de\u011fi\u015fikli\u011fin en b\u00fcy\u00fck\u00a0etkisinin elektrik faturalar\u0131nda d\u00fc\u015f\u00fc\u015f olmas\u0131\u00a0bekleniyor. Muhalefetten itirazlar olsa da h\u00fck\u00fcmete g\u00f6re, en d\u00fc\u015f\u00fck fiyattan elektrik satmay\u0131 kabul eden firma ihaleyi kazanaca\u011f\u0131 i\u00e7in, vatanda\u015fa yans\u0131yacak elektrik fiyat\u0131n\u0131n da d\u00fc\u015f\u00fcr\u00fclmesi planlan\u0131yor.<\/p>\n<p>Bunun yan\u0131nda yat\u0131r\u0131m ortam\u0131n\u0131n iyile\u015ftirilmesinin de sekt\u00f6rde \u00f6nemli bir ivme yaratmas\u0131 bekleniyor.<\/p>\n<p>Ert\u00fcrk&#8217;\u00fcn verdi\u011fi bilgilere g\u00f6re, <span id=\":sv.5\" class=\"J-JK9eJ-PJVNOc\" tabindex=\"-1\" data-g-spell-status=\"2\">TE\u0130A\u015e<\/span>\u00a0<span id=\":sv.6\" class=\"J-JK9eJ-PJVNOc\" tabindex=\"-1\" data-g-spell-status=\"2\">taraf\u0131ndan<\/span>\u00a030 Nisan itibariyle yay\u0131nlanan istatistikler T\u00fcrkiye&#8217;de kurulu g\u00fcc\u00fcn 74.627 <span id=\":sv.7\" class=\"J-JK9eJ-PJVNOc\" tabindex=\"-1\" data-g-spell-status=\"2\">MW<\/span>\u00a0oldu\u011funu g\u00f6steriyor. Bunun toplam g\u00fcc\u00fcn y\u00fczde 13,2&#8217;sine denk gelen 9.850 MW&#8217;l\u0131k k\u0131sm\u0131\u00a0sadece linyit yak\u0131tl\u0131 termik santrallerden kar\u015f\u0131lan\u0131yor. 10 sene \u00f6nce ise bu santrallerin kurulu g\u00fcc\u00fc 8.200 MW&#8217;t\u0131. Yani ge\u00e7en 10 y\u0131l i\u00e7inde linyit santrallerinde kurulu g\u00fc\u00e7 sadece 1.600 MW art\u0131\u015f g\u00f6sterdi.<\/p>\n<p>Ert\u00fcrk&#8217;e g\u00f6re\u00a0T\u00fcrkiye gibi 15 milyar tonun \u00fczerinde rezervi olan bir \u00fclke i\u00e7in bu art\u0131\u015f h\u0131z\u0131 \u00e7ok d\u00fc\u015f\u00fck.<\/p>\n<p>Daha \u00f6nce linyit \u00fcretiminin pay\u0131n\u0131n art\u0131r\u0131lmas\u0131 i\u00e7in \u00e7e\u015fitler yollar denendi\u011fini ve kayda de\u011fer bir sonu\u00e7 al\u0131namad\u0131\u011f\u0131n\u0131 hat\u0131rlatan Ert\u00fcrk, bu kanunun bug\u00fcne kadar yap\u0131lm\u0131\u015f en kapsaml\u0131 <span id=\":sv.10\" class=\"J-JK9eJ-PJVNOc\" tabindex=\"-1\" data-g-spell-status=\"2\">d\u00fczenleme<\/span> oldu\u011funu, \u015fimdi ise ikincil mevzuatlar\u0131n \u00f6nemli oldu\u011funu s\u00f6yledi. Ert\u00fcrk&#8217;e g\u00f6re,\u00a0her \u015fey ba\u015far\u0131l\u0131 olursa en az 6.000 <span id=\":sv.11\" class=\"J-JK9eJ-PJVNOc\" tabindex=\"-1\" data-g-spell-status=\"2\">MW<\/span>\u00a0ek kurulu g\u00fc\u00e7 yarat\u0131labilir.<\/p>\n<p>Yeni d\u00fczenlemeyle bir yandan yat\u0131r\u0131mlar\u0131 h\u0131zlan\u0131rken, bir yandan da yeni oyuncular\u0131n sekt\u00f6re girebilece\u011fi belirtiliyor<\/p>\n<p><strong>\u00c7EVRE END\u0130\u015eELER\u0130<\/strong><\/p>\n<p>Ancak k\u00f6m\u00fcr yat\u0131r\u0131mlar\u0131n\u0131n artacak olmas\u0131 \u00e7evre endi\u015felerini de tekrar alevlendirdi.<\/p>\n<p>Genel Kurul&#8217;da tasar\u0131yla ilgili konu\u015fma yapan CHP \u0130stanbul Milletvekili Didem Engin, yerli k\u00f6m\u00fcr\u00fcn kalitesinin d\u00fc\u015f\u00fck oldu\u011fu, bu nedenle daha fazla yat\u0131r\u0131m gerektirdi\u011fi ve di\u011fer kaliteli k\u00f6m\u00fcr t\u00fcrlerine\u00a0g\u00f6re insan sa\u011fl\u0131\u011f\u0131na, do\u011faya, tar\u0131ma daha fazla zarar verdi\u011fi bilinmesine ra\u011fmen bu kararlar\u0131n al\u0131nd\u0131\u011f\u0131n\u0131 s\u00f6yledi.<\/p>\n<p>Engin, &#8220;Uluslararas\u0131 s\u00f6zle\u015fmeler ve bu konudaki k\u00fcresel duyarl\u0131l\u0131k sebebiyle, zaten art\u0131k \u0130hracat Kredi Kurulu\u015flar\u0131, Eximbank\u2019lar bile bu t\u00fcr k\u00f6m\u00fcr yat\u0131r\u0131mlar\u0131n\u0131 ve projeleri finanse etmiyorlar. H\u00fck\u00fcmet bu projeler i\u00e7in san\u0131yorum \u00c7in\u2019den finansman isteyecek. K\u00f6m\u00fcr yat\u0131r\u0131mlar\u0131 nedeniyle \u00c7in \u015fehirlerinin ne hale geldi\u011fi, hava kirlili\u011fi nedeniyle \u00c7in\u2019de ortaya \u00e7\u0131kan sa\u011fl\u0131k sorunlar\u0131 herkesin malumu&#8221; dedi.<\/p>\n<p>Haberin <a href=\"http:\/\/www.businessht.com.tr\/guncel\/haber\/1249990-yeni-komur-duzenlemeleri-ne-anlama-geliyor\" target=\"_blank\" rel=\"nofollow\">Devam\u0131 \u0130\u00e7in TIKLAYINIZ&gt;&gt;&gt;<\/a><\/p>\n<p>Kaynak:\u00a0BusinessHT<\/p>","protected":false},"excerpt":{"rendered":"<p>Sorry, this entry is only available in Turkish. For the sake of viewer convenience, the content is shown below in the alternative language. You may click the link to switch the active language.Mecliste kabul edilen yasayla beraber T\u00fcrkiye i\u00e7in\u00a0k\u00f6m\u00fcrde yeni bir d\u00f6nem ba\u015fl\u0131yor. Yasayla birlikte hem vatanda\u015flar\u0131n hayat\u0131nda\u00a0hem de\u00a0T\u00fcrkiye&#8217;nin enerji \u00fcretim kompozisyonunda\u00a0\u00f6nemli de\u011fi\u015fikler olmas\u0131 bekleniyor. [&hellip;]<\/p>\n","protected":false},"author":1,"featured_media":53762,"comment_status":"open","ping_status":"open","sticky":false,"template":"","format":"standard","meta":[],"categories":[53,24649],"tags":[67,1009,2698,165,1675,30079,5097],"views":1040,"_links":{"self":[{"href":"https:\/\/www.enerjigazetesi.ist\/en\/wp-json\/wp\/v2\/posts\/53761"}],"collection":[{"href":"https:\/\/www.enerjigazetesi.ist\/en\/wp-json\/wp\/v2\/posts"}],"about":[{"href":"https:\/\/www.enerjigazetesi.ist\/en\/wp-json\/wp\/v2\/types\/post"}],"author":[{"embeddable":true,"href":"https:\/\/www.enerjigazetesi.ist\/en\/wp-json\/wp\/v2\/users\/1"}],"replies":[{"embeddable":true,"href":"https:\/\/www.enerjigazetesi.ist\/en\/wp-json\/wp\/v2\/comments?post=53761"}],"version-history":[{"count":1,"href":"https:\/\/www.enerjigazetesi.ist\/en\/wp-json\/wp\/v2\/posts\/53761\/revisions"}],"predecessor-version":[{"id":53763,"href":"https:\/\/www.enerjigazetesi.ist\/en\/wp-json\/wp\/v2\/posts\/53761\/revisions\/53763"}],"wp:featuredmedia":[{"embeddable":true,"href":"https:\/\/www.enerjigazetesi.ist\/en\/wp-json\/wp\/v2\/media\/53762"}],"wp:attachment":[{"href":"https:\/\/www.enerjigazetesi.ist\/en\/wp-json\/wp\/v2\/media?parent=53761"}],"wp:term":[{"taxonomy":"category","embeddable":true,"href":"https:\/\/www.enerjigazetesi.ist\/en\/wp-json\/wp\/v2\/categories?post=53761"},{"taxonomy":"post_tag","embeddable":true,"href":"https:\/\/www.enerjigazetesi.ist\/en\/wp-json\/wp\/v2\/tags?post=53761"}],"curies":[{"name":"wp","href":"https:\/\/api.w.org\/{rel}","templated":true}]}}