{"id":53749,"date":"2016-06-07T12:20:06","date_gmt":"2016-06-07T09:20:06","guid":{"rendered":"https:\/\/www.enerjigazetesi.ist\/?p=53749"},"modified":"2016-06-07T12:20:06","modified_gmt":"2016-06-07T09:20:06","slug":"avrupa-nukleer-arastirmalarin-gelecegini-tartisiyor","status":"publish","type":"post","link":"https:\/\/www.enerjigazetesi.ist\/en\/avrupa-nukleer-arastirmalarin-gelecegini-tartisiyor\/","title":{"rendered":"(Turkish) Avrupa N\u00fckleer Ara\u015ft\u0131rmalar\u0131n Gelece\u011fini Tart\u0131\u015f\u0131yor&#8230;"},"content":{"rendered":"<p class=\"qtranxs-available-languages-message qtranxs-available-languages-message-en\">Sorry, this entry is only available in <a href=\"https:\/\/www.enerjigazetesi.ist\/tr\/wp-json\/wp\/v2\/posts\/53749\" class=\"qtranxs-available-language-link qtranxs-available-language-link-tr\" title=\"Turkish\">Turkish<\/a>. For the sake of viewer convenience, the content is shown below in the alternative language. You may click the link to switch the active language.<\/p><p><\/p>\n<p class=\"selectionShareable\" style=\"color: #0a0a0a;\"><strong>N\u00fckleer enerji ara\u015ft\u0131rmalar\u0131 i\u00e7in 2014-2020 d\u00f6neminde 430 milyon avroluk b\u00fct\u00e7e ay\u0131ran Avrupa Komisyonu, bu konudaki ara\u015ft\u0131rmalar\u0131n\u0131n gelece\u011fine karar vermek \u00fczere bir \u00e7al\u0131\u015fma ba\u015flatt\u0131.<\/strong><span id=\"more-81410\"><\/span><\/p>\n<p class=\"selectionShareable\" style=\"color: #0a0a0a;\">Avrupa Komisyonu Ara\u015ft\u0131rma ve \u0130novasyon B\u00f6l\u00fcm\u00fc yetkililerinden edinilen bilgiye g\u00f6re, Komisyon uzmanlar\u0131 13 May\u0131s\u2019ta T\u00fcrkiye\u2019nin de i\u00e7inde bu<a href=\"https:\/\/www.enerjigazetesi.ist\/wp-content\/uploads\/2016\/06\/avrupa-nukleer-arastirmalarin-gelecegini-tartisiyor.jpg\"><img loading=\"lazy\" class=\"alignleft size-medium wp-image-53750\" src=\"https:\/\/www.enerjigazetesi.ist\/wp-content\/uploads\/2016\/06\/avrupa-nukleer-arastirmalarin-gelecegini-tartisiyor-300x200.jpg\" alt=\"avrupa-nukleer-arastirmalarin-gelecegini-tartisiyor\" width=\"300\" height=\"200\" srcset=\"https:\/\/www.enerjigazetesi.ist\/wp-content\/uploads\/2016\/06\/avrupa-nukleer-arastirmalarin-gelecegini-tartisiyor-300x200.jpg 300w, https:\/\/www.enerjigazetesi.ist\/wp-content\/uploads\/2016\/06\/avrupa-nukleer-arastirmalarin-gelecegini-tartisiyor-1024x682.jpg 1024w, https:\/\/www.enerjigazetesi.ist\/wp-content\/uploads\/2016\/06\/avrupa-nukleer-arastirmalarin-gelecegini-tartisiyor-500x333.jpg 500w, https:\/\/www.enerjigazetesi.ist\/wp-content\/uploads\/2016\/06\/avrupa-nukleer-arastirmalarin-gelecegini-tartisiyor-75x50.jpg 75w, https:\/\/www.enerjigazetesi.ist\/wp-content\/uploads\/2016\/06\/avrupa-nukleer-arastirmalarin-gelecegini-tartisiyor.jpg 1068w\" sizes=\"(max-width: 300px) 100vw, 300px\" \/><\/a>lundu\u011fu 32 \u00fclkenin yetkililerine n\u00fckleer enerji ara\u015ft\u0131rmalar\u0131nda nas\u0131l ilerleyeceklerini bildirmeleri y\u00f6n\u00fcnde bir tart\u0131\u015fma dosyas\u0131 g\u00f6nderdi.<\/p>\n<p class=\"selectionShareable\" style=\"color: #0a0a0a;\">\u00dclke ve Komisyon yetkilileri 24 May\u0131s\u2019ta teknik toplant\u0131 d\u00fczenledi ve g\u00f6r\u00fc\u015flerini payla\u015ft\u0131. Komisyon, gelecek birka\u00e7 hafta i\u00e7erisinde \u00fclke yetkililerinin bu konudaki tavsiye ve g\u00f6r\u00fc\u015flerini dikkate alarak \u201cba\u011flay\u0131c\u0131 olmayan\u201d bir deklarasyon yay\u0131nlayacak.<\/p>\n<p class=\"selectionShareable\" style=\"color: #0a0a0a;\">S\u00f6z konusu dosyada yer alan bilgiye g\u00f6re, Komisyon n\u00fckleer santral ve reakt\u00f6rleri finanse etmiyor.<\/p>\n<p class=\"selectionShareable\" style=\"color: #0a0a0a;\">\u00dclkelerin n\u00fckleer enerjiyi, portf\u00f6yleri i\u00e7erisinde tutmalar\u0131 kendi yetkileri dahilindeyken, Komisyon\u2019un \u00fclkelerin tercihlerini de\u011fi\u015ftirmek gibi bir \u00e7abas\u0131 bulunmuyor.<\/p>\n<p class=\"selectionShareable\" style=\"color: #0a0a0a;\">Komisyon n\u00fckleer g\u00fcvenlik konusunun t\u00fcm Avrupa\u2019y\u0131 ilgilendirdi\u011fini d\u00fc\u015f\u00fcnd\u00fc\u011f\u00fc i\u00e7in mevcut santrallerin g\u00fcvenli \u00e7al\u0131\u015fmas\u0131 ve radyoaktif at\u0131klar\u0131n\u0131n d\u00fczg\u00fcn bir \u015fekilde yok edilmesi \u00f6nem kazan\u0131yor.<\/p>\n<p class=\"selectionShareable\" style=\"color: #0a0a0a;\">Bu mant\u0131kla yola \u00e7\u0131k\u0131larak, Avrupa Stratejik Enerji Teknoloji Plan\u0131 kapsam\u0131nda \u00f6ncelikli 10 ara\u015ft\u0131rma alan\u0131 i\u00e7erisinde g\u00fcvenlik esaslar\u0131 dahilinde n\u00fckleer reakt\u00f6r yap\u0131m\u0131 ve at\u0131k y\u00f6netimi de yer al\u0131yor.<\/p>\n<p class=\"selectionShareable\" style=\"color: #0a0a0a;\">Komisyon\u2019un n\u00fckleer ara\u015ft\u0131rmalar \u00fczerine son bir ayd\u0131r yapt\u0131\u011f\u0131 g\u00f6r\u00fc\u015fmelerde n\u00fckleer enerjiyi portf\u00f6ylerinde tutmak isteyen \u00fclkelerin bu alanlarda nas\u0131l ilerleyece\u011fi ve g\u00fcvenlik konusunda ataca\u011f\u0131 ad\u0131mlar \u00fczerine g\u00f6r\u00fc\u015f ortaya konulmas\u0131 ama\u00e7land\u0131.<\/p>\n<p class=\"selectionShareable\" style=\"color: #0a0a0a;\">Bu g\u00f6r\u00fc\u015fmeler sonras\u0131nda ortaya \u00e7\u0131kacak deklarasyona, oy birli\u011fiyle karar verilecek. Yasal anlamda herhangi bir ba\u011flay\u0131c\u0131l\u0131\u011f\u0131 olmayacak bu deklarasyonun, Komisyon\u2019un ileriki y\u0131llarda yapaca\u011f\u0131 n\u00fckleer enerji ara\u015ft\u0131rmalar\u0131na \u0131\u015f\u0131k tutmas\u0131 hedefleniyor.<\/p>\n<p class=\"selectionShareable\" style=\"color: #0a0a0a;\">Kaynak: Enerji Enstit\u00fcs\u00fc<\/p>\n<p><\/p>","protected":false},"excerpt":{"rendered":"<p>Sorry, this entry is only available in Turkish. For the sake of viewer convenience, the content is shown below in the alternative language. You may click the link to switch the active language. N\u00fckleer enerji ara\u015ft\u0131rmalar\u0131 i\u00e7in 2014-2020 d\u00f6neminde 430 milyon avroluk b\u00fct\u00e7e ay\u0131ran Avrupa Komisyonu, bu konudaki ara\u015ft\u0131rmalar\u0131n\u0131n gelece\u011fine karar vermek \u00fczere bir \u00e7al\u0131\u015fma [&hellip;]<\/p>\n","protected":false},"author":1,"featured_media":53750,"comment_status":"open","ping_status":"open","sticky":false,"template":"","format":"standard","meta":[],"categories":[53,43],"tags":[1964,30070,63,67,1009,2698,165,71,30071,21,25480,23614,30072,2973],"views":1008,"_links":{"self":[{"href":"https:\/\/www.enerjigazetesi.ist\/en\/wp-json\/wp\/v2\/posts\/53749"}],"collection":[{"href":"https:\/\/www.enerjigazetesi.ist\/en\/wp-json\/wp\/v2\/posts"}],"about":[{"href":"https:\/\/www.enerjigazetesi.ist\/en\/wp-json\/wp\/v2\/types\/post"}],"author":[{"embeddable":true,"href":"https:\/\/www.enerjigazetesi.ist\/en\/wp-json\/wp\/v2\/users\/1"}],"replies":[{"embeddable":true,"href":"https:\/\/www.enerjigazetesi.ist\/en\/wp-json\/wp\/v2\/comments?post=53749"}],"version-history":[{"count":1,"href":"https:\/\/www.enerjigazetesi.ist\/en\/wp-json\/wp\/v2\/posts\/53749\/revisions"}],"predecessor-version":[{"id":53751,"href":"https:\/\/www.enerjigazetesi.ist\/en\/wp-json\/wp\/v2\/posts\/53749\/revisions\/53751"}],"wp:featuredmedia":[{"embeddable":true,"href":"https:\/\/www.enerjigazetesi.ist\/en\/wp-json\/wp\/v2\/media\/53750"}],"wp:attachment":[{"href":"https:\/\/www.enerjigazetesi.ist\/en\/wp-json\/wp\/v2\/media?parent=53749"}],"wp:term":[{"taxonomy":"category","embeddable":true,"href":"https:\/\/www.enerjigazetesi.ist\/en\/wp-json\/wp\/v2\/categories?post=53749"},{"taxonomy":"post_tag","embeddable":true,"href":"https:\/\/www.enerjigazetesi.ist\/en\/wp-json\/wp\/v2\/tags?post=53749"}],"curies":[{"name":"wp","href":"https:\/\/api.w.org\/{rel}","templated":true}]}}