{"id":53734,"date":"2016-06-06T22:07:22","date_gmt":"2016-06-06T19:07:22","guid":{"rendered":"https:\/\/www.enerjigazetesi.ist\/?p=53734"},"modified":"2016-06-06T22:07:22","modified_gmt":"2016-06-06T19:07:22","slug":"elektrik-piyasasi-kanunuyla-enerji-endeksi-yuzde-2-5-yukseldi","status":"publish","type":"post","link":"https:\/\/www.enerjigazetesi.ist\/en\/elektrik-piyasasi-kanunuyla-enerji-endeksi-yuzde-2-5-yukseldi\/","title":{"rendered":"(Turkish) Elektrik Piyasas\u0131 Kanunuyla Enerji Endeksi Y\u00fczde 2.5 Y\u00fckseldi!"},"content":{"rendered":"<p class=\"qtranxs-available-languages-message qtranxs-available-languages-message-en\">Sorry, this entry is only available in <a href=\"https:\/\/www.enerjigazetesi.ist\/tr\/wp-json\/wp\/v2\/posts\/53734\" class=\"qtranxs-available-language-link qtranxs-available-language-link-tr\" title=\"Turkish\">Turkish<\/a>. For the sake of viewer convenience, the content is shown below in the alternative language. You may click the link to switch the active language.<\/p><p><\/p>\n<p class=\"selectionShareable\" style=\"color: #0a0a0a;\"><strong>Meclis Genel Kurulu, yakla\u015f\u0131k 18\u00a0saatlik bir mesainin ard\u0131ndan enerjide yeni bir d\u00f6nem ba\u015flatacak olan Elektrik Piyasas\u0131 Kanunu\u2019nu 4\u00a0Haziran Cumartesi g\u00fcn\u00fc kabul etti.<\/strong><span id=\"more-81404\"><\/span><\/p>\n<p class=\"selectionShareable\" style=\"color: #0a0a0a;\">Enerji ve Tabii Kaynaklar Bakan\u0131 Berat Albayrak, kanunun T\u00fcrkiye ve enerji piyasalar\u0131 i\u00e7in \u00e7ok \u00f6<img loading=\"lazy\" class=\"alignright  wp-image-53735\" src=\"https:\/\/www.enerjigazetesi.ist\/wp-content\/uploads\/2016\/06\/elektrik-piyasasi-kanunuyla-enerji-endeksi-yuzde-2-5-yukseldi-300x128.jpg\" alt=\"elektrik-piyasasi-kanunuyla-enerji-endeksi-yuzde-2-5-yukseldi\" width=\"300\" height=\"181\" \/>nemli oldu\u011funu vurgulad\u0131. Kabul edilen kanun ile ucuz elektrik ve yerli \u00fcretim sa\u011flanacak.\u00a0Enerji alan\u0131nda yat\u0131r\u0131mc\u0131ya b\u00fcy\u00fck kolayl\u0131k getirilecek ve ihale s\u00fcre\u00e7lerinde t\u00fcm izinler \u00f6nceden al\u0131nacak.<\/p>\n<p class=\"selectionShareable\" style=\"color: #0a0a0a;\">Albayrak ayr\u0131ca, yeni d\u00f6nemde yap\u0131lacak denetim ve yeni yat\u0131r\u0131mlarla elektrikte y\u00fczde 20\u2019lerden y\u00fczde 14\u2019ler seviyesine \u00e7ektikleri kay\u0131p\u00a0ka\u00e7ak\u00a0seyiyesini daha alt d\u00fczeye indireceklerini s\u00f6yledi.<\/p>\n<p class=\"selectionShareable\" style=\"color: #0a0a0a;\">Her ne kadar s\u00f6z konusu d\u00fczenlemeye g\u00f6re, ilgili usul ve esaslar Bakanlar Kurulu kararlar\u0131na ba\u011fl\u0131 olup, hen\u00fcz tam etkisi netle\u015fmemi\u015f olsa da; elektrik \u00fcreten \u015firket hisseleri ,Elektrik Piyasas\u0131 Kanunu\u2019nun kabul edilmesinin ard\u0131ndan Borsa \u0130stanbul\u2019da \u00a0y\u00fckseli\u015fe ge\u00e7ti.Enerji \u015firketlerinin i\u015flem g\u00f6rd\u00fc\u011f\u00fc\u00a0B\u0130ST-Elektrik endeksi y\u00fczde 2.5 y\u00fckselirken, endekste yer alan en b\u00fcy\u00fck \u015firketlerden \u00a0AKSU Enerji y\u00fczde 12 ,Emek Elektrik y\u00fczde 17, Ak Enerji ise y\u00fczde 6 \u00a0ve Oda\u015f Elektrik y\u00fczde 2.5 y\u00fckselerelek en \u00e7ok y\u00fckselen hisseler listesine girdi. Hisselerin i\u015flem s\u0131ras\u0131nda devre\u00a0kesici uygulamas\u0131 ba\u015flad\u0131.<\/p>\n<p class=\"selectionShareable\" style=\"color: #0a0a0a;\">Konu ile ilgili olarak Oda\u015f Elektrik \u00dcretim Sanayi Ticaret A.\u015e.\u00a0taraf\u0131ndan da KAP\u2019a yap\u0131lan a\u00e7\u0131klamada, Elektrik Piyasas\u0131 Kanunu\u2019nun yerli k\u00f6m\u00fcrden elektrik \u00fcreten santralleri te\u015fvik etmek amac\u0131yla T\u00fcrkiye Elektrik Ticaret ve Taahh\u00fct A.\u015e.\u2019nin (TETA\u015e) ihtiyac\u0131 olan elektri\u011fi yerli k\u00f6m\u00fcre dayal\u0131 elektrik \u00fcretim tesislerinden sa\u011flamas\u0131na olanak verdi\u011fini belirtti.\u00a0\u015eirket ,grup \u015firketleri ile beraber olu\u015fan konsolide elektrik \u00fcretim yap\u0131s\u0131n\u0131n 2018 y\u0131l\u0131ndan itibaren a\u011f\u0131rl\u0131kl\u0131 olarak yerli k\u00f6m\u00fcre dayal\u0131 olaca\u011f\u0131 ,daha da \u00f6nemlisi grubun, baz y\u00fck elektrik ihtiyac\u0131n\u0131n tamam\u0131n\u0131 yerli k\u00f6m\u00fcr termik santralinden sa\u011flayaca\u011f\u0131 belirtildi.<\/p>\n<p class=\"selectionShareable\" style=\"color: #0a0a0a;\">Kaynak: <a href=\"http:\/\/www.borsagundem.com\/haber\/enerji-endeksi-yuzde-25-yukseldi\/1043053\" target=\"_blank\" rel=\"nofollow\">Borsa G\u00fcndem<\/a><\/p>\n<p><\/p>","protected":false},"excerpt":{"rendered":"<p>Sorry, this entry is only available in Turkish. For the sake of viewer convenience, the content is shown below in the alternative language. You may click the link to switch the active language. Meclis Genel Kurulu, yakla\u015f\u0131k 18\u00a0saatlik bir mesainin ard\u0131ndan enerjide yeni bir d\u00f6nem ba\u015flatacak olan Elektrik Piyasas\u0131 Kanunu\u2019nu 4\u00a0Haziran Cumartesi g\u00fcn\u00fc kabul etti. [&hellip;]<\/p>\n","protected":false},"author":1,"featured_media":53735,"comment_status":"open","ping_status":"open","sticky":false,"template":"","format":"standard","meta":[],"categories":[51,53],"tags":[16372,68,61,30065,1451,1588,63,26861,67,1009,2698,165,4237,30066,3499,29059,5404,1802],"views":970,"_links":{"self":[{"href":"https:\/\/www.enerjigazetesi.ist\/en\/wp-json\/wp\/v2\/posts\/53734"}],"collection":[{"href":"https:\/\/www.enerjigazetesi.ist\/en\/wp-json\/wp\/v2\/posts"}],"about":[{"href":"https:\/\/www.enerjigazetesi.ist\/en\/wp-json\/wp\/v2\/types\/post"}],"author":[{"embeddable":true,"href":"https:\/\/www.enerjigazetesi.ist\/en\/wp-json\/wp\/v2\/users\/1"}],"replies":[{"embeddable":true,"href":"https:\/\/www.enerjigazetesi.ist\/en\/wp-json\/wp\/v2\/comments?post=53734"}],"version-history":[{"count":1,"href":"https:\/\/www.enerjigazetesi.ist\/en\/wp-json\/wp\/v2\/posts\/53734\/revisions"}],"predecessor-version":[{"id":53736,"href":"https:\/\/www.enerjigazetesi.ist\/en\/wp-json\/wp\/v2\/posts\/53734\/revisions\/53736"}],"wp:featuredmedia":[{"embeddable":true,"href":"https:\/\/www.enerjigazetesi.ist\/en\/wp-json\/wp\/v2\/media\/53735"}],"wp:attachment":[{"href":"https:\/\/www.enerjigazetesi.ist\/en\/wp-json\/wp\/v2\/media?parent=53734"}],"wp:term":[{"taxonomy":"category","embeddable":true,"href":"https:\/\/www.enerjigazetesi.ist\/en\/wp-json\/wp\/v2\/categories?post=53734"},{"taxonomy":"post_tag","embeddable":true,"href":"https:\/\/www.enerjigazetesi.ist\/en\/wp-json\/wp\/v2\/tags?post=53734"}],"curies":[{"name":"wp","href":"https:\/\/api.w.org\/{rel}","templated":true}]}}