{"id":53691,"date":"2016-06-05T19:19:00","date_gmt":"2016-06-05T16:19:00","guid":{"rendered":"https:\/\/www.enerjigazetesi.ist\/?p=53691"},"modified":"2016-06-05T19:19:00","modified_gmt":"2016-06-05T16:19:00","slug":"maden-ve-gunes-enerjisi-yatirimlarinda-burokrasi-bitiyor","status":"publish","type":"post","link":"https:\/\/www.enerjigazetesi.ist\/en\/maden-ve-gunes-enerjisi-yatirimlarinda-burokrasi-bitiyor\/","title":{"rendered":"(Turkish) Maden ve G\u00fcne\u015f Enerjisi Yat\u0131r\u0131mlar\u0131nda B\u00fcrokrasi Bitiyor!"},"content":{"rendered":"<p class=\"qtranxs-available-languages-message qtranxs-available-languages-message-en\">Sorry, this entry is only available in <a href=\"https:\/\/www.enerjigazetesi.ist\/tr\/wp-json\/wp\/v2\/posts\/53691\" class=\"qtranxs-available-language-link qtranxs-available-language-link-tr\" title=\"Turkish\">Turkish<\/a>. For the sake of viewer convenience, the content is shown below in the alternative language. You may click the link to switch the active language.<\/p><p><strong>Enerji Bakanl\u0131\u011f\u0131 g\u00fcne\u015f enerjisi ve maden yat\u0131r\u0131mlar\u0131nda termik santral kurma s\u00f6z\u00fc veren yat\u0131r\u0131mc\u0131ya t\u00fcm b\u00fcrokratik i\u015flemleri bitmi\u015f \u015fekilde arsay\u0131 teslim etmeye haz\u0131rlan\u0131yor. Bakanl\u0131k devlete ucuz elektrik vermeyi garanti edenlere sahay\u0131 verecek.<\/strong><\/p>\n<p>ENERJ\u0130 ve Tabii Kaynaklar Bakanl\u0131\u011f\u0131, maden sahalar\u0131 ve g\u00fcne\u015f yat\u0131r\u0131mlar\u0131nda yeni bir modele ge\u00e7m<a href=\"https:\/\/www.enerjigazetesi.ist\/wp-content\/uploads\/2016\/06\/maden-ve-gunes-enerjisi-yatirimlarinda-burokrasi-bitiyor.jpg\"><img loading=\"lazy\" class=\"alignright size-medium wp-image-53692\" src=\"https:\/\/www.enerjigazetesi.ist\/wp-content\/uploads\/2016\/06\/maden-ve-gunes-enerjisi-yatirimlarinda-burokrasi-bitiyor-300x169.jpg\" alt=\"maden-ve-gunes-enerjisi-yatirimlarinda-burokrasi-bitiyor\" width=\"300\" height=\"169\" srcset=\"https:\/\/www.enerjigazetesi.ist\/wp-content\/uploads\/2016\/06\/maden-ve-gunes-enerjisi-yatirimlarinda-burokrasi-bitiyor-300x169.jpg 300w, https:\/\/www.enerjigazetesi.ist\/wp-content\/uploads\/2016\/06\/maden-ve-gunes-enerjisi-yatirimlarinda-burokrasi-bitiyor-500x282.jpg 500w, https:\/\/www.enerjigazetesi.ist\/wp-content\/uploads\/2016\/06\/maden-ve-gunes-enerjisi-yatirimlarinda-burokrasi-bitiyor-80x45.jpg 80w, https:\/\/www.enerjigazetesi.ist\/wp-content\/uploads\/2016\/06\/maden-ve-gunes-enerjisi-yatirimlarinda-burokrasi-bitiyor.jpg 620w\" sizes=\"(max-width: 300px) 100vw, 300px\" \/><\/a>eye haz\u0131rlan\u0131yor. Ge\u00e7mi\u015fte en \u00e7ok paray\u0131 teklif edene verilen ihale modeline dayanan maden sahalar\u0131nda yeni modelde, termik santral kurmas\u0131 \u015fart\u0131 getirilecek. Yat\u0131r\u0131mc\u0131lara her \u015feyi haz\u0131r arsa teslim edilecek. Yap\u0131lacak ihalede de devlete en ucuz elektri\u011fi satacak firma \u00f6ne ge\u00e7ecek. G\u00fcne\u015f yat\u0131r\u0131mlar\u0131nda da yurtd\u0131\u015f\u0131 firmalar\u0131n gelmesi i\u00e7in y\u00fcksek megavatl\u0131 \u00fcretim sahalar\u0131 a\u00e7\u0131lacak.<\/p>\n<p><strong>E\u00dcA\u015e HER\u015eEY\u0130 HAZIRLAYACAK<\/strong><\/p>\n<p>TBMM Genel Kurulu\u2019nda g\u00f6r\u00fc\u015fmeleri devam eden elektrik piyasas\u0131na y\u00f6nelik tasar\u0131 ile maden sahalar\u0131 termik santral kurulmas\u0131 \u015fart\u0131yla verilecek. Enerji Bakanl\u0131\u011f\u0131 yetkilileri, eskiden maden sahalar\u0131n\u0131n ihaleye \u00e7\u0131k\u0131p en \u00e7ok paray\u0131 verene verildi\u011fini belirterek, kamunun art\u0131k tek derdinin elektri\u011fin ka\u00e7a sat\u0131laca\u011f\u0131 olaca\u011f\u0131n\u0131 s\u00f6ylediler. Enerji Bakanl\u0131\u011f\u0131 yeni sistemle \u00c7ED, izinler, ruhsatlar haz\u0131r \u015fekilde yat\u0131r\u0131mc\u0131lar\u0131n b\u00fcrokratik i\u015flemlerle u\u011fra\u015fmayaca\u011f\u0131 \u015fekilde ihaleye \u00e7\u0131k\u0131lacak. Maden sahalar\u0131 ile ilgili b\u00fct\u00fcn prosed\u00fcrleri Elektrik \u00dcretim A\u015e (E\u00dcA\u015e) tamamlayacak. Tek \u015fart termik santral kurulmas\u0131 olacak. Termik santral kurmay\u0131 vaat eden yat\u0131r\u0131mc\u0131lar devlete elektri\u011fi ka\u00e7a satacaklar\u0131na ili\u015fkin ihaleye girecekler. A\u00e7\u0131k azalt\u0131m ihalesi ile ihale yap\u0131lacak. Yetkililer, \u201cDiyelim ki A sahas\u0131nda \u015fu kadar k\u00f6m\u00fcr rezervi var, termik santral kurulmas\u0131n\u0131 istiyoruz. Eskiden yat\u0131r\u0131mc\u0131 (sahay\u0131 ver, \u00fcretip sisteme satar\u0131m) diyordu. \u015eimdi biz en ucuz elektrik vermeyi garanti edene sahay\u0131 verece\u011fiz. \u00c7ED izniyle, ruhsatla u\u011fra\u015fmayacak. Yani termik santrali kurup elektri\u011fi \u00fcretece\u011fi \u015fekilde haz\u0131r sistemi verece\u011fiz. B\u00f6ylece yerli k\u00f6m\u00fcr\u00fcn sisteme girmesini sa\u011flayaca\u011f\u0131z\u201d dedi.<\/p>\n<p><strong>SAHALAR BEL\u0130RLENECEK<\/strong><\/p>\n<p>Enerji Bakanl\u0131\u011f\u0131, yenilebilir enerjide de benzer bir modeli hayata ge\u00e7irmeye haz\u0131rlan\u0131yor. Enerji Bakanl\u0131\u011f\u0131 100 megawatt yerine b\u00fcy\u00fck g\u00fcne\u015f sahalar\u0131 \u00f6rne\u011fin bin, 2 bin, 3 bin megawatt b\u00fcy\u00fckl\u00fc\u011f\u00fcnde sahalar belirleyecek. Bu sahalar\u0131n da t\u00fcm izinleri haz\u0131r edilecek. Yat\u0131r\u0131mc\u0131n\u0131n burada da b\u00fcrokratik sorunla kar\u015f\u0131la\u015fmamas\u0131 sa\u011flanacak. Trafo, iletim hatt\u0131na kadar garanti verilecek. Ancak Enerji Bakanl\u0131\u011f\u0131\u2019n\u0131n burada da tek \u015fart\u0131 panel, trib\u00fcn gibi \u00fcretimlerin T\u00fcrkiye\u2019de kurulacak fabrikada yap\u0131lmas\u0131 olacak. Enerji Bakanl\u0131\u011f\u0131 yetkilileri, T\u00fcrkiye\u2019de yerli panel \u00fcretiminin olmad\u0131\u011f\u0131n\u0131 belirterek, \u015fu anda fabrikalar\u0131n montaj yapt\u0131\u011f\u0131n\u0131, yeni sistemle hedefin dev firmalar\u0131n T\u00fcrkiye\u2019ye gelerek fabrikas\u0131n\u0131 T\u00fcrkiye\u2019de kurmas\u0131n\u0131 sa\u011flamak oldu\u011funu s\u00f6ylediler. Bu \u015fart\u0131 yerine getirece\u011fini bildiren yat\u0131r\u0131mc\u0131lar bu sefer a\u00e7\u0131k azalt\u0131m modeline dayal\u0131 ihaleye girecekler. \u0130hale en ucuz elektri\u011fi verme modeline g\u00f6re yap\u0131lacak.<\/p>\n<p><strong>YERL\u0130 OTOMOB\u0130L\u0130N L\u0130TYUMU MTA\u2019DAN<\/strong><\/p>\n<p>MADEN Tetkik Arama (MTA) art\u0131k yurtd\u0131\u015f\u0131nda da arama yapabilecek. Ayn\u0131 tasar\u0131 ile devlet taraf\u0131ndan \u00fclkenin stratejik madenlerinin tedari\u011fini g\u00fcvence alt\u0131na almakla g\u00f6revlendirilen MTA, kendi tecr\u00fcbesiyle yurtd\u0131\u015f\u0131nda k\u00f6m\u00fcr \u00fcretim yerlerinde dan\u0131\u015fmanl\u0131k verebilecek, sahalara ortak olabilecek. T\u00fcrkiye\u2019nin ihtiyac\u0131 olan do\u011fal madenleri arayabilecek olan MTA, n\u00fckleer madenlerle ilgili de arama yapabilecek. B\u00f6ylece 2020\u2019den \u00f6nce yollarda olmas\u0131 hedeflenen yerli otomobilin pillerindeki lityum da MTA taraf\u0131ndan tedarik edilebilecek.<\/p>\n<p>Kaynak: <a href=\"http:\/\/www.hurriyet.com.tr\/maden-ve-gunes-enerjisi-yatirimlarinda-burokrasi-bitiyor-40112839\" target=\"_blank\" rel=\"nofollow\">H\u00fcrriyet<\/a><\/p>","protected":false},"excerpt":{"rendered":"<p>Sorry, this entry is only available in Turkish. For the sake of viewer convenience, the content is shown below in the alternative language. You may click the link to switch the active language.Enerji Bakanl\u0131\u011f\u0131 g\u00fcne\u015f enerjisi ve maden yat\u0131r\u0131mlar\u0131nda termik santral kurma s\u00f6z\u00fc veren yat\u0131r\u0131mc\u0131ya t\u00fcm b\u00fcrokratik i\u015flemleri bitmi\u015f \u015fekilde arsay\u0131 teslim etmeye haz\u0131rlan\u0131yor. Bakanl\u0131k [&hellip;]<\/p>\n","protected":false},"author":1,"featured_media":53692,"comment_status":"open","ping_status":"open","sticky":false,"template":"","format":"standard","meta":[],"categories":[53,49,24649],"tags":[67,1009,2698,165,227,5982,5562],"views":1409,"_links":{"self":[{"href":"https:\/\/www.enerjigazetesi.ist\/en\/wp-json\/wp\/v2\/posts\/53691"}],"collection":[{"href":"https:\/\/www.enerjigazetesi.ist\/en\/wp-json\/wp\/v2\/posts"}],"about":[{"href":"https:\/\/www.enerjigazetesi.ist\/en\/wp-json\/wp\/v2\/types\/post"}],"author":[{"embeddable":true,"href":"https:\/\/www.enerjigazetesi.ist\/en\/wp-json\/wp\/v2\/users\/1"}],"replies":[{"embeddable":true,"href":"https:\/\/www.enerjigazetesi.ist\/en\/wp-json\/wp\/v2\/comments?post=53691"}],"version-history":[{"count":1,"href":"https:\/\/www.enerjigazetesi.ist\/en\/wp-json\/wp\/v2\/posts\/53691\/revisions"}],"predecessor-version":[{"id":53693,"href":"https:\/\/www.enerjigazetesi.ist\/en\/wp-json\/wp\/v2\/posts\/53691\/revisions\/53693"}],"wp:featuredmedia":[{"embeddable":true,"href":"https:\/\/www.enerjigazetesi.ist\/en\/wp-json\/wp\/v2\/media\/53692"}],"wp:attachment":[{"href":"https:\/\/www.enerjigazetesi.ist\/en\/wp-json\/wp\/v2\/media?parent=53691"}],"wp:term":[{"taxonomy":"category","embeddable":true,"href":"https:\/\/www.enerjigazetesi.ist\/en\/wp-json\/wp\/v2\/categories?post=53691"},{"taxonomy":"post_tag","embeddable":true,"href":"https:\/\/www.enerjigazetesi.ist\/en\/wp-json\/wp\/v2\/tags?post=53691"}],"curies":[{"name":"wp","href":"https:\/\/api.w.org\/{rel}","templated":true}]}}