{"id":5369,"date":"2013-01-18T10:56:04","date_gmt":"2013-01-18T07:56:04","guid":{"rendered":"https:\/\/www.enerjigazetesi.ist\/?p=5369"},"modified":"2013-01-18T10:56:52","modified_gmt":"2013-01-18T07:56:52","slug":"gunes-turkiyeden-yukseliyor","status":"publish","type":"post","link":"https:\/\/www.enerjigazetesi.ist\/en\/gunes-turkiyeden-yukseliyor\/","title":{"rendered":"(Turkish) G\u00fcne\u015f, T\u00fcrkiye\u2019den Y\u00fckseliyor&#8230;"},"content":{"rendered":"<p class=\"qtranxs-available-languages-message qtranxs-available-languages-message-en\">Sorry, this entry is only available in <a href=\"https:\/\/www.enerjigazetesi.ist\/tr\/wp-json\/wp\/v2\/posts\/5369\" class=\"qtranxs-available-language-link qtranxs-available-language-link-tr\" title=\"Turkish\">Turkish<\/a>. For the sake of viewer convenience, the content is shown below in the alternative language. You may click the link to switch the active language.<\/p><p><strong>Kuzey Afrika g\u00fcne\u015finden \u00fcretilecek elektri\u011fin Avrupa\u2019ya aktar\u0131lmas\u0131nda T\u00fcrkiye\u2019nin pozisyonu g\u00fc\u00e7leniyor. T\u00fcrkiye Medgrid ve Dii projelerinin transfer noktalar\u0131ndan biri olarak \u00f6ne \u00e7\u0131k\u0131yor. T\u00fcrkiye, i\u00e7inde bulundu\u011fu co\u011frafi b\u00f6lge nedeniyle d\u00fcnyan\u0131n en hareketli enerji transfer noktalar\u0131ndan biri konumunda<\/strong><\/p>\n<p><img loading=\"lazy\" class=\"alignright size-medium wp-image-5371\" title=\"gunes2-505x284\" src=\"https:\/\/www.enerjigazetesi.ist\/wp-content\/uploads\/2013\/01\/gunes2-505x284-300x168.jpg\" alt=\"\" width=\"300\" height=\"168\" srcset=\"https:\/\/www.enerjigazetesi.ist\/wp-content\/uploads\/2013\/01\/gunes2-505x284-300x168.jpg 300w, https:\/\/www.enerjigazetesi.ist\/wp-content\/uploads\/2013\/01\/gunes2-505x284-500x281.jpg 500w, https:\/\/www.enerjigazetesi.ist\/wp-content\/uploads\/2013\/01\/gunes2-505x284-80x44.jpg 80w, https:\/\/www.enerjigazetesi.ist\/wp-content\/uploads\/2013\/01\/gunes2-505x284.jpg 505w\" sizes=\"(max-width: 300px) 100vw, 300px\" \/>Ba\u015fta Azerbaycan ve Rusya olmak \u00fczere do\u011fal gaz zengini \u00fclkelerin kaynaklar\u0131n\u0131n Avrupa\u2019ya aktar\u0131lmas\u0131nda T\u00fcrkiye\u2019den ge\u00e7en enerji yollar\u0131 \u00f6ne \u00e7\u0131k\u0131yor. T\u00fcrkiye, do\u011fal gaz ve petrol gibi enerji kaynaklar\u0131n\u0131n yan\u0131nda yenilenebilir enerji kaynaklar\u0131n\u0131n da Avrupa\u2019ya aktar\u0131lmas\u0131nda \u00f6nemli bir pozisyonda bulunuyor. Bu konudaki son geli\u015fmelerden bir tanesi T\u00fcrkiye\u2019nin, Kuzey Afrika b\u00f6lgesinde g\u00fcne\u015f enerjisi ile \u00fcretilecek olan yenilenebilir enerjinin aktar\u0131m noktalar\u0131ndan biri olmas\u0131. Enerji \u015firketleri Dii ve Medgrid\u2019in projelerinde T\u00fcrkiye\u2019nin \u00f6nemli bir konumu bulunuyor.<\/p>\n<h2>Avrupa enerjisine \u00e7\u00f6l g\u00fcne\u015fi takviyesi<\/h2>\n<p>Avrupa Komisyonu\u2019nun destekledi\u011fi Desertec vizyonu, elektri\u011fin yenilenebilir enerji i\u00e7in uygun b\u00f6lgelerde \u00fcretilip talebin y\u00fcksek oldu\u011fu b\u00f6lgelere ihra\u00e7 edilmesi fikri \u00fczerine kuruluyor. \u201cDesert Power 2050\u201d (\u00c7\u00f6l Enerjisi 2050) raporuna g\u00f6re, Avrupa ile Kuzey Afrika ve Orta Do\u011fu (MENA) aras\u0131ndaki entegre bir sistem ile Avrupa\u2019n\u0131n, elektrik ihtiyac\u0131n\u0131n y\u00fczde 20\u2032ye varan bir k\u0131sm\u0131n\u0131n MENA b\u00f6lgesinden sa\u011flanmas\u0131 m\u00fcmk\u00fcn. Bu durum Avrupa enerji sekt\u00f6r\u00fcnde karbon sal\u0131n\u0131m\u0131nda y\u00fczde 95\u2032lik bir k\u00fc\u00e7\u00fclme yaratma potansiyeli ta\u015f\u0131yor. B\u00f6ylelikle Avrupa\u2019n\u0131n y\u0131lda toplam 33 milyar euro tasarruf edece\u011fi \u00f6ng\u00f6r\u00fcl\u00fcyor. \u00c7\u00f6l enerjisinin, ayn\u0131 zamanda MENA \u00fclkelerinin, kendi enerji ihtiya\u00e7lar\u0131n\u0131 b\u00f6lgedeki bol g\u00fcne\u015f ve r\u00fczg\u00e2r kaynaklar\u0131ndan g\u00fcvenilir bir \u015fekilde kar\u015f\u0131lamas\u0131na da olanak sunmas\u0131 bekleniyor. B\u00f6ylece bu b\u00f6lgedeki talepte beklenen b\u00fcy\u00fck art\u0131\u015fa ra\u011fmen, karbon sal\u0131n\u0131m\u0131n\u0131n y\u00fczde 50 azalt\u0131lmas\u0131na da katk\u0131 sunulmu\u015f olacak. Bu durumda MENA ayn\u0131 zamanda, y\u0131lda 63 milyar Euro\u2019ya varan ihracat end\u00fcstrisinden de yararlanacak. Bunlar\u0131n yan\u0131 s\u0131ra, hem Avrupa hem de MENA, enerji sekt\u00f6r\u00fcndeki karbon azalt\u0131m\u0131n\u0131n maliyetinde y\u00fczde 40\u2019l\u0131k bir tasarruf elde edecek.<\/p>\n<h2>\u201cT\u00fcrkiye\u2019nin t\u00fcketimde de potansiyeli y\u00fcksek\u201d<\/h2>\n<p>T\u00fcrkiye, bu vizyon kapsam\u0131nda geli\u015fen senaryolarda \u00f6nemli bir konumda yer al\u0131yor. Suudi Arabistan ve M\u0131s\u0131r\u2019dan gelecek enerjinin T\u00fcrkiye\u2019ye ula\u015ft\u0131r\u0131lmas\u0131 \u00f6ng\u00f6r\u00fcl\u00fcyor. Akdeniz\u2019in g\u00fcneyindeki ba\u011flant\u0131lar\u0131n ve Suriye-T\u00fcrkiye karasal ba\u011flant\u0131s\u0131n\u0131n toplam kapasitesi 222 GWNTC (gigavat cinsinden net aktar\u0131m kapasitesi) seviyesinde. MENA ile Avrupa aras\u0131nda y\u0131lda yakla\u015f\u0131k 1.100 teravat\/saat elektrik ak\u0131\u015f\u0131 olmas\u0131 planlan\u0131yor. Deutsche Welle T\u00fcrk\u00e7e\u2019ye konu\u015fan Almanya merkezli Dii \u015firketinin s\u00f6zc\u00fcs\u00fc Klaus Schmidtke, T\u00fcrkiye\u2019nin aktar\u0131m kadar t\u00fcketim potansiyeliyle de bu proje i\u00e7in \u00f6nemli bir b\u00f6lge oldu\u011funu belirtiyor. Schmidtke, \u201c2050 y\u0131l\u0131na kadar T\u00fcrkiye, Avrupa-Orta Do\u011fu-Kuzey Afrika b\u00f6lgesindeki en geni\u015f elektrik t\u00fcketimine sahip \u00fclkelerden olacak. Y\u00fckselen enerji talebine bak\u0131ld\u0131\u011f\u0131nda T\u00fcrkiye co\u011frafi konumuyla Avrupa ile Orta Do\u011fu ve Kuzey Afrika aras\u0131ndaki bu ba\u011flant\u0131lardan \u00f6nemli faydalar g\u00f6recektir. Bununla birlikte T\u00fcrkiye \u00f6nemli bir aktar\u0131m noktas\u0131d\u0131r. Bu kapsamda Avrupa T\u00fcrkiye\u2019den belli \u00f6l\u00e7\u00fclerde elektrik ithalat\u0131 yapacakt\u0131r\u201d ifadelerini kullan\u0131yor.<\/p>\n<h2>\u201cB\u00f6lgenin entegrasyonu i\u00e7in \u00e7al\u0131\u015f\u0131yoruz\u201d<\/h2>\n<p>Dii ile birlikte 2008 y\u0131l\u0131nda \u2018Akdeniz G\u00fcne\u015f Plan\u0131\u2019 \u00e7er\u00e7evesinde kurulan Fransa merkezli Medgrid \u015firketi de b\u00f6lgenin Avrupa\u2019ya entegrasyonu y\u00f6n\u00fcnde \u00e7al\u0131\u015fmalar yap\u0131yor. Dii S\u00f6zc\u00fcs\u00fc Klaus Schmidtke, Avrupal\u0131 \u015firketlerin bu konudaki i\u015fbirli\u011fini \u015fu s\u00f6zlerle a\u00e7\u0131kl\u0131yor: \u201cDii olarak daha \u00e7ok 2050 y\u0131l\u0131na kadar Orta Do\u011fu ve Kuzey Afrika b\u00f6lgesinde yenilenebilir enerjide end\u00fcstriyel bir \u00f6l\u00e7ek yaratmaya odaklanm\u0131\u015f durumday\u0131z. Medgrid\u2019in temel hedefi ise Akdeniz aktar\u0131m sisteminin teknik, ekonomik ve kurumsal ger\u00e7ekle\u015ftirilebilirli\u011fi \u00fczerine \u00e7al\u0131\u015fmalar yapmak. Dii ve Medgrid ortakl\u0131\u011f\u0131 uzun vadede Avrupa\u2019n\u0131n Kuzey Afrika ve Orta Do\u011fu ile yenilenebilir enerji konusunda birbirine entegre olmas\u0131na katk\u0131 sunacakt\u0131r. \u2018Akdeniz G\u00fcne\u015f Plan\u0131\u2019 do\u011frultusunda bu i\u015fbirli\u011fi bu kaynaklar\u0131n pazarlanabilmesinde uygun ko\u015fullar yaratacakt\u0131r.\u201d<\/p>\n<p>Kaynak: <a href=\"http:\/\/enerjienstitusu.com\/2013\/01\/18\/gunes-turkiyeden-yukseliyor\/\" target=\"_blank\">Enerji Enstit\u00fcs\u00fc<\/a><\/p>","protected":false},"excerpt":{"rendered":"<p>Sorry, this entry is only available in Turkish. For the sake of viewer convenience, the content is shown below in the alternative language. You may click the link to switch the active language.Kuzey Afrika g\u00fcne\u015finden \u00fcretilecek elektri\u011fin Avrupa\u2019ya aktar\u0131lmas\u0131nda T\u00fcrkiye\u2019nin pozisyonu g\u00fc\u00e7leniyor. T\u00fcrkiye Medgrid ve Dii projelerinin transfer noktalar\u0131ndan biri olarak \u00f6ne \u00e7\u0131k\u0131yor. T\u00fcrkiye, i\u00e7inde [&hellip;]<\/p>\n","protected":false},"author":1,"featured_media":5371,"comment_status":"open","ping_status":"open","sticky":false,"template":"","format":"standard","meta":[],"categories":[53,49],"tags":[67,1879,13,846],"views":376,"_links":{"self":[{"href":"https:\/\/www.enerjigazetesi.ist\/en\/wp-json\/wp\/v2\/posts\/5369"}],"collection":[{"href":"https:\/\/www.enerjigazetesi.ist\/en\/wp-json\/wp\/v2\/posts"}],"about":[{"href":"https:\/\/www.enerjigazetesi.ist\/en\/wp-json\/wp\/v2\/types\/post"}],"author":[{"embeddable":true,"href":"https:\/\/www.enerjigazetesi.ist\/en\/wp-json\/wp\/v2\/users\/1"}],"replies":[{"embeddable":true,"href":"https:\/\/www.enerjigazetesi.ist\/en\/wp-json\/wp\/v2\/comments?post=5369"}],"version-history":[{"count":3,"href":"https:\/\/www.enerjigazetesi.ist\/en\/wp-json\/wp\/v2\/posts\/5369\/revisions"}],"predecessor-version":[{"id":5373,"href":"https:\/\/www.enerjigazetesi.ist\/en\/wp-json\/wp\/v2\/posts\/5369\/revisions\/5373"}],"wp:featuredmedia":[{"embeddable":true,"href":"https:\/\/www.enerjigazetesi.ist\/en\/wp-json\/wp\/v2\/media\/5371"}],"wp:attachment":[{"href":"https:\/\/www.enerjigazetesi.ist\/en\/wp-json\/wp\/v2\/media?parent=5369"}],"wp:term":[{"taxonomy":"category","embeddable":true,"href":"https:\/\/www.enerjigazetesi.ist\/en\/wp-json\/wp\/v2\/categories?post=5369"},{"taxonomy":"post_tag","embeddable":true,"href":"https:\/\/www.enerjigazetesi.ist\/en\/wp-json\/wp\/v2\/tags?post=5369"}],"curies":[{"name":"wp","href":"https:\/\/api.w.org\/{rel}","templated":true}]}}