{"id":53563,"date":"2016-06-01T10:54:11","date_gmt":"2016-06-01T07:54:11","guid":{"rendered":"https:\/\/www.enerjigazetesi.ist\/?p=53563"},"modified":"2016-06-01T10:54:11","modified_gmt":"2016-06-01T07:54:11","slug":"watson-gunes-devrimi-ile-karsi-karsiyayiz","status":"publish","type":"post","link":"https:\/\/www.enerjigazetesi.ist\/en\/watson-gunes-devrimi-ile-karsi-karsiyayiz\/","title":{"rendered":"(Turkish) Watson: G\u00fcne\u015f Devrimi \u0130le Kar\u015f\u0131 Kar\u015f\u0131yay\u0131z&#8230;"},"content":{"rendered":"<p class=\"qtranxs-available-languages-message qtranxs-available-languages-message-en\">Sorry, this entry is only available in <a href=\"https:\/\/www.enerjigazetesi.ist\/tr\/wp-json\/wp\/v2\/posts\/53563\" class=\"qtranxs-available-language-link qtranxs-available-language-link-tr\" title=\"Turkish\">Turkish<\/a>. For the sake of viewer convenience, the content is shown below in the alternative language. You may click the link to switch the active language.<\/p><p><strong>SolarPower Europe CEO\u2019su Dr. James Watson, K\u00fcresel d\u00fczeyde g\u00fcne\u015f enerjisinin en h\u0131zl\u0131 b\u00fcy\u00fcyen sekt\u00f6rlerin ba\u015f\u0131nda geldi\u011fini s\u00f6yledi.<\/strong><\/p>\n<p>Uluslararas\u0131 G\u00fcne\u015f E<a href=\"https:\/\/www.enerjigazetesi.ist\/wp-content\/uploads\/2016\/06\/watson-gunes-devrimi-ile-karsi-karsiyayiz.jpg\"><img loading=\"lazy\" class=\"alignleft size-full wp-image-53564\" src=\"https:\/\/www.enerjigazetesi.ist\/wp-content\/uploads\/2016\/06\/watson-gunes-devrimi-ile-karsi-karsiyayiz.jpg\" alt=\"watson-gunes-devrimi-ile-karsi-karsiyayiz\" width=\"300\" height=\"200\" srcset=\"https:\/\/www.enerjigazetesi.ist\/wp-content\/uploads\/2016\/06\/watson-gunes-devrimi-ile-karsi-karsiyayiz.jpg 300w, https:\/\/www.enerjigazetesi.ist\/wp-content\/uploads\/2016\/06\/watson-gunes-devrimi-ile-karsi-karsiyayiz-75x50.jpg 75w\" sizes=\"(max-width: 300px) 100vw, 300px\" \/><\/a>nerjisi Toplulu\u011fu \u2013 T\u00fcrkiye B\u00f6l\u00fcm\u00fc (G\u00dcNDER) taraf\u0131ndan d\u00fczenlenen SOLARENA bulu\u015fmas\u0131nda konu\u015fan SolarPower Europe CEO\u2019su Dr. James Watson, K\u00fcresel d\u00fczeyde g\u00fcne\u015f enerjisinin en h\u0131zl\u0131 b\u00fcy\u00fcyen sekt\u00f6rlerin ba\u015f\u0131nda geldi\u011fini ve bunun bir devrim oldu\u011funu s\u00f6yledi.<\/p>\n<p>2004 y\u0131l\u0131nda 3 GW dolaylar\u0131nda olan k\u00fcresel g\u00fcne\u015f kurulu kapasitesinin 2015 y\u0131l\u0131nda 228 GW seviyesine ula\u015ft\u0131\u011f\u0131na ve sadece 2015 y\u0131l\u0131 itibariyle 50 GW\u2019dan fazla kurulu g\u00fcc\u00fcn sisteme ba\u011fland\u0131\u011f\u0131na dikkat \u00e7eken Watson bu durumu bir devrim olarak niteledi.<\/p>\n<p><strong>T\u00dcRK\u0130YE BU B\u00dcY\u00dcMEN\u0130N B\u0130R PAR\u00c7ASI OLACAK<\/strong><\/p>\n<p>T\u00fcrkiye\u2019nin de g\u00fcne\u015f potansiyeline de\u011finen Watson \u201cParis Anla\u015fmas\u0131 ile beraber g\u00fcne\u015f sekt\u00f6r\u00fcn\u00fcn daha da h\u0131zl\u0131 b\u00fcy\u00fcmeye devam edece\u011fini tahmin edebiliriz. G\u00fc\u00e7l\u00fc g\u00fcne\u015f potansiyeli ile T\u00fcrkiye de bu b\u00fcy\u00fcmenin par\u00e7as\u0131 olacak\u201d dedi.<\/p>\n<p><strong>T\u00dcRK\u0130YE&#8217;DE G\u00dcNE\u015e\u0130N GEL\u0130\u015e\u0130M\u0130 YAVA\u015e<\/strong><\/p>\n<p>T\u00fcrkiye\u2019deki g\u00fcne\u015f sekt\u00f6r\u00fcn\u00fcn geli\u015fiminin di\u011fer \u00fclkelere nazaran daha yava\u015f ilerledi\u011fini belirten Kemerburgaz \u00dcniversitesi\u2019nden Do\u00e7.Dr. Sevil Acar ise T\u00fcrkiye\u2019de k\u00f6m\u00fcr i\u00e7in verilen desteklerin y\u00fcksekli\u011fine dikkat \u00e7ekti. A\u00e7\u0131klamas\u0131nda yapt\u0131klar\u0131 \u00e7al\u0131\u015fma sonucunda 2013 y\u0131l\u0131nda yaln\u0131zca do\u011frudan maddi kaynak yolu ile k\u00f6m\u00fcr i\u00e7in 730 milyon dolarl\u0131k te\u015fvik verildi\u011fini hesaplad\u0131klar\u0131n\u0131, bununla birlikte hesaplanamayan kalemler ve dolayl\u0131 destekler ile bu rakam\u0131n \u00e7ok daha y\u00fcksek oldu\u011funa dikkat \u00e7ekti.<\/p>\n<p>Do\u00e7. Dr. Acar \u00e7al\u0131\u015fmalar\u0131n\u0131n T\u00fcrkiye\u2019nin k\u00f6m\u00fcr kullan\u0131m\u0131n\u0131n te\u015fvi\u011fi i\u00e7in harcad\u0131\u011f\u0131ndan \u00e7ok daha d\u00fc\u015f\u00fck bir b\u00fct\u00e7eyi g\u00fcne\u015f enerjisi gibi s\u00fcrd\u00fcr\u00fclebilir kaynaklara harcamas\u0131 halinde, \u00e7ok k\u00fc\u00e7\u00fck bir gelir kayb\u0131 ile s\u00fcrd\u00fcr\u00fclebilir kalk\u0131nma prensiplerine uygun gerekli alt yap\u0131 ve f\u0131rsatlar\u0131 hayata ge\u00e7irebilece\u011fini ve emisyonlar\u0131n\u0131 azaltabilece\u011fini g\u00f6sterdi\u011fini de s\u00f6zlerine ekledi.<\/p>\n<p>Kaynak: <a href=\"http:\/\/www.enerjigunlugu.net\/icerik\/18622\/watson-gunes-devrimi-ile-karsi-karsiyayiz.html#.V06TalSLRdg\" target=\"_blank\" rel=\"nofollow\">Enerji G\u00fcnl\u00fc\u011f\u00fc<\/a><\/p>","protected":false},"excerpt":{"rendered":"<p>Sorry, this entry is only available in Turkish. For the sake of viewer convenience, the content is shown below in the alternative language. You may click the link to switch the active language.SolarPower Europe CEO\u2019su Dr. James Watson, K\u00fcresel d\u00fczeyde g\u00fcne\u015f enerjisinin en h\u0131zl\u0131 b\u00fcy\u00fcyen sekt\u00f6rlerin ba\u015f\u0131nda geldi\u011fini s\u00f6yledi. Uluslararas\u0131 G\u00fcne\u015f Enerjisi Toplulu\u011fu \u2013 T\u00fcrkiye [&hellip;]<\/p>\n","protected":false},"author":1,"featured_media":53564,"comment_status":"open","ping_status":"open","sticky":false,"template":"","format":"standard","meta":[],"categories":[53,49],"tags":[29975,63,67,1009,2698,165,1382,227,13,23133,22975,4269,29974,803,29973],"views":965,"_links":{"self":[{"href":"https:\/\/www.enerjigazetesi.ist\/en\/wp-json\/wp\/v2\/posts\/53563"}],"collection":[{"href":"https:\/\/www.enerjigazetesi.ist\/en\/wp-json\/wp\/v2\/posts"}],"about":[{"href":"https:\/\/www.enerjigazetesi.ist\/en\/wp-json\/wp\/v2\/types\/post"}],"author":[{"embeddable":true,"href":"https:\/\/www.enerjigazetesi.ist\/en\/wp-json\/wp\/v2\/users\/1"}],"replies":[{"embeddable":true,"href":"https:\/\/www.enerjigazetesi.ist\/en\/wp-json\/wp\/v2\/comments?post=53563"}],"version-history":[{"count":1,"href":"https:\/\/www.enerjigazetesi.ist\/en\/wp-json\/wp\/v2\/posts\/53563\/revisions"}],"predecessor-version":[{"id":53565,"href":"https:\/\/www.enerjigazetesi.ist\/en\/wp-json\/wp\/v2\/posts\/53563\/revisions\/53565"}],"wp:featuredmedia":[{"embeddable":true,"href":"https:\/\/www.enerjigazetesi.ist\/en\/wp-json\/wp\/v2\/media\/53564"}],"wp:attachment":[{"href":"https:\/\/www.enerjigazetesi.ist\/en\/wp-json\/wp\/v2\/media?parent=53563"}],"wp:term":[{"taxonomy":"category","embeddable":true,"href":"https:\/\/www.enerjigazetesi.ist\/en\/wp-json\/wp\/v2\/categories?post=53563"},{"taxonomy":"post_tag","embeddable":true,"href":"https:\/\/www.enerjigazetesi.ist\/en\/wp-json\/wp\/v2\/tags?post=53563"}],"curies":[{"name":"wp","href":"https:\/\/api.w.org\/{rel}","templated":true}]}}