{"id":53546,"date":"2016-05-31T19:36:23","date_gmt":"2016-05-31T16:36:23","guid":{"rendered":"https:\/\/www.enerjigazetesi.ist\/?p=53546"},"modified":"2016-05-31T20:31:51","modified_gmt":"2016-05-31T17:31:51","slug":"turkiye-yenilenebilir-enerji-yatirimlarinin-cekiciligi-19-uncu-sirada","status":"publish","type":"post","link":"https:\/\/www.enerjigazetesi.ist\/en\/turkiye-yenilenebilir-enerji-yatirimlarinin-cekiciligi-19-uncu-sirada\/","title":{"rendered":"(Turkish) T\u00fcrkiye Yenilenebilir Enerji Yat\u0131r\u0131mlar\u0131n\u0131n \u00c7ekicili\u011fi 19 uncu S\u0131rada!"},"content":{"rendered":"<p class=\"qtranxs-available-languages-message qtranxs-available-languages-message-en\">Sorry, this entry is only available in <a href=\"https:\/\/www.enerjigazetesi.ist\/tr\/wp-json\/wp\/v2\/posts\/53546\" class=\"qtranxs-available-language-link qtranxs-available-language-link-tr\" title=\"Turkish\">Turkish<\/a>. For the sake of viewer convenience, the content is shown below in the alternative language. You may click the link to switch the active language.<\/p><p><\/p>\n<h2>T\u00fcrkiye, yenilenebilir enerji yat\u0131r\u0131mlar\u0131n\u0131n \u00e7ekicili\u011fi konusunda 19&#8217;uncu s\u0131rada yer ald\u0131.<\/h2>\n<p>Uluslararas\u0131 denetim ve dan\u0131\u015fmanl\u0131k firmas\u0131 EY&#8217;nin haz\u0131rlad\u0131\u011f\u0131 Yenilenebilir Enerji \u00dclke \u00c7ekicili\u011fi E<a href=\"https:\/\/www.enerjigazetesi.ist\/wp-content\/uploads\/2016\/05\/turkiye-yenilenebilir-enerji-yatirimlarinin-cekiciligi-19-uncu-sirada.jpg\"><img loading=\"lazy\" class=\"alignright size-medium wp-image-53547\" src=\"https:\/\/www.enerjigazetesi.ist\/wp-content\/uploads\/2016\/05\/turkiye-yenilenebilir-enerji-yatirimlarinin-cekiciligi-19-uncu-sirada-300x198.jpg\" alt=\"turkiye-yenilenebilir-enerji-yatirimlarinin-cekiciligi-19-uncu-sirada\" width=\"300\" height=\"198\" srcset=\"https:\/\/www.enerjigazetesi.ist\/wp-content\/uploads\/2016\/05\/turkiye-yenilenebilir-enerji-yatirimlarinin-cekiciligi-19-uncu-sirada-300x198.jpg 300w, https:\/\/www.enerjigazetesi.ist\/wp-content\/uploads\/2016\/05\/turkiye-yenilenebilir-enerji-yatirimlarinin-cekiciligi-19-uncu-sirada-500x330.jpg 500w, https:\/\/www.enerjigazetesi.ist\/wp-content\/uploads\/2016\/05\/turkiye-yenilenebilir-enerji-yatirimlarinin-cekiciligi-19-uncu-sirada-75x50.jpg 75w, https:\/\/www.enerjigazetesi.ist\/wp-content\/uploads\/2016\/05\/turkiye-yenilenebilir-enerji-yatirimlarinin-cekiciligi-19-uncu-sirada.jpg 620w\" sizes=\"(max-width: 300px) 100vw, 300px\" \/><\/a>ndeksi\u2019ne (RECAI) g\u00f6re, listede yer alan 40 \u00fclkenin yar\u0131s\u0131n\u0131 geli\u015fmekte olan \u00fclkeler olu\u015fturdu. Avrupa piyasalar\u0131 yenilenebilir enerji yat\u0131r\u0131mlar\u0131nda yava\u015flad\u0131. Yenilebilir enerji yat\u0131r\u0131mlar\u0131n\u0131 \u00e7ekme konusunda \u00c7in ve Hindistan&#8217;da ya\u015fanan ciddi d\u00f6n\u00fc\u015f\u00fcm dikkati \u00e7ekti.<\/p>\n<p>Endekse g\u00f6re ilk \u00fc\u00e7 s\u0131rada ABD, \u00c7in ve Hindistan yer ald\u0131. \u015eili&#8217;nin d\u00f6rd\u00fcnc\u00fc, Almanya&#8217;n\u0131n be\u015finci oldu\u011fu listede T\u00fcrkiye yenilenebilir enerji yat\u0131r\u0131mlar\u0131n\u0131n \u00e7ekicili\u011fi konusunda 19&#8217;uncu s\u0131rada yer ald\u0131.<\/p>\n<p>Endekste g\u00f6r\u00fc\u015flerine yer verilen EY T\u00fcrkiye Enerji ve Altyap\u0131 Sekt\u00f6r Lideri Ethem Kutucular, geli\u015fmekte olan \u00fclkelerin, enerji end\u00fcstrilerini g\u00f6r\u00fclmemi\u015f bir h\u0131zda d\u00f6n\u00fc\u015ft\u00fcrd\u00fc\u011f\u00fcne i\u015faret etti.<\/p>\n<p>Kutucular, ge\u00e7en y\u0131l geli\u015fmekte olan \u00fclkelerde yenilenebilir enerjiye yap\u0131lan yat\u0131r\u0131mlar\u0131n ilk kez geli\u015fmi\u015f \u00fclkeleri geride b\u0131rakt\u0131\u011f\u0131n\u0131 belirterek, \u015fu ifadeleri kulland\u0131:<\/p>\n<p>&#8220;Dolay\u0131s\u0131yla k\u00fcresel yenilenebilir enerji sekt\u00f6r\u00fcnde rekabetin y\u00fckselmi\u015f olmas\u0131, operasyonel verimsizliklerin ortadan kald\u0131r\u0131lmas\u0131n\u0131 ve yat\u0131r\u0131m \u00e7ekicili\u011fini art\u0131c\u0131 te\u015fvikler sa\u011flanmas\u0131n\u0131 gerektiriyor. T\u00fcrkiye\u2019de bu alanda yat\u0131r\u0131mc\u0131ya sunulan olanaklar\u0131n \u00f6n\u00fcm\u00fczdeki d\u00f6nemde \u00fclkemizi giderek daha cazip bir pazar haline getirece\u011fini d\u00fc\u015f\u00fcn\u00fcyoruz. Bu anlamda \u00f6zellikle Latin Amerika, bir piyasan\u0131n ne kadar h\u0131zl\u0131 b\u00fcy\u00fcyebilece\u011fine ili\u015fkin iyi bir \u00f6rnek te\u015fkil ediyor.\u201d<\/p>\n<p>Kaynak: <a href=\"http:\/\/www.haberturk.com\/ekonomi\/enerji\/haber\/1239549-turkiye-yenilenebilir-enerji-cekiciliginde-19-sirada\" target=\"_blank\" rel=\"nofollow\">Habert\u00fcrk<\/a><\/p>","protected":false},"excerpt":{"rendered":"<p>Sorry, this entry is only available in Turkish. For the sake of viewer convenience, the content is shown below in the alternative language. You may click the link to switch the active language. T\u00fcrkiye, yenilenebilir enerji yat\u0131r\u0131mlar\u0131n\u0131n \u00e7ekicili\u011fi konusunda 19&#8217;uncu s\u0131rada yer ald\u0131. Uluslararas\u0131 denetim ve dan\u0131\u015fmanl\u0131k firmas\u0131 EY&#8217;nin haz\u0131rlad\u0131\u011f\u0131 Yenilenebilir Enerji \u00dclke \u00c7ekicili\u011fi Endeksi\u2019ne [&hellip;]<\/p>\n","protected":false},"author":1,"featured_media":53547,"comment_status":"open","ping_status":"open","sticky":false,"template":"","format":"standard","meta":[],"categories":[53],"tags":[67,1009,2698,165,358],"views":1164,"_links":{"self":[{"href":"https:\/\/www.enerjigazetesi.ist\/en\/wp-json\/wp\/v2\/posts\/53546"}],"collection":[{"href":"https:\/\/www.enerjigazetesi.ist\/en\/wp-json\/wp\/v2\/posts"}],"about":[{"href":"https:\/\/www.enerjigazetesi.ist\/en\/wp-json\/wp\/v2\/types\/post"}],"author":[{"embeddable":true,"href":"https:\/\/www.enerjigazetesi.ist\/en\/wp-json\/wp\/v2\/users\/1"}],"replies":[{"embeddable":true,"href":"https:\/\/www.enerjigazetesi.ist\/en\/wp-json\/wp\/v2\/comments?post=53546"}],"version-history":[{"count":2,"href":"https:\/\/www.enerjigazetesi.ist\/en\/wp-json\/wp\/v2\/posts\/53546\/revisions"}],"predecessor-version":[{"id":53549,"href":"https:\/\/www.enerjigazetesi.ist\/en\/wp-json\/wp\/v2\/posts\/53546\/revisions\/53549"}],"wp:featuredmedia":[{"embeddable":true,"href":"https:\/\/www.enerjigazetesi.ist\/en\/wp-json\/wp\/v2\/media\/53547"}],"wp:attachment":[{"href":"https:\/\/www.enerjigazetesi.ist\/en\/wp-json\/wp\/v2\/media?parent=53546"}],"wp:term":[{"taxonomy":"category","embeddable":true,"href":"https:\/\/www.enerjigazetesi.ist\/en\/wp-json\/wp\/v2\/categories?post=53546"},{"taxonomy":"post_tag","embeddable":true,"href":"https:\/\/www.enerjigazetesi.ist\/en\/wp-json\/wp\/v2\/tags?post=53546"}],"curies":[{"name":"wp","href":"https:\/\/api.w.org\/{rel}","templated":true}]}}