{"id":53504,"date":"2016-05-30T19:29:18","date_gmt":"2016-05-30T16:29:18","guid":{"rendered":"https:\/\/www.enerjigazetesi.ist\/?p=53504"},"modified":"2016-05-30T19:29:18","modified_gmt":"2016-05-30T16:29:18","slug":"136-yilin-en-sicak-yaz-aylari-geliyor-elektrik-faturalari-kabaracak","status":"publish","type":"post","link":"https:\/\/www.enerjigazetesi.ist\/en\/136-yilin-en-sicak-yaz-aylari-geliyor-elektrik-faturalari-kabaracak\/","title":{"rendered":"(Turkish) 136 y\u0131l\u0131n En S\u0131cak Yaz Aylar\u0131 Geliyor, Elektrik Faturalar\u0131 Kabaracak&#8230;"},"content":{"rendered":"<p class=\"qtranxs-available-languages-message qtranxs-available-languages-message-en\">Sorry, this entry is only available in <a href=\"https:\/\/www.enerjigazetesi.ist\/tr\/wp-json\/wp\/v2\/posts\/53504\" class=\"qtranxs-available-language-link qtranxs-available-language-link-tr\" title=\"Turkish\">Turkish<\/a>. For the sake of viewer convenience, the content is shown below in the alternative language. You may click the link to switch the active language.<\/p><p><\/p>\n<p class=\"selectionShareable\" style=\"color: #0a0a0a;\"><strong>T\u00fcrkiye son d\u00f6nemlerin en s\u0131cak g\u00fcnlerine haz\u0131rlan\u0131yor. Uzmanlar 136 y\u0131l\u0131n en s\u0131cak yaz aylar\u0131 olaca\u011f\u0131n\u0131 s\u00f6yl\u00fcyor. Bunu g\u00f6ren klima \u00fcreticileri de s\u0131cak yaz g\u00fcnleri \u00f6ncesi son teknoloji klimalar\u0131 piyasaya s\u00fcrd\u00fc.<\/strong><\/p>\n<p class=\"selectionShareable\" style=\"color: #0a0a0a;\">Ancak klimalar\u0131 \u00e7al\u0131\u015ft\u0131rman\u0131n bir bedeli var. Bir ay boyunca g\u00fcnde ortalama 6 saat \u00e7al\u0131\u015ft\u0131r\u0131lan klimalar elektrik faturas\u0131n\u0131 44 TL artt\u0131r\u0131yor.<a href=\"https:\/\/www.enerjigazetesi.ist\/wp-content\/uploads\/2015\/08\/elektrik-faturas\u0131-237982393-696x3851.jpg\"><img loading=\"lazy\" class=\"alignright size-medium wp-image-43431\" src=\"https:\/\/www.enerjigazetesi.ist\/wp-content\/uploads\/2015\/08\/elektrik-faturas\u0131-237982393-696x3851-300x165.jpg\" alt=\"elektrik-faturas\u0131-237982393-696x385\" width=\"300\" height=\"165\" srcset=\"https:\/\/www.enerjigazetesi.ist\/wp-content\/uploads\/2015\/08\/elektrik-faturas\u0131-237982393-696x3851-300x165.jpg 300w, https:\/\/www.enerjigazetesi.ist\/wp-content\/uploads\/2015\/08\/elektrik-faturas\u0131-237982393-696x3851-500x276.jpg 500w, https:\/\/www.enerjigazetesi.ist\/wp-content\/uploads\/2015\/08\/elektrik-faturas\u0131-237982393-696x3851-80x44.jpg 80w, https:\/\/www.enerjigazetesi.ist\/wp-content\/uploads\/2015\/08\/elektrik-faturas\u0131-237982393-696x3851.jpg 696w\" sizes=\"(max-width: 300px) 100vw, 300px\" \/><\/a><\/p>\n<p class=\"selectionShareable\" style=\"color: #0a0a0a;\">Bahar aylar\u0131nda hem serin hem de ya\u011fmurlu g\u00fcnler ya\u015fad\u0131k. Ancak haziran ile beraber en s\u0131cak g\u00fcnler kap\u0131da. Uzmanlar bu y\u0131l yaz g\u00fcnlerinde rekor s\u0131cakl\u0131k derecelerine ula\u015f\u0131laca\u011f\u0131n\u0131 belirtiyor. Hatta Amerikan Ulusal Havac\u0131l\u0131k ve Uzay Dairesi (NASA) 136 y\u0131l\u0131n en s\u0131cak y\u0131l\u0131n\u0131 ya\u015fayaca\u011f\u0131m\u0131z\u0131 a\u00e7\u0131klad\u0131. T\u00fcm bu bilgi payla\u015f\u0131mlar\u0131ndan sonra klima \u00fcreticileri de harekete ge\u00e7ti. Geli\u015ftirilen yeni teknolojiler, son model klimalardaki yerini ald\u0131. Havadaki mikroplar\u0131 \u00f6ld\u00fcren veya ak\u0131ll\u0131 telefonlardan kontrol edilen modeller klima \u00fcreticilerinin son kozlar\u0131 aras\u0131nda.<\/p>\n<p class=\"selectionShareable\" style=\"color: #0a0a0a;\">Ancak klimalar, her ge\u00e7en g\u00fcn daha fazla enerji tasarrufu \u00f6zellikleriyle donat\u0131lsa da hat\u0131r\u0131 say\u0131l\u0131r elektrik t\u00fcketimi de yap\u0131yor. Biz de klima \u00fcreticilerinin payla\u015ft\u0131\u011f\u0131 verilerle bir hesaplama yapt\u0131k. H\u00fcrriyet\u2019in haberine g\u00f6re, so\u011futma kapasitesi en k\u00fc\u00e7\u00fck klima 1 ayda g\u00fcnde 6 saat \u00e7al\u0131\u015ft\u0131r\u0131nca bunun elektrik faturam\u0131za yans\u0131mas\u0131 yakla\u015f\u0131k 44.2 TL oluyor. E\u011fer ev tipi kullan\u0131mlar i\u00e7in en b\u00fcy\u00fck kapasitelerden biri olan 24 bin 000 Btu\/h modellerini kullan\u0131rsak bu rakam ayl\u0131k 154.9 TL\u2019ye kadar \u00e7\u0131k\u0131yor.<\/p>\n<p class=\"selectionShareable\" style=\"color: #0a0a0a;\">Kaynak: Enerji Enstit\u00fcs\u00fc<\/p>\n<p><\/p>","protected":false},"excerpt":{"rendered":"<p>Sorry, this entry is only available in Turkish. For the sake of viewer convenience, the content is shown below in the alternative language. You may click the link to switch the active language. T\u00fcrkiye son d\u00f6nemlerin en s\u0131cak g\u00fcnlerine haz\u0131rlan\u0131yor. Uzmanlar 136 y\u0131l\u0131n en s\u0131cak yaz aylar\u0131 olaca\u011f\u0131n\u0131 s\u00f6yl\u00fcyor. Bunu g\u00f6ren klima \u00fcreticileri de s\u0131cak [&hellip;]<\/p>\n","protected":false},"author":1,"featured_media":7160,"comment_status":"open","ping_status":"open","sticky":false,"template":"","format":"standard","meta":[],"categories":[51,53],"tags":[29933,68,61,4061,1229,19638,1451,2873,29934,63,67,1009,2698,165,103,1942,29935,29936],"views":1068,"_links":{"self":[{"href":"https:\/\/www.enerjigazetesi.ist\/en\/wp-json\/wp\/v2\/posts\/53504"}],"collection":[{"href":"https:\/\/www.enerjigazetesi.ist\/en\/wp-json\/wp\/v2\/posts"}],"about":[{"href":"https:\/\/www.enerjigazetesi.ist\/en\/wp-json\/wp\/v2\/types\/post"}],"author":[{"embeddable":true,"href":"https:\/\/www.enerjigazetesi.ist\/en\/wp-json\/wp\/v2\/users\/1"}],"replies":[{"embeddable":true,"href":"https:\/\/www.enerjigazetesi.ist\/en\/wp-json\/wp\/v2\/comments?post=53504"}],"version-history":[{"count":1,"href":"https:\/\/www.enerjigazetesi.ist\/en\/wp-json\/wp\/v2\/posts\/53504\/revisions"}],"predecessor-version":[{"id":53505,"href":"https:\/\/www.enerjigazetesi.ist\/en\/wp-json\/wp\/v2\/posts\/53504\/revisions\/53505"}],"wp:featuredmedia":[{"embeddable":true,"href":"https:\/\/www.enerjigazetesi.ist\/en\/wp-json\/wp\/v2\/media\/7160"}],"wp:attachment":[{"href":"https:\/\/www.enerjigazetesi.ist\/en\/wp-json\/wp\/v2\/media?parent=53504"}],"wp:term":[{"taxonomy":"category","embeddable":true,"href":"https:\/\/www.enerjigazetesi.ist\/en\/wp-json\/wp\/v2\/categories?post=53504"},{"taxonomy":"post_tag","embeddable":true,"href":"https:\/\/www.enerjigazetesi.ist\/en\/wp-json\/wp\/v2\/tags?post=53504"}],"curies":[{"name":"wp","href":"https:\/\/api.w.org\/{rel}","templated":true}]}}