{"id":53473,"date":"2016-05-29T10:12:03","date_gmt":"2016-05-29T07:12:03","guid":{"rendered":"https:\/\/www.enerjigazetesi.ist\/?p=53473"},"modified":"2016-05-29T10:12:03","modified_gmt":"2016-05-29T07:12:03","slug":"elektrikte-yeni-aci-ilac-komur-mu","status":"publish","type":"post","link":"https:\/\/www.enerjigazetesi.ist\/en\/elektrikte-yeni-aci-ilac-komur-mu\/","title":{"rendered":"(Turkish) Elektrikte Yeni Ac\u0131 \u0130la\u00e7 K\u00f6m\u00fcr m\u00fc?"},"content":{"rendered":"<p class=\"qtranxs-available-languages-message qtranxs-available-languages-message-en\">Sorry, this entry is only available in <a href=\"https:\/\/www.enerjigazetesi.ist\/tr\/wp-json\/wp\/v2\/posts\/53473\" class=\"qtranxs-available-language-link qtranxs-available-language-link-tr\" title=\"Turkish\">Turkish<\/a>. For the sake of viewer convenience, the content is shown below in the alternative language. You may click the link to switch the active language.<\/p><p><strong>Yeni h\u00fck\u00fcmet belli oldu. Enerji ve Tabii Kaynaklar Bakan\u0131 Berat Albayrak yeni h\u00fck\u00fcmette de ayn\u0131 g\u00f6revi \u00fcstlendi.<\/strong><\/p>\n<p>K\u00f6m\u00fcre gelince&#8230;<\/p>\n<p>\u0130\u015fte son zamanlar\u0131n en \u00f6<img loading=\"lazy\" class=\"alignleft size-full wp-image-53474\" src=\"https:\/\/www.enerjigazetesi.ist\/wp-content\/uploads\/2016\/05\/elektrikte-yeni-aci-ilac-komur-mu.jpg\" alt=\"elektrikte-yeni-aci-ilac-komur-mu\" width=\"300\" height=\"200\" srcset=\"https:\/\/www.enerjigazetesi.ist\/wp-content\/uploads\/2016\/05\/elektrikte-yeni-aci-ilac-komur-mu.jpg 300w, https:\/\/www.enerjigazetesi.ist\/wp-content\/uploads\/2016\/05\/elektrikte-yeni-aci-ilac-komur-mu-75x50.jpg 75w\" sizes=\"(max-width: 300px) 100vw, 300px\" \/>nemli tart\u0131\u015fma konular\u0131ndan biri bu.<\/p>\n<p>Bir yandan Paris \u0130klim Anla\u015fmas\u0131&#8217;na imza koyan T\u00fcrkiye&#8217;nin karbon sal\u0131m\u0131n\u0131 azalt\u0131m taahh\u00fcd\u00fc, bir yanda b\u00fcy\u00fcyen ekonomiye yerli can suyu sa\u011flayabilmek&#8230;<\/p>\n<p>Ancak enerji y\u00f6netimi, yerli k\u00f6m\u00fcr\u00fc \u00e7evreye en az zarar\u0131 verecek \u015fekilde, \u00fclke ekonomisinin kullan\u0131m\u0131na sunmakta kararl\u0131. K\u00f6m\u00fcre dayal\u0131 elektrik yat\u0131r\u0131mlar\u0131n\u0131 ele\u015ftirenlere kar\u015f\u0131 kullan\u0131lan en temel arg\u00fcmanlardan biri ise bu yat\u0131r\u0131mlarda temiz yakma teknolojilerinin kullan\u0131laca\u011f\u0131. Bu sayede karbon sal\u0131m\u0131n\u0131 azaltma konusunda verilen taahh\u00fctlerin d\u0131\u015f\u0131na da \u00e7\u0131k\u0131lmayaca\u011f\u0131 savunuluyor.<\/p>\n<p>K\u00f6m\u00fcr\u00fcn her t\u00fcrl\u00fcs\u00fcne kar\u015f\u0131 kesimlerin ikna edilip edilmemesi bir yana, elektrik fiyatlar\u0131n\u0131n serbest\u00e7e olu\u015fmas\u0131na uzun bir s\u00fcre daha (\u015fu anda da Yap \u0130\u015flet, Yap \u0130\u015flet Devret gibi sat\u0131n al\u0131m garantili santraller de ayn\u0131 olumsuz etkiyi yap\u0131yor) ket vurulmas\u0131na yol a\u00e7mayacak bir mekanizma bulunmas\u0131 gerekti\u011fi ortada&#8230;<\/p>\n<p>Tabii d\u0131\u015fa ba\u011f\u0131ml\u0131l\u0131ktan kurtulmak daha \u00f6ncelikli ise &#8220;serbestlik de bir yere kadar&#8221; demek m\u00fcmk\u00fcn. Yani yerli k\u00f6m\u00fcr\u00fc bir ac\u0131 ila\u00e7 olarak kabul edip, i\u00e7mek&#8230;<\/p>\n<p>Yazan: Mehmet KARA<\/p>\n<p>Haberin <a href=\"http:\/\/www.enerjigunlugu.net\/icerik\/18573\/elektrikte-yeni-aci-ilac-komur-mu.html\" target=\"_blank\" rel=\"nofollow\">Devam\u0131 \u0130\u00e7in TIKLAYINIZ&gt;&gt;&gt;<\/a><\/p>\n<p>Kaynak: Enerji G\u00fcnl\u00fc\u011f\u00fc<\/p>","protected":false},"excerpt":{"rendered":"<p>Sorry, this entry is only available in Turkish. For the sake of viewer convenience, the content is shown below in the alternative language. You may click the link to switch the active language.Yeni h\u00fck\u00fcmet belli oldu. Enerji ve Tabii Kaynaklar Bakan\u0131 Berat Albayrak yeni h\u00fck\u00fcmette de ayn\u0131 g\u00f6revi \u00fcstlendi. K\u00f6m\u00fcre gelince&#8230; \u0130\u015fte son zamanlar\u0131n en [&hellip;]<\/p>\n","protected":false},"author":1,"featured_media":53474,"comment_status":"open","ping_status":"open","sticky":false,"template":"","format":"standard","meta":[],"categories":[53,24649],"tags":[67,1009,2698,165,1675,29925],"views":1047,"_links":{"self":[{"href":"https:\/\/www.enerjigazetesi.ist\/en\/wp-json\/wp\/v2\/posts\/53473"}],"collection":[{"href":"https:\/\/www.enerjigazetesi.ist\/en\/wp-json\/wp\/v2\/posts"}],"about":[{"href":"https:\/\/www.enerjigazetesi.ist\/en\/wp-json\/wp\/v2\/types\/post"}],"author":[{"embeddable":true,"href":"https:\/\/www.enerjigazetesi.ist\/en\/wp-json\/wp\/v2\/users\/1"}],"replies":[{"embeddable":true,"href":"https:\/\/www.enerjigazetesi.ist\/en\/wp-json\/wp\/v2\/comments?post=53473"}],"version-history":[{"count":1,"href":"https:\/\/www.enerjigazetesi.ist\/en\/wp-json\/wp\/v2\/posts\/53473\/revisions"}],"predecessor-version":[{"id":53475,"href":"https:\/\/www.enerjigazetesi.ist\/en\/wp-json\/wp\/v2\/posts\/53473\/revisions\/53475"}],"wp:featuredmedia":[{"embeddable":true,"href":"https:\/\/www.enerjigazetesi.ist\/en\/wp-json\/wp\/v2\/media\/53474"}],"wp:attachment":[{"href":"https:\/\/www.enerjigazetesi.ist\/en\/wp-json\/wp\/v2\/media?parent=53473"}],"wp:term":[{"taxonomy":"category","embeddable":true,"href":"https:\/\/www.enerjigazetesi.ist\/en\/wp-json\/wp\/v2\/categories?post=53473"},{"taxonomy":"post_tag","embeddable":true,"href":"https:\/\/www.enerjigazetesi.ist\/en\/wp-json\/wp\/v2\/tags?post=53473"}],"curies":[{"name":"wp","href":"https:\/\/api.w.org\/{rel}","templated":true}]}}