{"id":53467,"date":"2016-05-29T09:56:00","date_gmt":"2016-05-29T06:56:00","guid":{"rendered":"https:\/\/www.enerjigazetesi.ist\/?p=53467"},"modified":"2016-05-29T09:56:00","modified_gmt":"2016-05-29T06:56:00","slug":"formula-e-istanbula-dogru","status":"publish","type":"post","link":"https:\/\/www.enerjigazetesi.ist\/en\/formula-e-istanbula-dogru\/","title":{"rendered":"(Turkish) Formula E \u0130stanbul\u2019a Do\u011fru!"},"content":{"rendered":"<p class=\"qtranxs-available-languages-message qtranxs-available-languages-message-en\">Sorry, this entry is only available in <a href=\"https:\/\/www.enerjigazetesi.ist\/tr\/wp-json\/wp\/v2\/posts\/53467\" class=\"qtranxs-available-language-link qtranxs-available-language-link-tr\" title=\"Turkish\">Turkish<\/a>. For the sake of viewer convenience, the content is shown below in the alternative language. You may click the link to switch the active language.<\/p><p><\/p>\n<p style=\"color: #666666;\"><span style=\"font-weight: bold; color: #222222;\">Uluslararas\u0131 Otomobil Federasyonu CEO\u2019su Agag, \u0130stanbul\u2019un Formula E\u2019ye al\u0131nmas\u0131 i\u00e7in g\u00f6r\u00fc\u015ft\u00fcklerini s\u00f6yledi.<\/span><\/p>\n<p style=\"color: #666666;\">tr.wikipedia.org\u2019dan al\u0131nan\u00a0bilgilere g\u00f6re, Formula E serisi, F\u00e9d\u00e9ration Internationale de l\u2019Automobile (FIA) taraf\u0131ndan organize edilen elektrikli oto<img loading=\"lazy\" class=\"alignleft  wp-image-53468\" src=\"https:\/\/www.enerjigazetesi.ist\/wp-content\/uploads\/2016\/05\/formula-e-istanbula-dogru-300x110.jpg\" alt=\"formula-e-istanbula-dogru\" width=\"300\" height=\"165\" \/>mobil yar\u0131\u015f\u0131. \u0130lk kez 12-14 Eyl\u00fcl 2014 tariherinde \u00c7in\u2019in Pekin kentinde cadde yar\u0131\u015f\u0131 olarak d\u00fczenlendi.<\/p>\n<p style=\"color: #666666;\">\nYal\u00e7\u0131n Arslan\u2019\u0131n Formula E: Teknik Detaylar yaz\u0131s\u0131ndan belirtti\u011fi gibi \u00e7ok say\u0131da teknolojik yenilik ve (mikro seviyede de olsa) bulu\u015f i\u00e7eren bu Formula E ara\u00e7lar\u0131n\u0131n en \u00f6nemli \u00f6zelli\u011fi deneysel olmalar\u0131. Bu sporda herkes yeni, herkes \u00f6\u011freniyor.<\/p>\n<p style=\"color: #666666;\">Dolay\u0131s\u0131yla, Formula E d\u00fcnyada elektrikli ara\u00e7lar\u0131n kapasitesinin \u00f6l\u00e7\u00fclmesi a\u00e7\u0131s\u0131ndan da \u00f6nemli bir i\u015fleve sahip. Son derece yeni bir organizasyon olan Formula E\u2019nin s\u00fcrd\u00fcr\u00fclmesi, \u00f6n\u00fcm\u00fczdeki d\u00f6nem i\u00e7in elektrikli ara\u00e7lar a\u00e7\u0131s\u0131ndan \u00f6nemli ipu\u00e7lar\u0131 sunabilir.<\/p>\n<p style=\"color: #666666;\">\u0130stanbul\u2019un Formula E\u2019nin kapsam\u0131na al\u0131nma olas\u0131l\u0131\u011f\u0131 ortaya \u00e7\u0131kt\u0131. Bu geli\u015fme elektrikli ara\u00e7 tutkunlar\u0131n\u0131 olduk\u00e7a sevindirdi. \u00d6n\u00fcm\u00fczdeki g\u00fcnlerde, Formula E\u2019nin \u0130stanbul\u2019da ger\u00e7ekle\u015ftirilip ger\u00e7ekle\u015ftirilmeyece\u011fi netlik kazanabilir.<\/p>\n<p style=\"color: #666666;\">Bu do\u011frultuda, Uluslararas\u0131 Otomobil Federasyonu CEO\u2019su Agag, \u0130stanbul\u2019un Formula E\u2019ye al\u0131nmas\u0131 i\u00e7in g\u00f6r\u00fc\u015ft\u00fcklerini s\u00f6yledi. Visa Europe\u2019un sponsor oldu\u011fu Formula E\u2019nin Berlin\u2019de d\u00fczenlenen aya\u011f\u0131nda T\u00fcrk gazetecilere a\u00e7\u0131klamada bulunan FIA (FIA (Federation Internationale de Automobile \u2013 Uluslararas\u0131 Otomobil Federasyonu) CEO\u2019su Alejandro Agag, \u201c\u0130stanbul\u2019un Formula E kapsam\u0131na al\u0131nmas\u0131 i\u00e7in \u00f6zel g\u00f6r\u00fc\u015fmelerde bulunduk. \u00d6n\u00fcm\u00fczdeki haftalarda bu g\u00f6r\u00fc\u015fmelerin devam\u0131 i\u00e7in \u0130stanbul\u2019a geliyorum\u201d dedi.<\/p>\n<p style=\"color: #666666;\">\u0130stanbul\u2019un kesin olarak Formula E\u2019ye al\u0131n\u0131p al\u0131nmayaca\u011f\u0131na ili\u015fkin soruyu Agag, \u2018E\u011fer m\u00fcmk\u00fcnse zor de\u011fildir\u2019 \u015feklinde yan\u0131tlayarak \u0130stanbul\u2019un di\u011fer \u00f6nemli d\u00fcnya kentleri kriterlerine uydu\u011funu s\u00f6yledi.<\/p>\n<p style=\"color: #666666;\">Kaynak: Alternatif Enerji<\/p>\n<p><\/p>","protected":false},"excerpt":{"rendered":"<p>Sorry, this entry is only available in Turkish. For the sake of viewer convenience, the content is shown below in the alternative language. You may click the link to switch the active language. Uluslararas\u0131 Otomobil Federasyonu CEO\u2019su Agag, \u0130stanbul\u2019un Formula E\u2019ye al\u0131nmas\u0131 i\u00e7in g\u00f6r\u00fc\u015ft\u00fcklerini s\u00f6yledi. tr.wikipedia.org\u2019dan al\u0131nan\u00a0bilgilere g\u00f6re, Formula E serisi, F\u00e9d\u00e9ration Internationale de l\u2019Automobile [&hellip;]<\/p>\n","protected":false},"author":1,"featured_media":53468,"comment_status":"open","ping_status":"open","sticky":false,"template":"","format":"standard","meta":[],"categories":[51,53],"tags":[215,29923,67,1009,2698,165,24336],"views":1098,"_links":{"self":[{"href":"https:\/\/www.enerjigazetesi.ist\/en\/wp-json\/wp\/v2\/posts\/53467"}],"collection":[{"href":"https:\/\/www.enerjigazetesi.ist\/en\/wp-json\/wp\/v2\/posts"}],"about":[{"href":"https:\/\/www.enerjigazetesi.ist\/en\/wp-json\/wp\/v2\/types\/post"}],"author":[{"embeddable":true,"href":"https:\/\/www.enerjigazetesi.ist\/en\/wp-json\/wp\/v2\/users\/1"}],"replies":[{"embeddable":true,"href":"https:\/\/www.enerjigazetesi.ist\/en\/wp-json\/wp\/v2\/comments?post=53467"}],"version-history":[{"count":1,"href":"https:\/\/www.enerjigazetesi.ist\/en\/wp-json\/wp\/v2\/posts\/53467\/revisions"}],"predecessor-version":[{"id":53469,"href":"https:\/\/www.enerjigazetesi.ist\/en\/wp-json\/wp\/v2\/posts\/53467\/revisions\/53469"}],"wp:featuredmedia":[{"embeddable":true,"href":"https:\/\/www.enerjigazetesi.ist\/en\/wp-json\/wp\/v2\/media\/53468"}],"wp:attachment":[{"href":"https:\/\/www.enerjigazetesi.ist\/en\/wp-json\/wp\/v2\/media?parent=53467"}],"wp:term":[{"taxonomy":"category","embeddable":true,"href":"https:\/\/www.enerjigazetesi.ist\/en\/wp-json\/wp\/v2\/categories?post=53467"},{"taxonomy":"post_tag","embeddable":true,"href":"https:\/\/www.enerjigazetesi.ist\/en\/wp-json\/wp\/v2\/tags?post=53467"}],"curies":[{"name":"wp","href":"https:\/\/api.w.org\/{rel}","templated":true}]}}