{"id":53463,"date":"2016-05-29T09:49:39","date_gmt":"2016-05-29T06:49:39","guid":{"rendered":"https:\/\/www.enerjigazetesi.ist\/?p=53463"},"modified":"2016-05-29T09:50:35","modified_gmt":"2016-05-29T06:50:35","slug":"enerji-uretiminde-yenilenebilir-enerji-en-ucuz-unsur","status":"publish","type":"post","link":"https:\/\/www.enerjigazetesi.ist\/en\/enerji-uretiminde-yenilenebilir-enerji-en-ucuz-unsur\/","title":{"rendered":"(Turkish) \u201cEnerji \u00dcretiminde Yenilenebilir Enerji En Ucuz Unsur&#8230;\u201d"},"content":{"rendered":"<p class=\"qtranxs-available-languages-message qtranxs-available-languages-message-en\">Sorry, this entry is only available in <a href=\"https:\/\/www.enerjigazetesi.ist\/tr\/wp-json\/wp\/v2\/posts\/53463\" class=\"qtranxs-available-language-link qtranxs-available-language-link-tr\" title=\"Turkish\">Turkish<\/a>. For the sake of viewer convenience, the content is shown below in the alternative language. You may click the link to switch the active language.<\/p><p><\/p>\n<p style=\"color: #666666;\"><span style=\"font-weight: bold; color: #222222;\">Energy Watch Group Ba\u015fkan\u0131 Hans-Josef Fell:\u201cEnerji \u00fcretiminde yenilenebilir enerji\u00a0en ucuz unsur. Biz kulland\u0131k\u00e7a, yenilenebilir enerji daha ucuzlayacak. Konvansiyonel yat\u0131r\u0131mlar pahal\u0131la\u015facak. Yenilenebilir enerji yat\u0131r\u0131mlar\u0131 art\u0131yor. B\u00fcy\u00fck fonlar fosil ve n\u00fckleer enerjiden \u00e7\u0131k\u0131\u015f yap\u0131yor.\u201d<\/span><\/p>\n<p style=\"color: #666666;\">6. Uluslararas\u0131 %100 Yenilenebilir Enerji Konferans\u0131 T\u00fcrkan Saylan K\u00fclt\u00fcr Merkezi\u2019nde d\u00fczenlendi. Kon<img loading=\"lazy\" class=\"alignright  wp-image-53464\" src=\"https:\/\/www.enerjigazetesi.ist\/wp-content\/uploads\/2016\/05\/enerji-uretiminde-yenilenebilir-enerji-en-ucuz-unsur-300x110.jpg\" alt=\"enerji-uretiminde-yenilenebilir-enerji-en-ucuz-unsur\" width=\"300\" height=\"182\" \/>ferans\u0131n ikinci g\u00fcn\u00fcnde konu\u015fma yapan Energy Watch Group Ba\u015fkan\u0131 Hans-Josef Fell, konvansiyonel enerjiyle ilgili b\u00fct\u00fcn yat\u0131r\u0131mlar\u0131n durdurularak,<br \/>\n<span style=\"font-weight: bold; color: #222222;\">yenilenebilir enerjiye<\/span>\u00a0yat\u0131r\u0131m yap\u0131lmas\u0131 gerekti\u011fine i\u015faret etti.\u00a0<span style=\"font-weight: bold; color: #222222;\">Fell, \u201cEnerji \u00fcretiminde yenilenebilir enerji<\/span>\u00a0en ucuz unsur. Biz kulland\u0131k\u00e7a,\u00a0<span style=\"font-weight: bold; color: #222222;\">yenilenebilir enerji\u00a0<\/span>daha ucuzlayacak. Konvansiyonel yat\u0131r\u0131mlar pahal\u0131la\u015facak.\u00a0<span style=\"font-weight: bold; color: #222222;\">Yenilenebilir enerji<\/span>\u00a0yat\u0131r\u0131mlar\u0131 art\u0131yor. B\u00fcy\u00fck fonlar fosil ve n\u00fckleer enerjiden \u00e7\u0131k\u0131\u015f yap\u0131yor. Yaln\u0131zca Avrupa konvansiyonel \u00fcretime a\u011f\u0131rl\u0131k veriyor. B\u00f6ylece ekonomide g\u00fc\u00e7l\u00fc olamayacak. Yeni oyuncular piyasaya girecek. Google ve Apple gibi kurulu\u015flar bize yeni bilgi teknolojileri ve yeni internetin ne oldu\u011fu konusunda y\u00f6n g\u00f6steriyor. Enerji t\u00fcketen \u00fclkeler\u00a0<span style=\"font-weight: bold; color: #222222;\">yenilenebilir enerjinin<\/span>\u00a0maliyetinin d\u00fc\u015fmesi nedeniyle\u00a0<span style=\"font-weight: bold; color: #222222;\">yenilenebilir enerjiyi<\/span>\u00a0tercih edecek\u201d \u015feklinde konu\u015ftu.<\/p>\n<p style=\"color: #666666;\">Fell y\u00fczde 100\u00a0<span style=\"font-weight: bold; color: #222222;\">yenilenebilir enerjinin<\/span>\u00a0m\u00fcmk\u00fcn oldu\u011funu belirterek, sivil toplum kurulu\u015flar\u0131n\u0131n ve kurumlar\u0131n politikac\u0131lar\u0131\u00a0<span style=\"font-weight: bold; color: #222222;\">y\u00fczde 100 yenilenebilir enerjiye<\/span>\u00a0ge\u00e7mek i\u00e7in desteklediklerini ifade etti. Danimarka, \u0130sve\u00e7, Kosta Rika gibi \u00fclkelerin y\u00fczde 100\u00a0<span style=\"font-weight: bold; color: #222222;\">yenilenebilir enerjiye<\/span>ge\u00e7i\u015f karar\u0131 verdiklerini aktaran Fell, Almanya\u2019n\u0131n da bu stratejiyi benimsedi\u011fini vurgulayarak, \u201c2006 y\u0131l\u0131nda Almanya\u2019da\u00a0<span style=\"font-weight: bold; color: #222222;\">yenilenebilir enerjiye<\/span>\u00a0ge\u00e7me karar\u0131 ald\u0131k.\u00a0<span style=\"font-weight: bold; color: #222222;\">Yenilenebilir enerjinin<\/span>\u00a0pay\u0131n\u0131 y\u00fczde 17\u2019ye \u00e7\u0131kard\u0131k. Ge\u00e7i\u015f gayet h\u0131zl\u0131 oldu. Hi\u00e7 kimse bu kadar h\u0131zl\u0131 olaca\u011f\u0131n\u0131 d\u00fc\u015f\u00fcnmemi\u015fti. Almanya\u2019da 2030 y\u0131l\u0131nda y\u00fczde 100\u00a0<span style=\"font-weight: bold; color: #222222;\">yenilenebilir enerjiye<\/span>\u00a0ge\u00e7meye \u00e7al\u0131\u015f\u0131yoruz. Almanya\u2019da vatanda\u015flar\u0131n y\u00fczde 80\u2019i y\u00fczde 100\u00a0<span style=\"font-weight: bold; color: #222222;\">yenilenebilir enerjiye<\/span>\u00a0ge\u00e7i\u015fi destekliyor. D\u00fcnyada da bu m\u00fcmk\u00fcn\u201d dedi.<br \/>\n<span style=\"font-weight: bold; color: #222222;\"><br \/>\n\u201cYat\u0131r\u0131mlar\u0131n bir \u00e7o\u011fu yenilenebilir enerjiye y\u00f6nelik ger\u00e7ekle\u015fti\u201d<\/span><\/p>\n<p style=\"color: #666666;\">Avrupa\u2019da Yenilenebilir Enerjinin Geli\u015fimi B\u00f6l\u00fcm\u00fc Eski Ba\u015fkan\u0131 Dr. Wolfgang Palz\u2019da konferansta yapt\u0131\u011f\u0131 konu\u015fmada,\u00a0<span style=\"font-weight: bold; color: #222222;\">fotovoltai\u011fin<\/span>\u00a0yeni<span style=\"font-weight: bold; color: #222222;\">enerji<\/span>\u00a0alan\u0131nda \u00f6n plana \u00e7\u0131kt\u0131\u011f\u0131n\u0131 s\u00f6yleyerek, ge\u00e7ti\u011fimiz y\u0131l yap\u0131lan yat\u0131r\u0131mlar\u0131n bir \u00e7o\u011funun\u00a0<span style=\"font-weight: bold; color: #222222;\">yenilenebilir enerji kaynaklar\u0131na<\/span>\u00a0y\u00f6nelik oldu\u011funu ifade etti.\u00a0<span style=\"font-weight: bold; color: #222222;\">Fotovoltaik sekt\u00f6r\u00fcn\u00fcn\u00a0<\/span>230 GW\u2019a ula\u015ft\u0131\u011f\u0131n\u0131 ve 500 milyon euro yat\u0131r\u0131m yap\u0131ld\u0131\u011f\u0131n\u0131 belirten Palz,\u00a0<span style=\"font-weight: bold; color: #222222;\">r\u00fczgar enerjisinin\u00a0<\/span>de 430 GW\u2019l\u0131k d\u00fczeye y\u00fckseldi\u011fini kaydederek,<span style=\"font-weight: bold; color: #222222;\">\u00a0biyogaz\u0131n da<\/span>\u00a0\u00f6nemli bir\u00a0<span style=\"font-weight: bold; color: #222222;\">yenilenebilir enerji kayna\u011f\u0131<\/span>\u00a0oldu\u011funu dile getirdi. Palz, \u201c<span style=\"font-weight: bold; color: #222222;\">Yenilenebilir enerji<\/span>\u00a0yaln\u0131zca b\u00fcy\u00fck bir pazar de\u011fil ayn\u0131 zamanda\u00a0<span style=\"font-weight: bold; color: #222222;\">en ucuz enerji\u00a0<\/span>konumuna geldi. \u00dcretilen elektri\u011fin y\u00fczde 30\u2019u\u00a0<span style=\"font-weight: bold; color: #222222;\">yenilenebilir enerjiden<\/span>sa\u011flan\u0131yor. B\u00fct\u00fcn\u00a0<span style=\"font-weight: bold; color: #222222;\">enerji alan\u0131n\u0131 yenilenebilir enerjiden<\/span>\u00a0olu\u015fturmam\u0131z gerekiyor.\u00a0<span style=\"font-weight: bold; color: #222222;\">Elektri\u011fin\u00a0<\/span>tamam\u0131n\u0131\u00a0<span style=\"font-weight: bold; color: #222222;\">yenilenebilir enerji kaynaklar\u0131ndan<\/span>elde etti\u011fimizde bu toplam<span style=\"font-weight: bold; color: #222222;\">\u00a0enerji\u00a0<\/span>i\u00e7erisinde y\u00fczde 40\u2019l\u0131k bir pay anlam\u0131na geliyor. Is\u0131tma ve ula\u015ft\u0131rmada da\u00a0<span style=\"font-weight: bold; color: #222222;\">yenilenebilir enerjiye\u00a0<\/span>ge\u00e7ilmesi gerekiyor\u201d diye konu\u015ftu.<\/p>\n<p style=\"color: #666666;\">Palz T\u00fcrkiye\u2019nin 100 y\u0131l \u00f6nce\u00a0<span style=\"font-weight: bold; color: #222222;\">r\u00fczgar enerjisinden elektrik \u00fcretimi<\/span>\u00a0ger\u00e7ekle\u015ftirdi\u011fini hat\u0131rlatarak, T\u00fcrkiye\u2019nin\u00a0<span style=\"font-weight: bold; color: #222222;\">r\u00fczgar enerjisinde<\/span>\u00a0iyi bir durumda oldu\u011funu vurgulad\u0131. Palz\u00a0<span style=\"font-weight: bold; color: #222222;\">fotovoltaikte\u00a0<\/span>de d\u00fcnyayla aran\u0131n kapat\u0131lmas\u0131 gerekti\u011fini dile getirerek, \u201cT\u00fcrkiye\u2019de\u00a0<span style=\"font-weight: bold; color: #222222;\">fotovoltaik sekt\u00f6r\u00fc<\/span>uykudayd\u0131. \u015eimdi uykudan uyan\u0131yor, kendine geliyor.\u00a0<span style=\"font-weight: bold; color: #222222;\">Fotovoltaikte<\/span>\u00a010 GW\u2019a ula\u015f\u0131labilir. T\u00fcrkiye bu a\u00e7\u0131dan iyi bir ba\u015flang\u0131\u00e7 yapt\u0131. T\u00fcrkiye\u2019de di\u011fer \u00fclkelere \u00f6rnek te\u015fkil edecek \u00e7ok ilgin\u00e7 geli\u015fmeler oluyor.<\/p>\n<p style=\"color: #666666;\"><span style=\"font-weight: bold; color: #222222;\">\u201cKarbon vergisi uygulanmal\u0131\u201d<\/span><\/p>\n<p style=\"color: #666666;\">D\u00fcnya Biyoenerji Birli\u011fi (WBA) Ba\u015fkan\u0131 Heinz Kopetz\u2019de konferansta yapt\u0131\u011f\u0131 konu\u015fmada, d\u00fcnyan\u0131n \u0131s\u0131nmas\u0131n\u0131n \u00f6n\u00fcne ge\u00e7ebilmek i\u00e7in Fosil Yak\u0131t\u2019tan \u00c7\u0131kma Stratejisi geli\u015ftirilmesinin \u00f6neminden s\u00f6z etti. \u201cEninde sonunda fosil yak\u0131t kullan\u0131m\u0131n\u0131 kald\u0131rmal\u0131y\u0131z\u201d diyen Kopetz, \u201c\u00c7ok acil ve dramatik bir durum var. Acil bir de\u011fi\u015fiklik yapmak gerekiyor. Ye\u015fil hatt\u0131 talep edeceksek fosil yak\u0131tlar\u0131 b\u0131rakmal\u0131y\u0131z. Ger\u00e7ekten de\u011fi\u015ftirmemiz \u00e7ok \u00f6nemli. 30-35 y\u0131l i\u00e7inde fosil yak\u0131tlardan \u00e7\u0131kmal\u0131y\u0131z. \u0130lk \u00f6nemli kilometre ta\u015f\u0131 2035. O zamana kadar fosil yak\u0131t kullan\u0131m\u0131n\u0131 yar\u0131ya indirmeliyiz\u201d dedi.<\/p>\n<p style=\"color: #666666;\">D\u00fc\u015f\u00fck petrol fiyatlar\u0131n\u0131n \u00f6nemli bir tehdit olu\u015fturdu\u011funu aktaran Kopetz, bu durumun milyonlarca t\u00fcketicinin davran\u0131\u015f\u0131n\u0131 de\u011fi\u015ftirdi\u011fini belirtti. AB\u2019de son bir y\u0131lda ilk kez karbon emisyonlar\u0131n\u0131n artt\u0131\u011f\u0131na i\u015faret eden Kopetz, d\u00fc\u015f\u00fck petrol fiyatlar\u0131n\u0131n\u00a0<span style=\"font-weight: bold; color: #222222;\">karbon emisyonlar\u0131n\u0131\u00a0<\/span>artt\u0131rd\u0131\u011f\u0131na dikkat \u00e7ekti. Kopetz,\u00a0<span style=\"font-weight: bold; color: #222222;\">karbon vergilendirmesinin\u00a0<\/span>uygulanmamas\u0131 durumunda, Paris \u0130klim Anla\u015fmas\u0131\u2019na uyulmas\u0131n\u0131n m\u00fcmk\u00fcn olmayaca\u011f\u0131n\u0131 belirterek, fosil yak\u0131tlar i\u00e7in s\u00fcbvansiyonlar\u0131n azalt\u0131lmas\u0131 gerekti\u011fini s\u00f6yledi. Kopetz, \u201c<span style=\"font-weight: bold; color: #222222;\">Karbon vergisiyle<\/span>\u00a0fosil yak\u0131t fiyat\u0131 art\u0131yor.\u00a0<span style=\"font-weight: bold; color: #222222;\">Karbon vergisi<\/span>\u00a0olan \u00fclkelerde\u00a0<span style=\"font-weight: bold; color: #222222;\">yenilenebilir enerjiye<\/span>\u00a0ger\u00e7ek bir ge\u00e7i\u015f oluyor.\u00a0<span style=\"font-weight: bold; color: #222222;\">Karbon vergisi<\/span>\u00a0yeni istihdam alanlar\u0131 yaratacak.\u00a0<span style=\"font-weight: bold; color: #222222;\">Enerji verimlili\u011fi ve yenilenebilir enerji<\/span>\u00a0yat\u0131r\u0131mlar\u0131na yol a\u00e7acak. Portekiz, Danimarka gibi \u00fclkeler bize d\u00f6n\u00fc\u015f\u00fcm\u00fcn nas\u0131l olaca\u011f\u0131n\u0131 g\u00f6steriyor.<span style=\"font-weight: bold; color: #222222;\">Karbon vergisi<\/span>\u00a0b\u00fct\u00fcn geli\u015fmi\u015f \u00fclkelerde\u00a0<span style=\"font-weight: bold; color: #222222;\">enerji d\u00f6n\u00fc\u015f\u00fcm\u00fc ve karbon emisyonunu<\/span>\u00a0azaltmak i\u00e7in \u00e7ok gerekli\u201d \u015feklinde konu\u015ftu. Kopetz, her t\u00fcrl\u00fc\u00a0<span style=\"font-weight: bold; color: #222222;\">yenilenebilir enerjinin geli\u015fimi<\/span>\u00a0ve fosil yak\u0131tlardan \u00e7\u0131k\u0131lmas\u0131 i\u00e7in bir stratejiye ihtiya\u00e7 oldu\u011funu s\u00f6zlerine ekledi.<\/p>\n<p style=\"color: #666666;\">Kaynak:\u00a0Alternatif Enerji<\/p>\n<p><\/p>","protected":false},"excerpt":{"rendered":"<p>Sorry, this entry is only available in Turkish. For the sake of viewer convenience, the content is shown below in the alternative language. You may click the link to switch the active language. Energy Watch Group Ba\u015fkan\u0131 Hans-Josef Fell:\u201cEnerji \u00fcretiminde yenilenebilir enerji\u00a0en ucuz unsur. Biz kulland\u0131k\u00e7a, yenilenebilir enerji daha ucuzlayacak. Konvansiyonel yat\u0131r\u0131mlar pahal\u0131la\u015facak. Yenilenebilir enerji [&hellip;]<\/p>\n","protected":false},"author":1,"featured_media":53464,"comment_status":"open","ping_status":"open","sticky":false,"template":"","format":"standard","meta":[],"categories":[22893,53,49,48,50],"tags":[63,67,1009,2698,165,18,29922,105],"views":876,"_links":{"self":[{"href":"https:\/\/www.enerjigazetesi.ist\/en\/wp-json\/wp\/v2\/posts\/53463"}],"collection":[{"href":"https:\/\/www.enerjigazetesi.ist\/en\/wp-json\/wp\/v2\/posts"}],"about":[{"href":"https:\/\/www.enerjigazetesi.ist\/en\/wp-json\/wp\/v2\/types\/post"}],"author":[{"embeddable":true,"href":"https:\/\/www.enerjigazetesi.ist\/en\/wp-json\/wp\/v2\/users\/1"}],"replies":[{"embeddable":true,"href":"https:\/\/www.enerjigazetesi.ist\/en\/wp-json\/wp\/v2\/comments?post=53463"}],"version-history":[{"count":2,"href":"https:\/\/www.enerjigazetesi.ist\/en\/wp-json\/wp\/v2\/posts\/53463\/revisions"}],"predecessor-version":[{"id":53466,"href":"https:\/\/www.enerjigazetesi.ist\/en\/wp-json\/wp\/v2\/posts\/53463\/revisions\/53466"}],"wp:featuredmedia":[{"embeddable":true,"href":"https:\/\/www.enerjigazetesi.ist\/en\/wp-json\/wp\/v2\/media\/53464"}],"wp:attachment":[{"href":"https:\/\/www.enerjigazetesi.ist\/en\/wp-json\/wp\/v2\/media?parent=53463"}],"wp:term":[{"taxonomy":"category","embeddable":true,"href":"https:\/\/www.enerjigazetesi.ist\/en\/wp-json\/wp\/v2\/categories?post=53463"},{"taxonomy":"post_tag","embeddable":true,"href":"https:\/\/www.enerjigazetesi.ist\/en\/wp-json\/wp\/v2\/tags?post=53463"}],"curies":[{"name":"wp","href":"https:\/\/api.w.org\/{rel}","templated":true}]}}