{"id":53406,"date":"2016-05-27T11:38:56","date_gmt":"2016-05-27T08:38:56","guid":{"rendered":"https:\/\/www.enerjigazetesi.ist\/?p=53406"},"modified":"2016-05-27T11:38:56","modified_gmt":"2016-05-27T08:38:56","slug":"epdk-baskan-yardimciligi-ve-daire-baskanliklarina-onemli-atamalar","status":"publish","type":"post","link":"https:\/\/www.enerjigazetesi.ist\/en\/epdk-baskan-yardimciligi-ve-daire-baskanliklarina-onemli-atamalar\/","title":{"rendered":"(Turkish) EPDK Ba\u015fkan Yard\u0131mc\u0131l\u0131\u011f\u0131 ve Daire Ba\u015fkanl\u0131klar\u0131na \u00d6nemli Atamalar&#8230;"},"content":{"rendered":"<p class=\"qtranxs-available-languages-message qtranxs-available-languages-message-en\">Sorry, this entry is only available in <a href=\"https:\/\/www.enerjigazetesi.ist\/tr\/wp-json\/wp\/v2\/posts\/53406\" class=\"qtranxs-available-language-link qtranxs-available-language-link-tr\" title=\"Turkish\">Turkish<\/a>. For the sake of viewer convenience, the content is shown below in the alternative language. You may click the link to switch the active language.<\/p><p><\/p>\n<p class=\"selectionShareable\" style=\"color: #0a0a0a;\"><strong>Enerji Piyasas\u0131 D\u00fczenleme Kurumunda \u00f6nemli atamalar ger\u00e7ekle\u015ftirildi.\u00a025 May\u0131s tarihli\u00a0kurul toplant\u0131s\u0131na g\u00f6re 1\u00a0Ba\u015fkan Yard\u0131md\u0131c\u0131l\u0131\u011f\u0131 ve 4 Daire Ba\u015fkanl\u0131klar\u0131na atamalar yap\u0131ld\u0131.<\/strong><span id=\"more-81112\"><\/span><\/p>\n<p class=\"selectionShareable\">Kurumda yakla\u015f\u0131k iki y\u0131ld\u0131r Ba\u015fkan Dan\u0131\u015fman\u0131 olarak g\u00f6rev yapan\u00a0<strong>Hamdi Bildirici<\/strong>\u00a0EPDK\u2019n\u0131n y<a href=\"https:\/\/www.enerjigazetesi.ist\/wp-content\/uploads\/2016\/05\/epdk-baskan-yardimciligi-ve-daire-baskanliklarina-onemli-atamalar.png\"><img loading=\"lazy\" class=\"alignright  wp-image-53407\" src=\"https:\/\/www.enerjigazetesi.ist\/wp-content\/uploads\/2016\/05\/epdk-baskan-yardimciligi-ve-daire-baskanliklarina-onemli-atamalar-300x112.png\" alt=\"epdk-baskan-yardimciligi-ve-daire-baskanliklarina-onemli-atamalar\" width=\"327\" height=\"172\" \/><\/a>eni Ba\u015fkan Yard\u0131mc\u0131s\u0131 oldu. Kurumda di\u011fer Ba\u015fkan Yard\u0131mc\u0131l\u0131\u011f\u0131 g\u00f6revini ise Mehmet Ert\u00fcrk y\u00fcr\u00fct\u00fcyor.<\/p>\n<p class=\"selectionShareable\">Elektrik Piyasas\u0131 Daire Ba\u015fkanl\u0131\u011f\u0131nda emekli olaca\u011f\u0131 bilinen Ahmet Ocak yerine Tarifeler Dairesi Grup Ba\u015fkan\u0131\u00a0<strong>Haci Ali Uluta\u015f<\/strong>\u00a0atand\u0131.<\/p>\n<p class=\"selectionShareable\">Elektrik Dairesi\u00a0Grup Ba\u015fkan\u0131\u00a0<strong>Elif Ferdal Karaka\u015f<\/strong>, Kamula\u015ft\u0131rma Daire Ba\u015fkanl\u0131\u011f\u0131na atand\u0131.<\/p>\n<p class=\"selectionShareable\">Ba\u015fkan Dan\u0131\u015fman\u0131\u00a0<strong>Y\u0131lmaz Tamer<\/strong>, LPG\u00a0Daire Ba\u015fkanl\u0131\u011f\u0131na atand\u0131.<\/p>\n<p class=\"selectionShareable\">\u0130nsan Kaynaklar\u0131 Dairesi Grup Ba\u015fkan\u0131\u00a0<strong>Hasan Il\u0131ca<\/strong>, ayn\u0131 dairenin ba\u015fkanl\u0131\u011f\u0131na atand\u0131.<\/p>\n<p class=\"selectionShareable\" style=\"color: #0a0a0a;\">Konu ile ilgili bir a\u00e7\u0131klama yapan EPDK Ba\u015fkan\u0131 Mustafa Y\u0131lmaz: \u201cEPDK olarak bir yandan yeni vizyonumuza y\u00f6nelik \u00e7al\u0131\u015fmalar\u0131m\u0131z s\u00fcrerken bir yandan da kadro anlam\u0131nda tazelenmeye gittik. Ge\u00e7mi\u015fte ilgili g\u00f6revleri yapan arkada\u015flar\u0131m\u0131za g\u00f6sterdikleri \u00f6zverili \u00e7al\u0131\u015fmadan \u00f6t\u00fcr\u00fc te\u015fekk\u00fcr ederim. Kurumsal dinamizmin devam\u0131 i\u00e7in bu tip yenilik\u00e7i ad\u0131mlar\u0131 hayata ge\u00e7irmeye devam edece\u011fiz. Ben bunu bir bayrak yar\u0131\u015f\u0131 olarak g\u00f6r\u00fcyorum. Yeni atanan arkada\u015flar\u0131m\u0131z\u0131n da g\u00f6revlerini en iyi \u015fekilde yapaca\u011f\u0131na inanc\u0131m tam. Hem Kurumumuz hem de sekt\u00f6r\u00fcm\u00fcz i\u00e7in hay\u0131rl\u0131 olmas\u0131n\u0131 diliyorum\u201d dedi.<\/p>\n<p class=\"selectionShareable\" style=\"color: #0a0a0a;\">EPDK kaynaklar\u0131ndan elde edilen bilgiye g\u00f6re atamalar \u00f6n\u00fcm\u00fczdeki hafta devam\u00a0edecek.<\/p>\n<p class=\"selectionShareable\" style=\"color: #0a0a0a;\">Kaynak: EPDK<\/p>\n<p><\/p>","protected":false},"excerpt":{"rendered":"<p>Sorry, this entry is only available in Turkish. For the sake of viewer convenience, the content is shown below in the alternative language. You may click the link to switch the active language. Enerji Piyasas\u0131 D\u00fczenleme Kurumunda \u00f6nemli atamalar ger\u00e7ekle\u015ftirildi.\u00a025 May\u0131s tarihli\u00a0kurul toplant\u0131s\u0131na g\u00f6re 1\u00a0Ba\u015fkan Yard\u0131md\u0131c\u0131l\u0131\u011f\u0131 ve 4 Daire Ba\u015fkanl\u0131klar\u0131na atamalar yap\u0131ld\u0131. Kurumda yakla\u015f\u0131k iki [&hellip;]<\/p>\n","protected":false},"author":1,"featured_media":53407,"comment_status":"open","ping_status":"open","sticky":false,"template":"","format":"standard","meta":[],"categories":[53],"tags":[63,67,1009,2698,1046,165,750,29888,29889,29890,29891,29892,29893,29887],"views":2749,"_links":{"self":[{"href":"https:\/\/www.enerjigazetesi.ist\/en\/wp-json\/wp\/v2\/posts\/53406"}],"collection":[{"href":"https:\/\/www.enerjigazetesi.ist\/en\/wp-json\/wp\/v2\/posts"}],"about":[{"href":"https:\/\/www.enerjigazetesi.ist\/en\/wp-json\/wp\/v2\/types\/post"}],"author":[{"embeddable":true,"href":"https:\/\/www.enerjigazetesi.ist\/en\/wp-json\/wp\/v2\/users\/1"}],"replies":[{"embeddable":true,"href":"https:\/\/www.enerjigazetesi.ist\/en\/wp-json\/wp\/v2\/comments?post=53406"}],"version-history":[{"count":1,"href":"https:\/\/www.enerjigazetesi.ist\/en\/wp-json\/wp\/v2\/posts\/53406\/revisions"}],"predecessor-version":[{"id":53408,"href":"https:\/\/www.enerjigazetesi.ist\/en\/wp-json\/wp\/v2\/posts\/53406\/revisions\/53408"}],"wp:featuredmedia":[{"embeddable":true,"href":"https:\/\/www.enerjigazetesi.ist\/en\/wp-json\/wp\/v2\/media\/53407"}],"wp:attachment":[{"href":"https:\/\/www.enerjigazetesi.ist\/en\/wp-json\/wp\/v2\/media?parent=53406"}],"wp:term":[{"taxonomy":"category","embeddable":true,"href":"https:\/\/www.enerjigazetesi.ist\/en\/wp-json\/wp\/v2\/categories?post=53406"},{"taxonomy":"post_tag","embeddable":true,"href":"https:\/\/www.enerjigazetesi.ist\/en\/wp-json\/wp\/v2\/tags?post=53406"}],"curies":[{"name":"wp","href":"https:\/\/api.w.org\/{rel}","templated":true}]}}