{"id":53367,"date":"2016-05-26T10:15:32","date_gmt":"2016-05-26T07:15:32","guid":{"rendered":"https:\/\/www.enerjigazetesi.ist\/?p=53367"},"modified":"2016-05-26T10:15:32","modified_gmt":"2016-05-26T07:15:32","slug":"fransada-nukleer-enerji-sektoru-de-greve-gidiyor","status":"publish","type":"post","link":"https:\/\/www.enerjigazetesi.ist\/en\/fransada-nukleer-enerji-sektoru-de-greve-gidiyor\/","title":{"rendered":"(Turkish) Fransa\u2019da N\u00fckleer Enerji Sekt\u00f6r\u00fc de Greve Gidiyor&#8230;"},"content":{"rendered":"<p class=\"qtranxs-available-languages-message qtranxs-available-languages-message-en\">Sorry, this entry is only available in <a href=\"https:\/\/www.enerjigazetesi.ist\/tr\/wp-json\/wp\/v2\/posts\/53367\" class=\"qtranxs-available-language-link qtranxs-available-language-link-tr\" title=\"Turkish\">Turkish<\/a>. For the sake of viewer convenience, the content is shown below in the alternative language. You may click the link to switch the active language.<\/p><p><\/p>\n<p class=\"selectionShareable\" style=\"color: #0a0a0a;\"><strong>Fransa\u2019da, h\u00fck\u00fcmet ve \u00e7al\u0131\u015fanlar\u0131n, \u00c7al\u0131\u015fma Yasas\u0131 Reformu nedeniyle ba\u015flayan grevlerde kar\u015f\u0131l\u0131kl\u0131 restle\u015fmesi devam ediyor. Rafineri \u00e7al\u0131\u015fanlar\u0131n\u0131n \u00fclkede yaratt\u0131\u011f\u0131 benzin kuyruklar\u0131na, h\u00fckumetin \u201cyasay\u0131 geri \u00e7ekmeyece\u011fiz\u201d yan\u0131t\u0131n\u0131 vermesi \u00fczerine \u00e7al\u0131\u015fanlar da resti \u00e7ekti. N\u00fckleer santral \u00e7al\u0131\u015fanlar\u0131 ile demiryollar\u0131 i\u015f\u00e7ileri de grev karar\u0131 ald\u0131.<\/strong><span id=\"more-81092\"><\/span><\/p>\n<p class=\"selectionShareable\" style=\"color: #0a0a0a;\">Rafineri grevi nedeniyle Fransa\u2019n\u0131n bat\u0131 ve kuzeyinde ba\u015flayan benzin k\u0131tl\u0131\u011f\u0131 ba\u015fkent Paris\u2019e, ard\u0131ndan da<a href=\"https:\/\/www.enerjigazetesi.ist\/wp-content\/uploads\/2016\/05\/fransada-nukleer-enerji-sektoru-de-greve-gidiyor.jpg\"><img loading=\"lazy\" class=\"alignright size-medium wp-image-53368\" src=\"https:\/\/www.enerjigazetesi.ist\/wp-content\/uploads\/2016\/05\/fransada-nukleer-enerji-sektoru-de-greve-gidiyor-300x225.jpg\" alt=\"fransada-nukleer-enerji-sektoru-de-greve-gidiyor\" width=\"300\" height=\"225\" srcset=\"https:\/\/www.enerjigazetesi.ist\/wp-content\/uploads\/2016\/05\/fransada-nukleer-enerji-sektoru-de-greve-gidiyor-300x225.jpg 300w, https:\/\/www.enerjigazetesi.ist\/wp-content\/uploads\/2016\/05\/fransada-nukleer-enerji-sektoru-de-greve-gidiyor-1024x768.jpg 1024w, https:\/\/www.enerjigazetesi.ist\/wp-content\/uploads\/2016\/05\/fransada-nukleer-enerji-sektoru-de-greve-gidiyor-500x375.jpg 500w, https:\/\/www.enerjigazetesi.ist\/wp-content\/uploads\/2016\/05\/fransada-nukleer-enerji-sektoru-de-greve-gidiyor-66x50.jpg 66w, https:\/\/www.enerjigazetesi.ist\/wp-content\/uploads\/2016\/05\/fransada-nukleer-enerji-sektoru-de-greve-gidiyor.jpg 1068w\" sizes=\"(max-width: 300px) 100vw, 300px\" \/><\/a> b\u00fct\u00fcn Fransa\u2019ya yay\u0131ld\u0131. Fransa genelinde i\u015fine otomobille gitmek zorunda olan Frans\u0131zlar, a\u00e7\u0131k bulduklar\u0131 ender benzin istasyonunun \u00f6n\u00fcnde sabah\u0131n ilk \u0131\u015f\u0131klar\u0131ndan itibaren uzun kuyruklar olu\u015fturdu.<\/p>\n<p class=\"selectionShareable\" style=\"color: #0a0a0a;\">D\u00fcn gece polis kuzeyde bulunan Douchy-les-Mines kentindeki bir rafineriyi daha polis zoruyla a\u00e7t\u0131. H\u00fck\u00fcmet, rafinerilerdeki stoklar\u0131 polis zoru kullanarak da\u011f\u0131t\u0131yor, ancak sendikalar da hi\u00e7 bir rafineride \u00fcretim olmad\u0131\u011f\u0131n\u0131 ve stoklar\u0131n da t\u00fckenme noktas\u0131na geldi\u011fini duyuruyor.<\/p>\n<p class=\"selectionShareable\" style=\"color: #0a0a0a;\">CGT-Enerji sendikas\u0131 temsilcisi Marie-Claire Cailletaud, n\u00fckleer santral \u00e7al\u0131\u015fanlar\u0131n\u0131n da greve giderek yasa kar\u015f\u0131s\u0131ndaki direni\u015fe destek vereceklerini a\u00e7\u0131klad\u0131. CGT Genel Sekreteri Philippe Martinez de, \u201cH\u00fck\u00fcmet bizimle konu\u015fmay\u0131 reddetti\u011fi s\u00fcrece, grevimiz b\u00fcy\u00fcyerek devam edecek. Halk\u0131n y\u00fczde 70\u2019i de bu yasay\u0131 desteklemiyor,\u201d dedi.<\/p>\n<p class=\"selectionShareable\" style=\"color: #0a0a0a;\">Grev nedeniyle \u00fclkede benzin istasyonlar\u0131n\u0131n y\u00fczde 30\u2019u benzin yoklu\u011fu nedeniyle kapand\u0131. H\u00fck\u00fcmet halen g\u00fc\u00e7 kullanarak rafinerileri a\u00e7aca\u011f\u0131n\u0131 dile getiriyor ve \u00e7al\u0131\u015fma reformundan geri ad\u0131m atmayaca\u011f\u0131n\u0131 s\u00f6yl\u00fcyor. Rafinerilerde \u00f6nemli hissesi ve yat\u0131r\u0131mlar\u0131 olan Frans\u0131z petrol devi Total, i\u015fletmedeki pay\u0131n\u0131 g\u00f6zden ge\u00e7irece\u011fi tehdidini savuruyor. Frans\u0131zlar ise b\u00fct\u00fcn bu \u201ctehdit ve \u015fantajlar\u0131n\u201d u\u00e7u\u015ftu\u011fu bilek g\u00fcre\u015finde uzun kuyruklarda beklemeye devam ediyor.<\/p>\n<p class=\"selectionShareable\" style=\"color: #0a0a0a;\">G\u00fcn boyunca ya\u015fanan kuyruklarda sinirlerin gerilmesi ve baz\u0131lar\u0131n\u0131n kuyruk beklemeden \u00f6ne ge\u00e7meye \u00e7al\u0131\u015fmas\u0131 \u00fczerine \u00e7\u0131kan kavgalar nedeniyle, uzun kuyruklarda d\u00fczeni polis sa\u011flad\u0131.<\/p>\n<p class=\"selectionShareable\" style=\"color: #0a0a0a;\">Kaynak: Enerji Enstit\u00fcs\u00fc<\/p>\n<p><\/p>","protected":false},"excerpt":{"rendered":"<p>Sorry, this entry is only available in Turkish. For the sake of viewer convenience, the content is shown below in the alternative language. You may click the link to switch the active language. Fransa\u2019da, h\u00fck\u00fcmet ve \u00e7al\u0131\u015fanlar\u0131n, \u00c7al\u0131\u015fma Yasas\u0131 Reformu nedeniyle ba\u015flayan grevlerde kar\u015f\u0131l\u0131kl\u0131 restle\u015fmesi devam ediyor. Rafineri \u00e7al\u0131\u015fanlar\u0131n\u0131n \u00fclkede yaratt\u0131\u011f\u0131 benzin kuyruklar\u0131na, h\u00fckumetin \u201cyasay\u0131 [&hellip;]<\/p>\n","protected":false},"author":1,"featured_media":53368,"comment_status":"open","ping_status":"open","sticky":false,"template":"","format":"standard","meta":[],"categories":[53,43],"tags":[29866,29867,63,67,1009,2698,165,29868,1346,71,21,19356,29869,25480,23614,29870,2973],"views":1397,"_links":{"self":[{"href":"https:\/\/www.enerjigazetesi.ist\/en\/wp-json\/wp\/v2\/posts\/53367"}],"collection":[{"href":"https:\/\/www.enerjigazetesi.ist\/en\/wp-json\/wp\/v2\/posts"}],"about":[{"href":"https:\/\/www.enerjigazetesi.ist\/en\/wp-json\/wp\/v2\/types\/post"}],"author":[{"embeddable":true,"href":"https:\/\/www.enerjigazetesi.ist\/en\/wp-json\/wp\/v2\/users\/1"}],"replies":[{"embeddable":true,"href":"https:\/\/www.enerjigazetesi.ist\/en\/wp-json\/wp\/v2\/comments?post=53367"}],"version-history":[{"count":1,"href":"https:\/\/www.enerjigazetesi.ist\/en\/wp-json\/wp\/v2\/posts\/53367\/revisions"}],"predecessor-version":[{"id":53369,"href":"https:\/\/www.enerjigazetesi.ist\/en\/wp-json\/wp\/v2\/posts\/53367\/revisions\/53369"}],"wp:featuredmedia":[{"embeddable":true,"href":"https:\/\/www.enerjigazetesi.ist\/en\/wp-json\/wp\/v2\/media\/53368"}],"wp:attachment":[{"href":"https:\/\/www.enerjigazetesi.ist\/en\/wp-json\/wp\/v2\/media?parent=53367"}],"wp:term":[{"taxonomy":"category","embeddable":true,"href":"https:\/\/www.enerjigazetesi.ist\/en\/wp-json\/wp\/v2\/categories?post=53367"},{"taxonomy":"post_tag","embeddable":true,"href":"https:\/\/www.enerjigazetesi.ist\/en\/wp-json\/wp\/v2\/tags?post=53367"}],"curies":[{"name":"wp","href":"https:\/\/api.w.org\/{rel}","templated":true}]}}