{"id":53351,"date":"2016-05-26T00:17:20","date_gmt":"2016-05-25T21:17:20","guid":{"rendered":"https:\/\/www.enerjigazetesi.ist\/?p=53351"},"modified":"2016-05-26T00:17:20","modified_gmt":"2016-05-25T21:17:20","slug":"elektrik-borcu-olan-ciftci-2016da-destek-alamayacak","status":"publish","type":"post","link":"https:\/\/www.enerjigazetesi.ist\/en\/elektrik-borcu-olan-ciftci-2016da-destek-alamayacak\/","title":{"rendered":"(Turkish) Elektrik Borcu Olan \u00c7ift\u00e7i 2016\u2019da Destek Alamayacak!"},"content":{"rendered":"<p class=\"qtranxs-available-languages-message qtranxs-available-languages-message-en\">Sorry, this entry is only available in <a href=\"https:\/\/www.enerjigazetesi.ist\/tr\/wp-json\/wp\/v2\/posts\/53351\" class=\"qtranxs-available-language-link qtranxs-available-language-link-tr\" title=\"Turkish\">Turkish<\/a>. For the sake of viewer convenience, the content is shown below in the alternative language. You may click the link to switch the active language.<\/p><p><\/p>\n<p class=\"selectionShareable\" style=\"color: #0a0a0a;\"><strong>Bakanlar Kurulu Karar\u0131 ile y\u00fcr\u00fcrl\u00fc\u011fe konulan Tar\u0131msal Sulamaya \u0130li\u015fkin Elektrik Borcu Bulunan \u00c7ift\u00e7ilere Bu Bor\u00e7lar\u0131 \u00d6deninceye Kadar 2016 Y\u0131l\u0131nda Destekleme \u00d6demesi Yap\u0131lmamas\u0131na \u0130li\u015fkin Karar\u0131n uygulamas\u0131na dair usul ve esaslar belirlendi.<\/strong><span id=\"more-81078\"><\/span><\/p>\n<p class=\"selectionShareable\" style=\"color: #0a0a0a;\">G\u0131da Tar\u0131m ve Hayvanc\u0131l\u0131k Bakanl\u0131\u011f\u0131 taraf\u0131ndan, Tar\u0131msal Sulamaya \u0130li\u015fkin Elektrik Borcu Bulunan \u00c7ift\u00e7ilere Bu Bor\u00e7lar\u0131 \u00d6deninceye Kadar 2016 Y<a href=\"https:\/\/www.enerjigazetesi.ist\/wp-content\/uploads\/2016\/05\/elektrik-borcu-olan-ciftci-2016da-destek-alamayacak.jpg\"><img loading=\"lazy\" class=\"alignleft size-medium wp-image-53352\" src=\"https:\/\/www.enerjigazetesi.ist\/wp-content\/uploads\/2016\/05\/elektrik-borcu-olan-ciftci-2016da-destek-alamayacak-300x199.jpg\" alt=\"elektrik-borcu-olan-ciftci-2016da-destek-alamayacak\" width=\"300\" height=\"199\" srcset=\"https:\/\/www.enerjigazetesi.ist\/wp-content\/uploads\/2016\/05\/elektrik-borcu-olan-ciftci-2016da-destek-alamayacak-300x199.jpg 300w, https:\/\/www.enerjigazetesi.ist\/wp-content\/uploads\/2016\/05\/elektrik-borcu-olan-ciftci-2016da-destek-alamayacak-1024x681.jpg 1024w, https:\/\/www.enerjigazetesi.ist\/wp-content\/uploads\/2016\/05\/elektrik-borcu-olan-ciftci-2016da-destek-alamayacak-500x332.jpg 500w, https:\/\/www.enerjigazetesi.ist\/wp-content\/uploads\/2016\/05\/elektrik-borcu-olan-ciftci-2016da-destek-alamayacak-75x50.jpg 75w, https:\/\/www.enerjigazetesi.ist\/wp-content\/uploads\/2016\/05\/elektrik-borcu-olan-ciftci-2016da-destek-alamayacak.jpg 1068w\" sizes=\"(max-width: 300px) 100vw, 300px\" \/><\/a>\u0131l\u0131nda Destekleme \u00d6demesi Yap\u0131lmamas\u0131na \u0130li\u015fkin Karar\u0131n Uygulama Tebli\u011fi, 24 May\u0131s 2016 tarihinde Resmi Gazete\u2019de yay\u0131mland\u0131.<\/p>\n<p class=\"selectionShareable\" style=\"color: #0a0a0a;\">Tebli\u011fe g\u00f6re, elektrik da\u011f\u0131t\u0131m \u015firketi ve\/veya elektrik perakende sat\u0131\u015f \u015firketi, elektrik t\u00fcketimine ait kay\u0131tlar ile \u00c7ift\u00e7i Kay\u0131t Sistemi kay\u0131tlar\u0131n\u0131 e\u015fle\u015ftirerek alacakl\u0131 oldu\u011fu \u00e7ift\u00e7ilere ait T\u00fcrkiye Cumhuriyeti kimlik numaras\u0131 veya vergi kimlik numaras\u0131 ile beraber alacak tutar\u0131n\u0131 Ziraat Bankas\u0131\u2019na iletecek.<\/p>\n<p class=\"selectionShareable\" style=\"color: #0a0a0a;\">Banka, Tar\u0131m Reformu Genel M\u00fcd\u00fcrl\u00fc\u011f\u00fc taraf\u0131ndan kendilerine iletilen, \u00f6demeye esas icmallerdeki \u00e7ift\u00e7ilere veya t\u00fczel ki\u015filere ait T\u00fcrkiye Cumhuriyeti kimlik numaras\u0131 veya vergi kimlik numaras\u0131 ile \u015eirket taraf\u0131ndan iletilen elektrik borcu bulunan t\u00fcketiciye ait T\u00fcrkiye Cumhuriyeti kimlik numaras\u0131 veya vergi kimlik numaras\u0131 e\u015fle\u015fenlerin destekleme bedellerini ilgililerine \u00f6demeyecek.<\/p>\n<p class=\"selectionShareable\" style=\"color: #0a0a0a;\">\u015eirket bor\u00e7lular\u0131na \u00f6demenin yap\u0131labilmesi i\u00e7in \u00e7ift\u00e7inin veya t\u00fczel ki\u015finin destekleme hak edi\u015flerini almak \u00fczere Bankaya m\u00fcracaat tarihinden \u00f6nceki son bir ay i\u00e7inde \u015eirketten al\u0131nan belgenin Bankaya ibraz edilmesi gerekecek.<\/p>\n<p class=\"selectionShareable\" style=\"color: #0a0a0a;\">Elektrik borcuna ili\u015fkin itiraz elektrik \u015firketine yap\u0131lacak. Anla\u015fmazl\u0131k durumunda \u00f6zel hukuk h\u00fck\u00fcmleri uygulanacak.<\/p>\n<p class=\"selectionShareable\" style=\"color: #0a0a0a;\">Genel M\u00fcd\u00fcrl\u00fck, destekleme \u00f6demesinin yap\u0131laca\u011f\u0131n\u0131, planlama a\u015famas\u0131nda, \u015eirket\u00e7e bildirilen adrese elektronik olarak g\u00f6nderecek.<\/p>\n<p class=\"selectionShareable\" style=\"color: #0a0a0a;\">Elektrik \u015firketi, bor\u00e7lulara ait bilgileri ve bor\u00e7 miktarlar\u0131n\u0131 g\u00f6steren listeleri \u00f6deme yap\u0131lmadan en ge\u00e7 \u00fc\u00e7 i\u015f g\u00fcn\u00fc \u00f6nceden Bankaya iletecek.<\/p>\n<p class=\"selectionShareable\" style=\"color: #0a0a0a;\">\u00c7ift\u00e7inin Bankaya yaz\u0131l\u0131 m\u00fcracaat\u0131 halinde hak etti\u011fi destekleme tutar\u0131ndan, bankaya bildirilen bor\u00e7 miktar\u0131na kadar olan k\u0131s\u0131m \u015firketin hesab\u0131na aktar\u0131labilecek. Mahsup i\u015fleminden sonra, \u00e7ift\u00e7ilerin bakiye alaca\u011f\u0131 kald\u0131\u011f\u0131 takdirde, bu bakiye tutar \u00e7ift\u00e7ilere \u00f6denecek.<\/p>\n<p class=\"selectionShareable\" style=\"color: #0a0a0a;\">\u015eirketin talebi halinde Genel M\u00fcd\u00fcrl\u00fck, Protokol d\u00e2hilinde \u00c7KS\u2019den veri payla\u015f\u0131m\u0131 yapacak.<\/p>\n<p class=\"selectionShareable\" style=\"color: #0a0a0a;\">D\u00fczenlenen belgelerin i\u00e7eri\u011fi ile ilgili hukuki sorumluluk, belgeyi d\u00fczenleyen tarafa ait olacak.<\/p>\n<p class=\"selectionShareable\" style=\"color: #0a0a0a;\">27\/5\/2015 tarihli ve 29368 say\u0131l\u0131 Resm\u00ee Gazete\u2019de yay\u0131mlanan Tar\u0131msal Sulamaya \u0130li\u015fkin Elektrik Borcu Bulunan \u00c7ift\u00e7ilere Bu Bor\u00e7lar\u0131 \u00d6deninceye Kadar 2015 Y\u0131l\u0131nda Destekleme \u00d6demesi Yap\u0131lmamas\u0131na \u0130li\u015fkin Karar\u0131n Uygulama Tebli\u011fi\u2019ni (Tebli\u011f No: 2015\/23) y\u00fcr\u00fcrl\u00fckten kald\u0131ran yeni Tebli\u011f, yay\u0131m\u0131 tarihinde y\u00fcr\u00fcrl\u00fc\u011fe girdi.<\/p>\n<p class=\"selectionShareable\" style=\"color: #0a0a0a;\">Kaynak: B\u00fcltenler<\/p>\n<p><\/p>","protected":false},"excerpt":{"rendered":"<p>Sorry, this entry is only available in Turkish. For the sake of viewer convenience, the content is shown below in the alternative language. You may click the link to switch the active language. Bakanlar Kurulu Karar\u0131 ile y\u00fcr\u00fcrl\u00fc\u011fe konulan Tar\u0131msal Sulamaya \u0130li\u015fkin Elektrik Borcu Bulunan \u00c7ift\u00e7ilere Bu Bor\u00e7lar\u0131 \u00d6deninceye Kadar 2016 Y\u0131l\u0131nda Destekleme \u00d6demesi Yap\u0131lmamas\u0131na [&hellip;]<\/p>\n","protected":false},"author":1,"featured_media":53352,"comment_status":"open","ping_status":"open","sticky":false,"template":"","format":"standard","meta":[],"categories":[51,53],"tags":[13370,68,1098,29623,4257,61,19638,1451,2873,130,63,67,1009,2698,165,13289],"views":926,"_links":{"self":[{"href":"https:\/\/www.enerjigazetesi.ist\/en\/wp-json\/wp\/v2\/posts\/53351"}],"collection":[{"href":"https:\/\/www.enerjigazetesi.ist\/en\/wp-json\/wp\/v2\/posts"}],"about":[{"href":"https:\/\/www.enerjigazetesi.ist\/en\/wp-json\/wp\/v2\/types\/post"}],"author":[{"embeddable":true,"href":"https:\/\/www.enerjigazetesi.ist\/en\/wp-json\/wp\/v2\/users\/1"}],"replies":[{"embeddable":true,"href":"https:\/\/www.enerjigazetesi.ist\/en\/wp-json\/wp\/v2\/comments?post=53351"}],"version-history":[{"count":1,"href":"https:\/\/www.enerjigazetesi.ist\/en\/wp-json\/wp\/v2\/posts\/53351\/revisions"}],"predecessor-version":[{"id":53353,"href":"https:\/\/www.enerjigazetesi.ist\/en\/wp-json\/wp\/v2\/posts\/53351\/revisions\/53353"}],"wp:featuredmedia":[{"embeddable":true,"href":"https:\/\/www.enerjigazetesi.ist\/en\/wp-json\/wp\/v2\/media\/53352"}],"wp:attachment":[{"href":"https:\/\/www.enerjigazetesi.ist\/en\/wp-json\/wp\/v2\/media?parent=53351"}],"wp:term":[{"taxonomy":"category","embeddable":true,"href":"https:\/\/www.enerjigazetesi.ist\/en\/wp-json\/wp\/v2\/categories?post=53351"},{"taxonomy":"post_tag","embeddable":true,"href":"https:\/\/www.enerjigazetesi.ist\/en\/wp-json\/wp\/v2\/tags?post=53351"}],"curies":[{"name":"wp","href":"https:\/\/api.w.org\/{rel}","templated":true}]}}