{"id":53334,"date":"2016-05-25T12:09:06","date_gmt":"2016-05-25T09:09:06","guid":{"rendered":"https:\/\/www.enerjigazetesi.ist\/?p=53334"},"modified":"2016-05-25T12:09:06","modified_gmt":"2016-05-25T09:09:06","slug":"elektrik-sektorunde-rekabet-hukuku-calistayi-duzenlendi","status":"publish","type":"post","link":"https:\/\/www.enerjigazetesi.ist\/en\/elektrik-sektorunde-rekabet-hukuku-calistayi-duzenlendi\/","title":{"rendered":"(Turkish) Elektrik Sekt\u00f6r\u00fcnde Rekabet Hukuku \u00c7al\u0131\u015ftay\u0131 D\u00fczenlendi&#8230;"},"content":{"rendered":"<p class=\"qtranxs-available-languages-message qtranxs-available-languages-message-en\">Sorry, this entry is only available in <a href=\"https:\/\/www.enerjigazetesi.ist\/tr\/wp-json\/wp\/v2\/posts\/53334\" class=\"qtranxs-available-language-link qtranxs-available-language-link-tr\" title=\"Turkish\">Turkish<\/a>. For the sake of viewer convenience, the content is shown below in the alternative language. You may click the link to switch the active language.<\/p><p><\/p>\n<p class=\"selectionShareable\" style=\"color: #0a0a0a;\"><strong>Rekabet Kurumu, Enerji Piyasas\u0131 D\u00fczenleme Kurumu, Elektrik Da\u011f\u0131t\u0131m Hizmetleri Derne\u011fi, Elektrik \u00dcreticileri Derne\u011fi ve Enerji Ticareti Derne\u011fi i\u015fbirli\u011fi ile d\u00fczenlenen Elektrik Sekt\u00f6r\u00fcnde Rekabet Hukuku \u00c7al\u0131\u015ftay\u0131 24 May\u0131s 2016 tarihinde Bilkent Otel\u2019de ger\u00e7ekle\u015ftirildi.<\/strong><span id=\"more-81050\"><\/span><\/p>\n<p class=\"selectionShareable\" style=\"color: #0a0a0a;\">Rekabet Kurumu, Enerji Piyasas\u0131 D\u00fczenleme Kurumu, Elektrik Da\u011f\u0131t\u0131m Hizmetleri Derne\u011fi ve Enerji Ticareti Derne\u011fi ile Enerji ve Tabi Kaynaklar Bakanl\u0131\u011f\u0131, T\u00fcrkiye Elektrik Ticaret ve Taahh\u00fct A.\u015e., Enerji Piyasalar\u0131 \u0130\u015fletme A.\u015e. ve Elektrik \u00dcreticileri Derne\u011fi ad\u0131na kat\u0131l\u0131mc\u0131lar\u0131n bulundu\u011fu \u00e7al\u0131\u015ftayda, liberalle\u015fme s\u00fcrecinde bulunan elektrik sekt\u00f6r\u00fcnde ya\u015fanan ve ileride ya\u015fanabilecek rekabet sorunlar\u0131na ili\u015fkin g\u00f6r\u00fc\u015f ve de\u011ferlendirmeler payla\u015f\u0131ld\u0131.<\/p>\n<p class=\"selectionShareable\" style=\"color: #0a0a0a;\">Toplant\u0131n\u0131n a\u00e7\u0131\u015f konu\u015fmalar\u0131n\u0131 Enerji Piyasas\u0131 D\u00fczenleme Kurumu Ba\u015fkan\u0131 Mustafa YILMAZ ve Rekabet Kurumu Ba\u015fkan\u0131 Prof. Dr. \u00d6mer TORLAK yapt\u0131lar.<\/p>\n<p class=\"selectionShareable\" style=\"color: #0a0a0a;\">EPDK Ba\u015fkan\u0131 YILMAZ, g\u00f6rev alanlar\u0131 \u00e7o\u011fu zaman \u00f6rt\u00fc\u015fen ve kesi\u015fen Rekabet Kurumu ve Enerji Piyasas\u0131 D\u00fczenleme Kurumu aras\u0131ndaki ileti\u015fimin ve i\u015fbirli\u011finin geli\u015fmesine b\u00fcy\u00fck \u00f6nem verdi\u011fini ifade etti ve \u201cEPDK olarak g\u00fc\u00e7l\u00fc, \u015feffaf ve rekabet\u00e7i bir enerji piyasas\u0131n\u0131n olu\u015fmas\u0131 i\u00e7in denetleme ve d\u00fczenleme g\u00f6revlerini yerine getiriyor, yapt\u0131\u011f\u0131m\u0131z d\u00fczenlemelerde de rekabet unsurunu daima \u00f6n planda tutuyoruz.\u201d dedi.<\/p>\n<p class=\"selectionShareable\" style=\"color: #0a0a0a;\">Ba\u015fkan YILMAZ ayr\u0131ca, etkin bir piyasa mekanizmas\u0131 i\u015fletmeye y\u00f6nelik \u00e7al\u0131\u015fmalar\u0131n da devam etti\u011fini belirterek elde edilen olumlu sonu\u00e7lar\u0131n muhafaza edilmesi ve daha da iyile\u015ftirilmesi i\u00e7in hem EPDK\u2019ya hem de Rekabet Kurumu\u2019na \u00f6nemli g\u00f6revler d\u00fc\u015ft\u00fc\u011f\u00fcn\u00fcn alt\u0131n\u0131 \u00e7izdi.<\/p>\n<p class=\"selectionShareable\" style=\"color: #0a0a0a;\"><a style=\"color: #1e73be;\" href=\"http:\/\/statik2.enerjienstitusu.com\/wp-content\/uploads\/rekabet-hukuku-calistayi.jpg\" target=\"_blank\"><img loading=\"lazy\" class=\"aligncenter size-full wp-image-81052 td-animation-stack-type0-2\" src=\"http:\/\/statik2.enerjienstitusu.com\/wp-content\/uploads\/rekabet-hukuku-calistayi.jpg\" alt=\"rekabet hukuku calistayi\" width=\"500\" height=\"341\" \/><\/a>Rekabet Kurumu Ba\u015fkan\u0131 TORLAK ise, \u00fclkemizin enerji sekt\u00f6r\u00fc a\u00e7\u0131s\u0131ndan tercihini serbest piyasadan yana kulland\u0131\u011f\u0131n\u0131 ve bu sekt\u00f6rlerde (elektrik, do\u011falgaz ve akaryak\u0131t olmak \u00fczere) \u201crekabet\u00e7i bir piyasa yap\u0131s\u0131\u201d hedefi do\u011frultusunda serbestle\u015fme s\u00fcrecine ge\u00e7ildi\u011fini belirtirken, serbestle\u015fme ve bu s\u00fcrece e\u015flik eden \u00f6zelle\u015ftirmelerle birlikte enerji piyasalar\u0131n\u0131n, a\u015fama a\u015fama \u00f6zel sekt\u00f6r kontrol\u00fcne devredildi\u011fini ifade etti.<\/p>\n<p class=\"selectionShareable\" style=\"color: #0a0a0a;\">Rekabet Kurumu\u2019nun incelemelerinde elektrik sekt\u00f6r\u00fc dahil t\u00fcm piyasalarda sekt\u00f6r ger\u00e7eklerini dikkate ald\u0131\u011f\u0131n\u0131 ve kararlar\u0131n ger\u00e7eklere uygun bir \u015fekilde tesisi ad\u0131na \u00e7aba sarf edildi\u011fini belirterek s\u00f6zlerine devam eden Ba\u015fkan TORLAK, \u201cSekt\u00f6r oyuncular\u0131na \u015funu a\u00e7\u0131k bir \u015fekilde ifade etmek istiyorum. Biz enerji sekt\u00f6r\u00fcn\u00fcn stratejik konumu, i\u00e7erisinde bulundu\u011fu liberalle\u015fme s\u00fcreci ve \u00fclke ekonomisi a\u00e7\u0131s\u0131ndan \u00f6neminin fark\u0131nday\u0131z. Sekt\u00f6r bilgisi a\u00e7\u0131s\u0131ndan s\u00fcrekli bir geli\u015fim i\u00e7erisindeyiz. \u015eimdiye kadar akaryak\u0131t, do\u011falgaz ve elektrik sekt\u00f6rlerine y\u00f6nelik kapsaml\u0131 birer sekt\u00f6r ara\u015ft\u0131rmas\u0131 ger\u00e7ekle\u015ftirdik ve bu \u00e7al\u0131\u015fmalar\u0131n sonucu birer rapor olarak yay\u0131mland\u0131. San\u0131yorum arkada\u015flar\u0131m\u0131z elektrik sekt\u00f6r raporunun bas\u0131l\u0131 halini bug\u00fcn bu vesileyle t\u00fcm \u00e7al\u0131\u015ftay kat\u0131l\u0131mc\u0131lar\u0131na sunuyorlar.\u201d diyerek s\u00f6zlerine devam etti.<\/p>\n<p class=\"selectionShareable\" style=\"color: #0a0a0a;\"><a style=\"color: #1e73be;\" href=\"http:\/\/statik.enerjienstitusu.com\/wp-content\/uploads\/elektrik-piyasasi-rekabet.jpg\" target=\"_blank\"><img loading=\"lazy\" class=\"aligncenter size-full wp-image-81053 td-animation-stack-type0-2\" src=\"http:\/\/statik.enerjienstitusu.com\/wp-content\/uploads\/elektrik-piyasasi-rekabet.jpg\" alt=\"elektrik piyasasi rekabet\" width=\"500\" height=\"333\" \/><\/a>\u00c7al\u0131\u015ftay\u0131n \u201cDA\u011eITIM VE PERAKENDE SATI\u015e P\u0130YASASINDA REKABET SORUNLARI\u201d ba\u015fl\u0131kl\u0131 ilk oturumunda Yrd. Do\u00e7. Dr. Fatih Cemil \u00d6ZBU\u011eDAY\u2019\u0131n moderat\u00f6rl\u00fc\u011f\u00fcnde, rekabet hukuku uygulamalar\u0131na y\u00f6nelik \u00e7\u00f6z\u00fcmc\u00fcl bir ortak anlay\u0131\u015f \u00fcretilmesi g\u00f6zetilerek, da\u011f\u0131t\u0131m ve perakende sat\u0131\u015f piyasalar\u0131 bak\u0131m\u0131ndan Rekabet Kurumu g\u00fcndemine gelmi\u015f ya da gelmesi muhtemel rekabet sorunlar\u0131 ile Rekabet Kurumu incelemeleri bak\u0131m\u0131ndan \u00f6nem ta\u015f\u0131yan konular piyasa kat\u0131l\u0131mc\u0131lar\u0131 taraf\u0131ndan tart\u0131\u015f\u0131ld\u0131.<\/p>\n<p class=\"selectionShareable\" style=\"color: #0a0a0a;\">Do\u00e7. Dr. Be\u015fir Fatih DO\u011eAN moderat\u00f6rl\u00fc\u011f\u00fcnde ger\u00e7ekle\u015ftirilen \u201c\u00dcRET\u0130M VE TOPTAN SATI\u015eTA PAZAR G\u00dcC\u00dc VE OLASI REKABET KAR\u015eITI PROBLEMLER\u201d konulu oturumda ise elektrik \u00fcretimi ve toptan sat\u0131\u015f\u0131nda pazar g\u00fcc\u00fc hususu, b\u00f6lgesel hakim durum ve koordinasyon risklerine ili\u015fkin g\u00f6r\u00fc\u015flerini payla\u015fan kat\u0131l\u0131mc\u0131lar taraf\u0131ndan pazar g\u00fcc\u00fcn\u00fc azaltan \u2013 \u015feffafl\u0131k, pazar izleme, talep taraf\u0131 kat\u0131l\u0131m\u0131 \u2013 unsurlar\u0131n rekabet\u00e7i yap\u0131 ile ili\u015fkisini de\u011ferlendirildi. Son olarak, elektrik \u00fcretim ve toptan sat\u0131\u015f piyasalar\u0131nda mevcut kamu varl\u0131\u011f\u0131n\u0131n ve getirilmesi planlanan yeni al\u0131m garantilerinin rekabet\u00e7i yap\u0131ya etkileri ele al\u0131nd\u0131.<\/p>\n<p class=\"selectionShareable\" style=\"color: #0a0a0a;\">Kaynak: Rekabet Kurulu<\/p>\n<p><\/p>","protected":false},"excerpt":{"rendered":"<p>Sorry, this entry is only available in Turkish. For the sake of viewer convenience, the content is shown below in the alternative language. You may click the link to switch the active language. Rekabet Kurumu, Enerji Piyasas\u0131 D\u00fczenleme Kurumu, Elektrik Da\u011f\u0131t\u0131m Hizmetleri Derne\u011fi, Elektrik \u00dcreticileri Derne\u011fi ve Enerji Ticareti Derne\u011fi i\u015fbirli\u011fi ile d\u00fczenlenen Elektrik Sekt\u00f6r\u00fcnde [&hellip;]<\/p>\n","protected":false},"author":1,"featured_media":53335,"comment_status":"open","ping_status":"open","sticky":false,"template":"","format":"standard","meta":[],"categories":[51,53],"tags":[68,61,19638,1451,29854,2873,63,67,1009,2698,165,4464,4617,4907],"views":839,"_links":{"self":[{"href":"https:\/\/www.enerjigazetesi.ist\/en\/wp-json\/wp\/v2\/posts\/53334"}],"collection":[{"href":"https:\/\/www.enerjigazetesi.ist\/en\/wp-json\/wp\/v2\/posts"}],"about":[{"href":"https:\/\/www.enerjigazetesi.ist\/en\/wp-json\/wp\/v2\/types\/post"}],"author":[{"embeddable":true,"href":"https:\/\/www.enerjigazetesi.ist\/en\/wp-json\/wp\/v2\/users\/1"}],"replies":[{"embeddable":true,"href":"https:\/\/www.enerjigazetesi.ist\/en\/wp-json\/wp\/v2\/comments?post=53334"}],"version-history":[{"count":1,"href":"https:\/\/www.enerjigazetesi.ist\/en\/wp-json\/wp\/v2\/posts\/53334\/revisions"}],"predecessor-version":[{"id":53336,"href":"https:\/\/www.enerjigazetesi.ist\/en\/wp-json\/wp\/v2\/posts\/53334\/revisions\/53336"}],"wp:featuredmedia":[{"embeddable":true,"href":"https:\/\/www.enerjigazetesi.ist\/en\/wp-json\/wp\/v2\/media\/53335"}],"wp:attachment":[{"href":"https:\/\/www.enerjigazetesi.ist\/en\/wp-json\/wp\/v2\/media?parent=53334"}],"wp:term":[{"taxonomy":"category","embeddable":true,"href":"https:\/\/www.enerjigazetesi.ist\/en\/wp-json\/wp\/v2\/categories?post=53334"},{"taxonomy":"post_tag","embeddable":true,"href":"https:\/\/www.enerjigazetesi.ist\/en\/wp-json\/wp\/v2\/tags?post=53334"}],"curies":[{"name":"wp","href":"https:\/\/api.w.org\/{rel}","templated":true}]}}