{"id":53293,"date":"2016-05-24T10:55:46","date_gmt":"2016-05-24T07:55:46","guid":{"rendered":"https:\/\/www.enerjigazetesi.ist\/?p=53293"},"modified":"2016-05-24T10:55:46","modified_gmt":"2016-05-24T07:55:46","slug":"cin-gunes-elektriginde-50-gwi-asti","status":"publish","type":"post","link":"https:\/\/www.enerjigazetesi.ist\/en\/cin-gunes-elektriginde-50-gwi-asti\/","title":{"rendered":"(Turkish) \u00c7in G\u00fcne\u015f Elektri\u011finde 50 GW\u2019\u0131 A\u015ft\u0131&#8230;"},"content":{"rendered":"<p class=\"qtranxs-available-languages-message qtranxs-available-languages-message-en\">Sorry, this entry is only available in <a href=\"https:\/\/www.enerjigazetesi.ist\/tr\/wp-json\/wp\/v2\/posts\/53293\" class=\"qtranxs-available-language-link qtranxs-available-language-link-tr\" title=\"Turkish\">Turkish<\/a>. For the sake of viewer convenience, the content is shown below in the alternative language. You may click the link to switch the active language.<\/p><p><strong><span style=\"color: #222222;\">\u00c7in 2020 i\u00e7in belirledi\u011fi hedefin \u00fc\u00e7te birini a\u015ft\u0131.<\/span><\/strong><\/p>\n<p><img loading=\"lazy\" class=\"attachment-post-main  wp-post-image aligncenter\" style=\"color: #222222;\" src=\"http:\/\/solarist.yesilekonomi.netdna-cdn.com\/wp-content\/uploads\/2016\/04\/cin-50-gw.jpg\" alt=\"cin-50-gw\" width=\"518\" height=\"259\" \/><\/p>\n<div class=\"content-holder\" style=\"color: #222222;\">\n<p>\u00c7in\u2019in g\u00fcne\u015f elektri\u011fi g\u00fcc\u00fcn\u00fcn 50 GW\u2019\u0131 a\u015ft\u0131\u011f\u0131 bildirildi.<\/p>\n<p>\u00c7in Ulusal Enerji \u0130daresi taraf\u0131ndan yap\u0131lan\u00a0<a style=\"color: #ff6600;\" href=\"http:\/\/www.nea.gov.cn\/2016-04\/25\/c_135309060.htm\" target=\"_blank\">a\u00e7\u0131klamaya g\u00f6re<\/a>\u00a02015\u2019in ilk \u00e7eyre\u011finde \u00fclkenin \u015febekeye ba\u011fl\u0131 g\u00fcne\u015f elektri\u011fi \u00fcretim kapasitesi 7,14 GW artt\u0131.<\/p>\n<p>Bunun 6,17 GW\u2019l\u0131k b\u00f6l\u00fcm\u00fcn\u00fc b\u00fcy\u00fck \u00f6l\u00e7ekli projeler olu\u015ftururken, 970 MW\u2019l\u0131k b\u00f6l\u00fcm\u00fcn\u00fc ise k\u00fc\u00e7\u00fck \u00f6l\u00e7ekli da\u011f\u0131t\u0131k sistem yat\u0131r\u0131mlar\u0131 olu\u015fturdu.<\/p>\n<p>Son kurulumlar ile birlikte \u00c7in\u2019in g\u00fcne\u015f elektri\u011fi kurulu g\u00fcc\u00fc toplamda 50,31 GW\u2019a y\u00fckseldi.<\/p>\n<p>Bu g\u00fcc\u00fcn 43,29 GW\u2019l\u0131k k\u0131sm\u0131n\u0131 b\u00fcy\u00fck \u00f6l\u00e7ekli projeler olu\u015ftururken, 7,03 GW\u2019l\u0131k b\u00f6l\u00fcm\u00fcn\u00fc k\u00fc\u00e7\u00fck ve orta \u00f6l\u00e7ekli da\u011f\u0131t\u0131k sistemler olu\u015fturmakta.<\/p>\n<p>\u00c7in 2020 y\u0131l\u0131 g\u00fcne\u015f elektri\u011fi hedefini ge\u00e7en y\u0131l 150 GW\u2019a y\u00fckseltmi\u015fti.<\/p>\n<p>\u00dclke y\u00f6netimi bu hedefe ula\u015fmak i\u00e7in 2016-2020 aras\u0131nda y\u0131ll\u0131k 20 GW\u2019l\u0131k kurulu g\u00fc\u00e7 art\u0131\u015f\u0131 planland\u0131\u011f\u0131n\u0131 bildirmi\u015fti.<\/p>\n<p>Kaynak: <a href=\"http:\/\/solar.ist\/cin-gunes-elektriginde-50-gwi-asti\/\" target=\"_blank\" rel=\"nofollow\">solar.ist<\/a><a style=\"color: #ffffff;\" href=\"http:\/\/solar.ist\/tag\/cin\/\" rel=\"tag\">\u00c7i<\/a><\/p>\n<\/div>\n<p><\/p>","protected":false},"excerpt":{"rendered":"<p>Sorry, this entry is only available in Turkish. For the sake of viewer convenience, the content is shown below in the alternative language. You may click the link to switch the active language.\u00c7in 2020 i\u00e7in belirledi\u011fi hedefin \u00fc\u00e7te birini a\u015ft\u0131. \u00c7in\u2019in g\u00fcne\u015f elektri\u011fi g\u00fcc\u00fcn\u00fcn 50 GW\u2019\u0131 a\u015ft\u0131\u011f\u0131 bildirildi. \u00c7in Ulusal Enerji \u0130daresi taraf\u0131ndan yap\u0131lan\u00a0a\u00e7\u0131klamaya g\u00f6re\u00a02015\u2019in [&hellip;]<\/p>\n","protected":false},"author":1,"featured_media":53294,"comment_status":"open","ping_status":"open","sticky":false,"template":"","format":"standard","meta":[],"categories":[53,49],"tags":[886,67,1009,2698,165,227,1169,13,23133,22975,4269],"views":1077,"_links":{"self":[{"href":"https:\/\/www.enerjigazetesi.ist\/en\/wp-json\/wp\/v2\/posts\/53293"}],"collection":[{"href":"https:\/\/www.enerjigazetesi.ist\/en\/wp-json\/wp\/v2\/posts"}],"about":[{"href":"https:\/\/www.enerjigazetesi.ist\/en\/wp-json\/wp\/v2\/types\/post"}],"author":[{"embeddable":true,"href":"https:\/\/www.enerjigazetesi.ist\/en\/wp-json\/wp\/v2\/users\/1"}],"replies":[{"embeddable":true,"href":"https:\/\/www.enerjigazetesi.ist\/en\/wp-json\/wp\/v2\/comments?post=53293"}],"version-history":[{"count":1,"href":"https:\/\/www.enerjigazetesi.ist\/en\/wp-json\/wp\/v2\/posts\/53293\/revisions"}],"predecessor-version":[{"id":53295,"href":"https:\/\/www.enerjigazetesi.ist\/en\/wp-json\/wp\/v2\/posts\/53293\/revisions\/53295"}],"wp:featuredmedia":[{"embeddable":true,"href":"https:\/\/www.enerjigazetesi.ist\/en\/wp-json\/wp\/v2\/media\/53294"}],"wp:attachment":[{"href":"https:\/\/www.enerjigazetesi.ist\/en\/wp-json\/wp\/v2\/media?parent=53293"}],"wp:term":[{"taxonomy":"category","embeddable":true,"href":"https:\/\/www.enerjigazetesi.ist\/en\/wp-json\/wp\/v2\/categories?post=53293"},{"taxonomy":"post_tag","embeddable":true,"href":"https:\/\/www.enerjigazetesi.ist\/en\/wp-json\/wp\/v2\/tags?post=53293"}],"curies":[{"name":"wp","href":"https:\/\/api.w.org\/{rel}","templated":true}]}}