{"id":53260,"date":"2016-05-23T12:49:57","date_gmt":"2016-05-23T09:49:57","guid":{"rendered":"https:\/\/www.enerjigazetesi.ist\/?p=53260"},"modified":"2016-05-23T12:49:57","modified_gmt":"2016-05-23T09:49:57","slug":"efeler-besin-kurulu-gucu-ikiye-katlanacak","status":"publish","type":"post","link":"https:\/\/www.enerjigazetesi.ist\/en\/efeler-besin-kurulu-gucu-ikiye-katlanacak\/","title":{"rendered":"(Turkish) Efeler BES\u2019in Kurulu G\u00fcc\u00fc \u0130kiye Katlanacak!"},"content":{"rendered":"<p class=\"qtranxs-available-languages-message qtranxs-available-languages-message-en\">Sorry, this entry is only available in <a href=\"https:\/\/www.enerjigazetesi.ist\/tr\/wp-json\/wp\/v2\/posts\/53260\" class=\"qtranxs-available-language-link qtranxs-available-language-link-tr\" title=\"Turkish\">Turkish<\/a>. For the sake of viewer convenience, the content is shown below in the alternative language. You may click the link to switch the active language.<\/p><p><strong>Ayd\u0131n \u0130ncirliova\u2019daki 2.4 MWe kurulu g\u00fcc\u00fcndeki Efeler Biyogaz Enerji Santrali\u2019nin kapasitesi 4.8 MWe\u2019ye y\u00fckseltilecek.\u00a0<a href=\"https:\/\/www.enerjigazetesi.ist\/wp-content\/uploads\/2016\/05\/efeler-besin-kurulu-gucu-ikiye-katlanacak.jpg\"><img loading=\"lazy\" class=\"alignleft size-medium wp-image-53261\" src=\"https:\/\/www.enerjigazetesi.ist\/wp-content\/uploads\/2016\/05\/efeler-besin-kurulu-gucu-ikiye-katlanacak-300x182.jpg\" alt=\"efeler-besin-kurulu-gucu-ikiye-katlanacak\" width=\"300\" height=\"182\" srcset=\"https:\/\/www.enerjigazetesi.ist\/wp-content\/uploads\/2016\/05\/efeler-besin-kurulu-gucu-ikiye-katlanacak-300x182.jpg 300w, https:\/\/www.enerjigazetesi.ist\/wp-content\/uploads\/2016\/05\/efeler-besin-kurulu-gucu-ikiye-katlanacak-500x304.jpg 500w, https:\/\/www.enerjigazetesi.ist\/wp-content\/uploads\/2016\/05\/efeler-besin-kurulu-gucu-ikiye-katlanacak-80x48.jpg 80w, https:\/\/www.enerjigazetesi.ist\/wp-content\/uploads\/2016\/05\/efeler-besin-kurulu-gucu-ikiye-katlanacak.jpg 1000w\" sizes=\"(max-width: 300px) 100vw, 300px\" \/><\/a><\/strong><\/p>\n<p>Ayd\u0131n\u2019daki Efeler Biyogaz Enerji Santrali Kapasite Art\u0131r\u0131m\u0131 projesinin hayata ge\u00e7irilmesi s\u00fcrecinde yeni bir a\u015famaya gelindi. \u0130ncirliova S\u0131n\u0131rteke Mahallesi\u2019ndeki santralin kapasite art\u0131r\u0131m\u0131 projesi i\u00e7in 07 Haziran 2016&#8217;da inceleme ve de\u011ferlendirme toplant\u0131s\u0131 yap\u0131lacak.<\/p>\n<p><strong>2.4 MWe KURULU G\u00dc\u00c7 DAHA\u00a0<\/strong><\/p>\n<p>Senkron Grup \u0130n\u015faat Makine M\u00fchendislik Proje Elektrik \u00dcretim A\u015e taraf\u0131ndan yap\u0131lacak yat\u0131r\u0131mla daha \u00f6nce 2,408 MWe olan Efeler Biyogaz Enerji Santrali\u2019nin kurulu g\u00fcc\u00fc 4,816 MWe\u2019ye y\u00fckselecek. \u0130lave kapasite projesi sayesinde Efeler BES\u2019te halen halen devam eden organik g\u00fcbre \u00fcretimi ve enerji \u00fcretimi art\u0131r\u0131lacak.<\/p>\n<p>Kaynak: Enerji G\u00fcnl\u00fc\u011f\u00fc<\/p>","protected":false},"excerpt":{"rendered":"<p>Sorry, this entry is only available in Turkish. For the sake of viewer convenience, the content is shown below in the alternative language. You may click the link to switch the active language.Ayd\u0131n \u0130ncirliova\u2019daki 2.4 MWe kurulu g\u00fcc\u00fcndeki Efeler Biyogaz Enerji Santrali\u2019nin kapasitesi 4.8 MWe\u2019ye y\u00fckseltilecek.\u00a0 Ayd\u0131n\u2019daki Efeler Biyogaz Enerji Santrali Kapasite Art\u0131r\u0131m\u0131 projesinin hayata [&hellip;]<\/p>\n","protected":false},"author":1,"featured_media":53261,"comment_status":"open","ping_status":"open","sticky":false,"template":"","format":"standard","meta":[],"categories":[22893,53],"tags":[7179,10848,5317,1678,29816,29818,29817,22985,63,67,1009,2698,165,25140,29819,29820],"views":1353,"_links":{"self":[{"href":"https:\/\/www.enerjigazetesi.ist\/en\/wp-json\/wp\/v2\/posts\/53260"}],"collection":[{"href":"https:\/\/www.enerjigazetesi.ist\/en\/wp-json\/wp\/v2\/posts"}],"about":[{"href":"https:\/\/www.enerjigazetesi.ist\/en\/wp-json\/wp\/v2\/types\/post"}],"author":[{"embeddable":true,"href":"https:\/\/www.enerjigazetesi.ist\/en\/wp-json\/wp\/v2\/users\/1"}],"replies":[{"embeddable":true,"href":"https:\/\/www.enerjigazetesi.ist\/en\/wp-json\/wp\/v2\/comments?post=53260"}],"version-history":[{"count":1,"href":"https:\/\/www.enerjigazetesi.ist\/en\/wp-json\/wp\/v2\/posts\/53260\/revisions"}],"predecessor-version":[{"id":53262,"href":"https:\/\/www.enerjigazetesi.ist\/en\/wp-json\/wp\/v2\/posts\/53260\/revisions\/53262"}],"wp:featuredmedia":[{"embeddable":true,"href":"https:\/\/www.enerjigazetesi.ist\/en\/wp-json\/wp\/v2\/media\/53261"}],"wp:attachment":[{"href":"https:\/\/www.enerjigazetesi.ist\/en\/wp-json\/wp\/v2\/media?parent=53260"}],"wp:term":[{"taxonomy":"category","embeddable":true,"href":"https:\/\/www.enerjigazetesi.ist\/en\/wp-json\/wp\/v2\/categories?post=53260"},{"taxonomy":"post_tag","embeddable":true,"href":"https:\/\/www.enerjigazetesi.ist\/en\/wp-json\/wp\/v2\/tags?post=53260"}],"curies":[{"name":"wp","href":"https:\/\/api.w.org\/{rel}","templated":true}]}}