{"id":53256,"date":"2016-05-23T12:44:18","date_gmt":"2016-05-23T09:44:18","guid":{"rendered":"https:\/\/www.enerjigazetesi.ist\/?p=53256"},"modified":"2016-05-23T12:44:48","modified_gmt":"2016-05-23T09:44:48","slug":"arjantinden-1-gwlik-yenilenebilir-enerji-ihalesi","status":"publish","type":"post","link":"https:\/\/www.enerjigazetesi.ist\/en\/arjantinden-1-gwlik-yenilenebilir-enerji-ihalesi\/","title":{"rendered":"(Turkish) Arjantin&#8217;den 1 GW&#8217;l\u0131k Yenilenebilir Enerji \u0130halesi&#8230;"},"content":{"rendered":"<p class=\"qtranxs-available-languages-message qtranxs-available-languages-message-en\">Sorry, this entry is only available in <a href=\"https:\/\/www.enerjigazetesi.ist\/tr\/wp-json\/wp\/v2\/posts\/53256\" class=\"qtranxs-available-language-link qtranxs-available-language-link-tr\" title=\"Turkish\">Turkish<\/a>. For the sake of viewer convenience, the content is shown below in the alternative language. You may click the link to switch the active language.<\/p><p><strong>Arjantin, bu y\u0131l i\u00e7inde toplamda 1 GW kurulu g\u00fcc\u00fcndeki yenilenebilir enerji kurulumu i\u00e7in ihale d\u00fczenleyecek.<\/strong><\/p>\n<p>Arjantin Ba\u015fbakan\u0131 Mauricio Macri&#8217;nin ba\u015flatt\u0131\u011f\u0131 RenovAr program\u0131 \u00e7er\u00e7evesinde bu y\u0131l Haziran ay\u0131nda b<a href=\"https:\/\/www.enerjigazetesi.ist\/wp-content\/uploads\/2016\/05\/arjantinden-1-gwlik-yenilenebilir-enerji-ihalesi.jpg\"><img loading=\"lazy\" class=\"alignright  wp-image-53257\" src=\"https:\/\/www.enerjigazetesi.ist\/wp-content\/uploads\/2016\/05\/arjantinden-1-gwlik-yenilenebilir-enerji-ihalesi-300x295.jpg\" alt=\"arjantinden-1-gwlik-yenilenebilir-enerji-ihalesi\" width=\"300\" height=\"202\" \/><\/a>a\u015flayacak olan 1 GW kurulum kapasiteli yenilenebilir enerji ihalelerinin Eyl\u00fcl ay\u0131nda tamamlanmas\u0131 planlan\u0131yor.<\/p>\n<p>Bu ihalelerde r\u00fczgar\u0131n 600 MW kapasite ile ilk s\u0131rada yer almas\u0131 ve g\u00fcne\u015f enerjisinin 300 MW kapasite ile ikinci s\u0131rada yer almas\u0131 planlan\u0131yor. Bunun d\u0131\u015f\u0131nda da 65 MW&#8217;l\u0131k biyok\u00fctle, 15 MW biyogaz ve 20 MW hidroelektrik kurulumlar\u0131 i\u00e7in ihale d\u00fczenlenecek.<\/p>\n<p>\u0130hale fiyat\u0131n\u0131n ise MWh ba\u015f\u0131na 100 Dolar&#8217;\u0131n alt\u0131nda olaca\u011f\u0131 tahmin ediliyor. Bu yat\u0131r\u0131mlarla y\u0131lda yakla\u015f\u0131k 2 milyon ton karbonun atmosfere sal\u0131m\u0131 \u00f6nlenecek.<\/p>\n<p>Arjantin devletinin d\u00fczenlemesine g\u00f6re, 180 g\u00fcnden daha az olmamak \u015fart\u0131yla her bir MW iin 50 Dolar olarak \u00f6denecek.<\/p>\n<p>Ayr\u0131ca bu yat\u0131r\u0131mlar i\u00e7in D\u00fcnya Bankas\u0131 da \u00f6deme garantisi veriyor.<\/p>\n<p>Kaynak: Enerji G\u00fcnl\u00fc\u011f\u00fc<\/p>","protected":false},"excerpt":{"rendered":"<p>Sorry, this entry is only available in Turkish. For the sake of viewer convenience, the content is shown below in the alternative language. You may click the link to switch the active language.Arjantin, bu y\u0131l i\u00e7inde toplamda 1 GW kurulu g\u00fcc\u00fcndeki yenilenebilir enerji kurulumu i\u00e7in ihale d\u00fczenleyecek. Arjantin Ba\u015fbakan\u0131 Mauricio Macri&#8217;nin ba\u015flatt\u0131\u011f\u0131 RenovAr program\u0131 \u00e7er\u00e7evesinde [&hellip;]<\/p>\n","protected":false},"author":1,"featured_media":53257,"comment_status":"open","ping_status":"open","sticky":false,"template":"","format":"standard","meta":[],"categories":[53,49,50],"tags":[8898,67,1009,2698,165,227,13,4396,2054,69,16,5484,105],"views":1340,"_links":{"self":[{"href":"https:\/\/www.enerjigazetesi.ist\/en\/wp-json\/wp\/v2\/posts\/53256"}],"collection":[{"href":"https:\/\/www.enerjigazetesi.ist\/en\/wp-json\/wp\/v2\/posts"}],"about":[{"href":"https:\/\/www.enerjigazetesi.ist\/en\/wp-json\/wp\/v2\/types\/post"}],"author":[{"embeddable":true,"href":"https:\/\/www.enerjigazetesi.ist\/en\/wp-json\/wp\/v2\/users\/1"}],"replies":[{"embeddable":true,"href":"https:\/\/www.enerjigazetesi.ist\/en\/wp-json\/wp\/v2\/comments?post=53256"}],"version-history":[{"count":2,"href":"https:\/\/www.enerjigazetesi.ist\/en\/wp-json\/wp\/v2\/posts\/53256\/revisions"}],"predecessor-version":[{"id":53259,"href":"https:\/\/www.enerjigazetesi.ist\/en\/wp-json\/wp\/v2\/posts\/53256\/revisions\/53259"}],"wp:featuredmedia":[{"embeddable":true,"href":"https:\/\/www.enerjigazetesi.ist\/en\/wp-json\/wp\/v2\/media\/53257"}],"wp:attachment":[{"href":"https:\/\/www.enerjigazetesi.ist\/en\/wp-json\/wp\/v2\/media?parent=53256"}],"wp:term":[{"taxonomy":"category","embeddable":true,"href":"https:\/\/www.enerjigazetesi.ist\/en\/wp-json\/wp\/v2\/categories?post=53256"},{"taxonomy":"post_tag","embeddable":true,"href":"https:\/\/www.enerjigazetesi.ist\/en\/wp-json\/wp\/v2\/tags?post=53256"}],"curies":[{"name":"wp","href":"https:\/\/api.w.org\/{rel}","templated":true}]}}