{"id":53253,"date":"2016-05-23T12:16:52","date_gmt":"2016-05-23T09:16:52","guid":{"rendered":"https:\/\/www.enerjigazetesi.ist\/?p=53253"},"modified":"2016-05-23T12:16:52","modified_gmt":"2016-05-23T09:16:52","slug":"tetas-nukleer-uretilecek-elektrigin-ticaretine-2023te-baslayacak","status":"publish","type":"post","link":"https:\/\/www.enerjigazetesi.ist\/en\/tetas-nukleer-uretilecek-elektrigin-ticaretine-2023te-baslayacak\/","title":{"rendered":"(Turkish) TETA\u015e, N\u00fckleer \u00dcretilecek Elektri\u011fin Ticaretine 2023\u2019te Ba\u015flayacak!"},"content":{"rendered":"<p class=\"qtranxs-available-languages-message qtranxs-available-languages-message-en\">Sorry, this entry is only available in <a href=\"https:\/\/www.enerjigazetesi.ist\/tr\/wp-json\/wp\/v2\/posts\/53253\" class=\"qtranxs-available-language-link qtranxs-available-language-link-tr\" title=\"Turkish\">Turkish<\/a>. For the sake of viewer convenience, the content is shown below in the alternative language. You may click the link to switch the active language.<\/p><p><\/p>\n<p class=\"selectionShareable\" style=\"color: #0a0a0a;\"><strong>TETA\u015e, n\u00fckleer enerjiden \u00fcretilecek elektri\u011fin ticaretine 2023\u2019te ba\u015flamay\u0131 planl\u0131yor. TETA\u015e, 2023 y\u0131l\u0131nda da bin 940 megavat n\u00fckleer kurulu g\u00fcc\u00fc ticari portf\u00f6y\u00fcne dahil edecek. \u015eirket, ayn\u0131 y\u0131l i\u00e7inde ilk kez n\u00fckleer enerjiden \u00fcretilecek ele<a href=\"https:\/\/www.enerjigazetesi.ist\/wp-content\/uploads\/2016\/05\/tetas-nukleer-uretilecek-elektrigin-ticaretine-2023te-baslayacak.jpg\"><img loading=\"lazy\" class=\"alignleft size-medium wp-image-53254\" src=\"https:\/\/www.enerjigazetesi.ist\/wp-content\/uploads\/2016\/05\/tetas-nukleer-uretilecek-elektrigin-ticaretine-2023te-baslayacak-300x187.jpg\" alt=\"tetas-nukleer-uretilecek-elektrigin-ticaretine-2023te-baslayacak\" width=\"300\" height=\"187\" srcset=\"https:\/\/www.enerjigazetesi.ist\/wp-content\/uploads\/2016\/05\/tetas-nukleer-uretilecek-elektrigin-ticaretine-2023te-baslayacak-300x187.jpg 300w, https:\/\/www.enerjigazetesi.ist\/wp-content\/uploads\/2016\/05\/tetas-nukleer-uretilecek-elektrigin-ticaretine-2023te-baslayacak-500x311.jpg 500w, https:\/\/www.enerjigazetesi.ist\/wp-content\/uploads\/2016\/05\/tetas-nukleer-uretilecek-elektrigin-ticaretine-2023te-baslayacak-80x50.jpg 80w, https:\/\/www.enerjigazetesi.ist\/wp-content\/uploads\/2016\/05\/tetas-nukleer-uretilecek-elektrigin-ticaretine-2023te-baslayacak.jpg 696w\" sizes=\"(max-width: 300px) 100vw, 300px\" \/><\/a>ktri\u011fin ticaretine de ba\u015flayacak.<\/strong><\/p>\n<p class=\"selectionShareable\" style=\"color: #0a0a0a;\">\n<p class=\"selectionShareable\" style=\"color: #0a0a0a;\">Akkuyu ve Sinop N\u00fckleer Santrallerine ait ilk \u00fcnitelerin birer y\u0131l arayla devreye girmesinin ard\u0131ndan, n\u00fckleer enerjinin \u015firketin enerji ticareti portf\u00f6y\u00fc i\u00e7indeki pay\u0131 giderek artacak. N\u00fckleer enerjide en y\u00fcksek kapasiteye 6 bin 800 megavatla 2027 y\u0131l\u0131nda ula\u015f\u0131lacak. S\u00f6z konusu kapasiteyle birlikte TETA\u015e, toplamda 8 bin 864 megavatl\u0131k kurulu g\u00fcce eri\u015fecek. B\u00f6ylece 2027 y\u0131l\u0131nda \u015firketin ticari portf\u00f6y\u00fcn\u00fcn yakla\u015f\u0131k y\u00fczde 77\u2019si n\u00fckleer enerjiden olu\u015facak.<\/p>\n<p class=\"selectionShareable\" style=\"color: #0a0a0a;\">TETA\u015e, toplam 4 bin 800 megavat g\u00fcc\u00fcndeki Akkuyu N\u00fckleer Santrali\u2019nin birinci ve ikinci \u00fcnitelerinde \u00fcretilecek enerjinin y\u00fczde 70\u2019ini, \u00fc\u00e7\u00fcnc\u00fc ve d\u00f6rd\u00fcnc\u00fc \u00fcnitelerinde \u00fcretilecek enerjinin ise y\u00fczde 30\u2019unu 15 y\u0131l s\u00fcreyle sat\u0131n alma g\u00f6revini \u00fcstlenmi\u015f bulunuyor.<\/p>\n<p class=\"selectionShareable\" style=\"color: #0a0a0a;\">Kaynak: Enerji Enstit\u00fcs\u00fc<\/p>\n<p><\/p>","protected":false},"excerpt":{"rendered":"<p>Sorry, this entry is only available in Turkish. For the sake of viewer convenience, the content is shown below in the alternative language. You may click the link to switch the active language. TETA\u015e, n\u00fckleer enerjiden \u00fcretilecek elektri\u011fin ticaretine 2023\u2019te ba\u015flamay\u0131 planl\u0131yor. TETA\u015e, 2023 y\u0131l\u0131nda da bin 940 megavat n\u00fckleer kurulu g\u00fcc\u00fc ticari portf\u00f6y\u00fcne dahil [&hellip;]<\/p>\n","protected":false},"author":1,"featured_media":53254,"comment_status":"open","ping_status":"open","sticky":false,"template":"","format":"standard","meta":[],"categories":[51,53],"tags":[13092,63,67,1009,2698,165,71,29815,21,25480,23614,2973,3499],"views":749,"_links":{"self":[{"href":"https:\/\/www.enerjigazetesi.ist\/en\/wp-json\/wp\/v2\/posts\/53253"}],"collection":[{"href":"https:\/\/www.enerjigazetesi.ist\/en\/wp-json\/wp\/v2\/posts"}],"about":[{"href":"https:\/\/www.enerjigazetesi.ist\/en\/wp-json\/wp\/v2\/types\/post"}],"author":[{"embeddable":true,"href":"https:\/\/www.enerjigazetesi.ist\/en\/wp-json\/wp\/v2\/users\/1"}],"replies":[{"embeddable":true,"href":"https:\/\/www.enerjigazetesi.ist\/en\/wp-json\/wp\/v2\/comments?post=53253"}],"version-history":[{"count":1,"href":"https:\/\/www.enerjigazetesi.ist\/en\/wp-json\/wp\/v2\/posts\/53253\/revisions"}],"predecessor-version":[{"id":53255,"href":"https:\/\/www.enerjigazetesi.ist\/en\/wp-json\/wp\/v2\/posts\/53253\/revisions\/53255"}],"wp:featuredmedia":[{"embeddable":true,"href":"https:\/\/www.enerjigazetesi.ist\/en\/wp-json\/wp\/v2\/media\/53254"}],"wp:attachment":[{"href":"https:\/\/www.enerjigazetesi.ist\/en\/wp-json\/wp\/v2\/media?parent=53253"}],"wp:term":[{"taxonomy":"category","embeddable":true,"href":"https:\/\/www.enerjigazetesi.ist\/en\/wp-json\/wp\/v2\/categories?post=53253"},{"taxonomy":"post_tag","embeddable":true,"href":"https:\/\/www.enerjigazetesi.ist\/en\/wp-json\/wp\/v2\/tags?post=53253"}],"curies":[{"name":"wp","href":"https:\/\/api.w.org\/{rel}","templated":true}]}}