{"id":53233,"date":"2016-05-22T15:20:35","date_gmt":"2016-05-22T12:20:35","guid":{"rendered":"https:\/\/www.enerjigazetesi.ist\/?p=53233"},"modified":"2016-05-22T15:20:35","modified_gmt":"2016-05-22T12:20:35","slug":"petrol-fiyatlari-en-gec-2017de-yukselir","status":"publish","type":"post","link":"https:\/\/www.enerjigazetesi.ist\/en\/petrol-fiyatlari-en-gec-2017de-yukselir\/","title":{"rendered":"(Turkish) &#8217;Petrol Fiyatlar\u0131 En Ge\u00e7 2017&#8217;de Y\u00fckselir!'"},"content":{"rendered":"<p class=\"qtranxs-available-languages-message qtranxs-available-languages-message-en\">Sorry, this entry is only available in <a href=\"https:\/\/www.enerjigazetesi.ist\/tr\/wp-json\/wp\/v2\/posts\/53233\" class=\"qtranxs-available-language-link qtranxs-available-language-link-tr\" title=\"Turkish\">Turkish<\/a>. For the sake of viewer convenience, the content is shown below in the alternative language. You may click the link to switch the active language.<\/p><p><\/p>\n<p style=\"color: #4d4e53;\"><strong>Uluslararas\u0131 Enerji Ajans\u0131 (IEA) \u0130cra Direkt\u00f6r\u00fc Fatih Birol, k\u00fcresel piyasalarda petrol fiyatlar\u0131n\u0131n tahminleri do\u011frultusunda geli\u015fme g\u00f6sterdi\u011fini belirterek, 2017&#8217;den itibaren fiyatlar\u0131n y\u00fckseli\u015fe ge\u00e7mesini beklediklerini s\u00f6yledi.<\/strong><\/p>\n<p style=\"color: #4d4e53;\">Birol, petrol fiyatlar\u0131 ve enerji projelerinin jeopolitik \u00f6nemine ili\u015fkin yapt\u0131\u011f\u0131 de\u011ferlendirmede, &#8220;Petrol fiyatla<a href=\"https:\/\/www.enerjigazetesi.ist\/wp-content\/uploads\/2016\/05\/petrol-fiyatlari-en-gec-2017de-yukselir.jpg\"><img loading=\"lazy\" class=\"alignright  wp-image-53234\" src=\"https:\/\/www.enerjigazetesi.ist\/wp-content\/uploads\/2016\/05\/petrol-fiyatlari-en-gec-2017de-yukselir-300x153.jpg\" alt=\"petrol-fiyatlari-en-gec-2017de-yukselir\" width=\"300\" height=\"201\" \/><\/a>r\u0131 ocak ay\u0131nda 30 dolar civar\u0131ndayken \u015fu anda 50 dolarlara yakla\u015fm\u0131\u015f vaziyette. Aynen bizim tahmin etti\u011fimiz gibi.&#8221; diye konu\u015ftu.<\/p>\n<p style=\"color: #4d4e53;\">Fiyat y\u00fckseli\u015finin temel nedeninin mevcut petrol stoklar\u0131n\u0131n erimeye ba\u015flamas\u0131 oldu\u011funu ifade eden Birol, &#8220;Bunun da esas nedeni d\u00fc\u015f\u00fck petrol fiyatlar\u0131n\u0131n, Amerika\u2019daki petrol \u00fcretiminde ciddi bir d\u00fc\u015f\u00fc\u015fe neden olmas\u0131. Bu bak\u0131mdan piyasada daha az petrol var, talep g\u00fc\u00e7l\u00fc bir \u015fekilde y\u00fckseliyor. Bu bak\u0131mdan, stoklar eriyor ve fiyatlarda yukar\u0131 do\u011fru bir \u00e7\u0131k\u0131\u015f g\u00f6r\u00fcyoruz.&#8221; dedi.<\/p>\n<p style=\"color: #4d4e53;\">Birol, fiyat y\u00fckseli\u015finin bir nedenin de Kanada&#8217;n\u0131n petrol sahalar\u0131ndaki yang\u0131nlar neticesinde \u00fcretimin aksamas\u0131 oldu\u011funu belirterek, \u015f\u00f6yle devam etti:<\/p>\n<p style=\"color: #4d4e53;\">&#8220;Ayn\u0131 \u015fekilde, Nijerya\u2019da da petrol \u00fcretiminde ciddi bir d\u00fc\u015f\u00fc\u015f var. Bunlar esas\u0131nda ge\u00e7ici \u015feyler; ar\u0131zi \u015feyler. E\u011fer \u00fcretime ge\u00e7erlerse yine piyasalarda a\u015fa\u011f\u0131 do\u011fru bir bask\u0131 olabilir, ama her hal\u00fckarda en ge\u00e7 2017 itibariyle fiyatlarda yukar\u0131 do\u011fru bir trend bekliyoruz. Tabii bu bir\u00e7ok petrol \u00fcreticisi \u00fclke i\u00e7in bir nebze olsun rahatlat\u0131c\u0131 bir haber. Fakat \u015fu anki fiyat seviyelerinin baz\u0131 \u00fclkeler i\u00e7in yeterli olmayabilece\u011fini d\u00fc\u015f\u00fcn\u00fcyorum. \u00d6zellikle Ortado\u011fu d\u0131\u015f\u0131ndaki \u00fclkeler i\u00e7in, mesela Rusya i\u00e7in halen yeterli de\u011fil. Amerika\u2019daki bir\u00e7ok \u00fcretici i\u00e7in yeterli de\u011fil, ama Ortado\u011fu \u00fclkeleri i\u00e7in son 3-4 ay i\u00e7indeki 20 dolarl\u0131k art\u0131\u015f, bence iyi bir haber oldu.&#8221;<\/p>\n<p style=\"color: #4d4e53;\"><strong>&#8216;TAP, T\u00fcrkiye&#8217;nin \u00f6nemini art\u0131racak&#8217;<\/strong><\/p>\n<p style=\"color: #4d4e53;\">Birol, Yunanistan\u2019\u0131n Selanik kentinde \u00f6nceki g\u00fcn resmi in\u015faat a\u00e7\u0131l\u0131\u015f\u0131 yap\u0131lan Trans-Adriyatik Do\u011falgaz Boru Hatt\u0131 Projesi\u2019nde (TAP) gelinen a\u015famay\u0131 \u00f6nemsedi\u011fini de belirterek, enerjide Rusya\u2019ya ba\u011f\u0131ml\u0131l\u0131\u011f\u0131n\u0131 azaltma ve enerji kaynaklar\u0131n\u0131 \u00e7e\u015fitlendirme perspektifi benimseyen Avrupa i\u00e7in TAP projesinin \u00f6nemli oldu\u011funu vurgulad\u0131.<\/p>\n<p style=\"color: #4d4e53;\">TAP&#8217;\u0131n Avrupa\u2019n\u0131n enerji arz g\u00fcvenli\u011fi a\u00e7\u0131s\u0131ndan b\u00fcy\u00fck katk\u0131lar\u0131 olaca\u011f\u0131na dikkati \u00e7eken Birol, &#8220;Proje, T\u00fcrkiye\u2019ye hem arz g\u00fcvenli\u011fi hem de ekonomik olarak katk\u0131lar sa\u011flayacak ve ayr\u0131ca T\u00fcrkiye\u2019nin stratejik \u00f6nemini biraz daha art\u0131racak.&#8221; de\u011ferlendirmesinde bulundu.<\/p>\n<p style=\"color: #4d4e53;\">Birol, projenin Hazar b\u00f6lgesindeki \u00fclkelere de zaman i\u00e7inde ekonomik ve stratejik olarak \u00e7ok b\u00fcy\u00fck faydalar sa\u011flayaca\u011f\u0131n\u0131, projenin tarihi bir \u00f6neme sahip oldu\u011funu kaydetti.<\/p>\n<p style=\"color: #4d4e53;\"><strong>&#8216;Rezervler bu \u00fclkeleri zengin yapmaz&#8217;<\/strong><\/p>\n<p style=\"color: #4d4e53;\">K\u0131br\u0131s, \u0130srail ve M\u0131s\u0131r \u00e7evresinde \u00e7ok ciddi do\u011falgaz yataklar\u0131 oldu\u011funu an\u0131msatan Birol, s\u00f6zlerini \u015f\u00f6yle tamamlad\u0131:<\/p>\n<p style=\"color: #4d4e53;\">&#8220;Bu yataklar\u0131n olmas\u0131, rezervlerin olmas\u0131, bu \u00fclkelerin zengin olmas\u0131 demek de\u011fil. Zengin olmalar\u0131 i\u00e7in, bundan para kazanmalar\u0131 i\u00e7in proje yap\u0131lmas\u0131 laz\u0131m. Yap\u0131lacak projelerle, bu kaynaklar\u0131n Avrupa\u2019daki t\u00fcketicilere ula\u015fmas\u0131 gerekir. Bu yap\u0131l\u0131rken bir\u00e7ok opsiyon var. Bu rezervler nas\u0131l Avrupa\u2019ya gidebilir diye. Bunlardan bir tanesi de T\u00fcrkiye \u00fczerinden ge\u00e7ecek boru hatlar\u0131. Biz b\u00fct\u00fcn bu opsiyonlara bakt\u0131\u011f\u0131m\u0131zda maliyet, ekonomi, jeopolitik kriterler var, ama ekonomik olarak T\u00fcrkiye \u00fczerinden ge\u00e7ecek olan enerjinin en d\u00fc\u015f\u00fck maliyetli oldu\u011funu g\u00f6r\u00fcyoruz. Umar\u0131m bu enerji kaynaklar\u0131n\u0131n bu b\u00f6lgede olmas\u0131, ge\u00e7mi\u015fteki \u00f6rneklerin aksine bar\u0131\u015f i\u00e7in g\u00fczel bir vesile olur.&#8221;<\/p>\n<p style=\"color: #4d4e53;\">Kaynak: <a href=\"http:\/\/www.dunya.com\/finans\/petrol\/petrol-en-gec-2017de-yukselir-300574h.htm\" target=\"_blank\" rel=\"nofollow\">D\u00fcnya<\/a><\/p>\n<p><\/p>","protected":false},"excerpt":{"rendered":"<p>Sorry, this entry is only available in Turkish. For the sake of viewer convenience, the content is shown below in the alternative language. You may click the link to switch the active language. Uluslararas\u0131 Enerji Ajans\u0131 (IEA) \u0130cra Direkt\u00f6r\u00fc Fatih Birol, k\u00fcresel piyasalarda petrol fiyatlar\u0131n\u0131n tahminleri do\u011frultusunda geli\u015fme g\u00f6sterdi\u011fini belirterek, 2017&#8217;den itibaren fiyatlar\u0131n y\u00fckseli\u015fe ge\u00e7mesini [&hellip;]<\/p>\n","protected":false},"author":1,"featured_media":53234,"comment_status":"open","ping_status":"open","sticky":false,"template":"","format":"standard","meta":[],"categories":[53,44],"tags":[67,1009,2698,165,59,79,347,2388,887,2522],"views":778,"_links":{"self":[{"href":"https:\/\/www.enerjigazetesi.ist\/en\/wp-json\/wp\/v2\/posts\/53233"}],"collection":[{"href":"https:\/\/www.enerjigazetesi.ist\/en\/wp-json\/wp\/v2\/posts"}],"about":[{"href":"https:\/\/www.enerjigazetesi.ist\/en\/wp-json\/wp\/v2\/types\/post"}],"author":[{"embeddable":true,"href":"https:\/\/www.enerjigazetesi.ist\/en\/wp-json\/wp\/v2\/users\/1"}],"replies":[{"embeddable":true,"href":"https:\/\/www.enerjigazetesi.ist\/en\/wp-json\/wp\/v2\/comments?post=53233"}],"version-history":[{"count":1,"href":"https:\/\/www.enerjigazetesi.ist\/en\/wp-json\/wp\/v2\/posts\/53233\/revisions"}],"predecessor-version":[{"id":53235,"href":"https:\/\/www.enerjigazetesi.ist\/en\/wp-json\/wp\/v2\/posts\/53233\/revisions\/53235"}],"wp:featuredmedia":[{"embeddable":true,"href":"https:\/\/www.enerjigazetesi.ist\/en\/wp-json\/wp\/v2\/media\/53234"}],"wp:attachment":[{"href":"https:\/\/www.enerjigazetesi.ist\/en\/wp-json\/wp\/v2\/media?parent=53233"}],"wp:term":[{"taxonomy":"category","embeddable":true,"href":"https:\/\/www.enerjigazetesi.ist\/en\/wp-json\/wp\/v2\/categories?post=53233"},{"taxonomy":"post_tag","embeddable":true,"href":"https:\/\/www.enerjigazetesi.ist\/en\/wp-json\/wp\/v2\/tags?post=53233"}],"curies":[{"name":"wp","href":"https:\/\/api.w.org\/{rel}","templated":true}]}}