{"id":53200,"date":"2016-05-21T11:24:30","date_gmt":"2016-05-21T08:24:30","guid":{"rendered":"https:\/\/www.enerjigazetesi.ist\/?p=53200"},"modified":"2016-05-21T11:24:30","modified_gmt":"2016-05-21T08:24:30","slug":"gediz-universitesi-hibrit-santralini-devreye-aldi","status":"publish","type":"post","link":"https:\/\/www.enerjigazetesi.ist\/en\/gediz-universitesi-hibrit-santralini-devreye-aldi\/","title":{"rendered":"(Turkish) Gediz \u00dcniversitesi Hibrit Santralini Devreye Ald\u0131!"},"content":{"rendered":"<p class=\"qtranxs-available-languages-message qtranxs-available-languages-message-en\">Sorry, this entry is only available in <a href=\"https:\/\/www.enerjigazetesi.ist\/tr\/wp-json\/wp\/v2\/posts\/53200\" class=\"qtranxs-available-language-link qtranxs-available-language-link-tr\" title=\"Turkish\">Turkish<\/a>. For the sake of viewer convenience, the content is shown below in the alternative language. You may click the link to switch the active language.<\/p><p><\/p>\n<p style=\"color: #666666;\"><span style=\"font-weight: bold; color: #222222;\">Gediz \u00dcniversitesi\u2019nin \u0130ZKA deste\u011fiyle \u00f6\u011frenci otopark\u0131na kurdu\u011fu r\u00fczgar ve g\u00fcne\u015ften ayn\u0131 anda elektrik \u00fcreten hibrit santral t\u00f6renle hizmete girdi.<\/span><\/p>\n<p style=\"color: #666666;\">T\u00fcrkiye\u2019de akademik kurulu\u015flar\u0131n r\u00fczgar ve g\u00fcne\u015f enerjisinden elektrik \u00fcretimi konusundaki \u00e7al\u0131\u015fm<a href=\"https:\/\/www.enerjigazetesi.ist\/wp-content\/uploads\/2016\/05\/gediz-universitesi-hibrit-santralini-devreye-aldi.png\"><img loading=\"lazy\" class=\"alignright  wp-image-53201\" src=\"https:\/\/www.enerjigazetesi.ist\/wp-content\/uploads\/2016\/05\/gediz-universitesi-hibrit-santralini-devreye-aldi-300x110.png\" alt=\"gediz-universitesi-hibrit-santralini-devreye-aldi\" width=\"300\" height=\"163\" \/><\/a>alar\u0131 art\u0131k yeni bir a\u015famaya geldi. Bu a\u015famada akademik kurulu\u015flar yaln\u0131zca, g\u00fcne\u015f ve r\u00fczgar enerjisine y\u00f6nelik bilimsel \u00e7al\u0131\u015fmalar yapmakla kalm\u0131yor ayn\u0131 zamanda T\u00fcrkiye\u2019nin say\u0131l\u0131 b\u00fcy\u00fckl\u00fckteki tesislerini kurarak, g\u00fcne\u015f ve r\u00fczgar enerjisinin geli\u015fimine katk\u0131da bulunuyor.<\/p>\n<p style=\"color: #666666;\">Bu geli\u015fme, do\u011fal olarak \u00f6zel sekt\u00f6r\u00fcn \u00e7al\u0131\u015fmalar\u0131na da yans\u0131yor ve T\u00fcrkiye\u2019de yenilenebilir enerji pazar\u0131 \u015fu an i\u00e7in hacim olarak k\u00fc\u00e7\u00fck g\u00f6r\u00fcnse de y\u00fckselen bir ivme ile b\u00fcy\u00fcme \u00e7izgisine girmi\u015f g\u00f6r\u00fcn\u00fcyor.<\/p>\n<p style=\"color: #666666;\">Bu \u00e7er\u00e7evede, akademik kurulu\u015flar\u0131n yenilenebilir enerji y\u00f6n\u00fcndeki \u00e7al\u0131\u015fmalar\u0131n\u0131n finansal y\u00f6nden desteklenmesi \u00f6nem ta\u015f\u0131yor. Finansal a\u00e7\u0131dan desteklenen projelerden akademik kurulu\u015flarda \u00e7ok daha verimli sonu\u00e7lar elde edilmesi m\u00fcmk\u00fcn olabiliyor.<\/p>\n<p style=\"color: #666666;\">Gediz \u00dcniversitesi\u2019nin \u0130ZKA deste\u011fiyle \u00f6\u011frenci otopark\u0131na kurdu\u011fu r\u00fczgar ve g\u00fcne\u015ften ayn\u0131 anda elektrik \u00fcreten hibrit santral t\u00f6renle hizmete girdi. \u0130zmir Kalk\u0131nma Ajans\u0131\u2019n\u0131n (\u0130ZKA) Yenilenebilir Enerji ve \u00c7evre Teknolojileri Mali Destek Program\u0131 kapsam\u0131nda 1 milyon TL ile destekledi\u011fi proje, toplam 2.2 milyon TL\u2019ye mal oldu.<\/p>\n<p style=\"color: #666666;\">\u00dc\u00e7 bin metrekarelik \u00f6\u011frenci otopark\u0131n\u0131n \u00fczeri bin 600 g\u00fcne\u015f paneliyle kapland\u0131, bir de r\u00fczgar t\u00fcrbini yerle\u015ftirildi. B\u00fcy\u00fck b\u00f6l\u00fcm\u00fc yerli teknoloji olan santral, g\u00fcne\u015f ve r\u00fczgar enerjileri birle\u015ftirilerek saatte 500 kilovat elektrik \u00fcretiyor. Gediz \u00dcniversitesi, elektrik ihtiyac\u0131n\u0131n en az y\u00fczde yar\u0131s\u0131n\u0131 buradan sa\u011flayacak ve y\u0131lda 130 bin dolar (yakla\u015f\u0131k 390 bin TL) tasarruf edecek. Yenilenebilir kaynaklar\u0131n elektri\u011fe d\u00f6n\u00fc\u015ft\u00fcr\u00fclmesiyle de her sene, \u00e7evre kirlili\u011fine neden olan 450 ton karbon sal\u0131n\u0131m\u0131 engellenecek. M\u00fchendislik ve Mimarl\u0131k Fak\u00fcltesi taraf\u0131ndan ara\u015ft\u0131rma ve e\u011fitim laboratuvar\u0131 olarak kullan\u0131lacak, yenilenebilir enerji sekt\u00f6r\u00fcn\u00fcn ihtiya\u00e7 duydu\u011fu teknik personellerin uygulamal\u0131 e\u011fitim alaca\u011f\u0131 \u00e7evre dostu tesis hizmete a\u00e7\u0131ld\u0131. D\u00fczenlenen t\u00f6rene TE\u0130A\u015e 3\u2019\u00fcnc\u00fc B\u00f6lge M\u00fcd\u00fcr\u00fc Necdet G\u00fcrler ile \u0130ZKA Planlama, Programlama ve Koordinasyon Birimi Ba\u015fkan\u0131 Murat \u00c7elik\u2019in de aralar\u0131nda yer ald\u0131\u011f\u0131 \u00e7ok say\u0131da ki\u015fi kat\u0131ld\u0131.<\/p>\n<p style=\"color: #666666;\"><span style=\"font-weight: bold; color: #222222;\">\u00d6nc\u00fc bir ad\u0131m att\u0131k<\/span><\/p>\n<p style=\"color: #666666;\">Gediz \u00dcniversitesi M\u00fctevelli Heyeti Ba\u015fkan\u0131 I\u015f\u0131lay Sayg\u0131n, \u00e7evreci enerji \u00fcretiminde \u00f6nc\u00fc bir ad\u0131m att\u0131klar\u0131n\u0131 ifade etti. Eski Devlet Bakan\u0131 Sayg\u0131n, \u00fclkemizin, \u00f6zellikle de Ege B\u00f6lgesi\u2019nin r\u00fczgar ve g\u00fcne\u015f potansiyeline dikkat \u00e7ekmek, hem topluma hem de \u00f6\u011frencilere \u00e7evreci enerji bilinci a\u015f\u0131lamak istediklerini de dile getirdi, \u015funlar\u0131 s\u00f6yledi:<\/p>\n<p style=\"color: #666666;\">\u201cKurdu\u011fumuz hibrit santralle r\u00fczgardan ve g\u00fcne\u015ften ayn\u0131 anda elektrik \u00fcreterek ye\u015fil bir kamp\u00fcs haline geldik. \u00d6\u011frenci otopark\u0131m\u0131z\u0131 santrale d\u00f6n\u00fc\u015ft\u00fcr\u00fcp bu at\u0131l alan\u0131 \u00e7evreci enerji \u00fcretir hale getirerek de ayr\u0131ca \u00f6rnek olduk. \u00dclkemizin sahip oldu\u011fu \u00e7evreci kaynaklar\u0131n ekonomik de\u011fere d\u00f6n\u00fc\u015ft\u00fcr\u00fclmesinde \u00f6nc\u00fcl\u00fck \u00fcstlenmeye, ba\u015fta \u00f6\u011frencilerimiz olmak \u00fczere toplumumuza bu y\u00f6nde bilin\u00e7 a\u015f\u0131lamaya devam edece\u011fiz.\u201d<\/p>\n<p style=\"color: #666666;\">Rekt\u00f6r Prof. Dr. Seyfullah \u00c7evik, desteklerinden dolay\u0131 \u0130ZKA\u2019ya te\u015fekk\u00fcr etti. Prof. Dr. \u00c7evik, Gediz \u00dcniversitesi olarak yenilenebilir enerjiye a\u011f\u0131rl\u0131k verdiklerini belirtti, \u201cBu alanda pek \u00e7ok bilimsel projeye imza att\u0131k, \u0130zmir Atat\u00fcrk Organize Sanayi B\u00f6lgesi\u2019ne yine \u0130ZKA deste\u011fiyle yenilebilir enerji laboratuvar\u0131 kurduk, r\u00fczgar ve g\u00fcne\u015f enerji santrallerinde ihtiya\u00e7 duyulan ara elemanlar\u0131 burada yeti\u015ftiriyoruz\u201d dedi. \u0130ZKA\u2019dan Murat \u00c7elik de \u0130zmir\u2019i yenilenebilir enerjide lider kent yapmay\u0131 hedeflediklerini vurgulad\u0131, \u201cYenilenebilir Enerji ve \u00c7evre Teknolojileri Mali Destek Program\u0131 ile 31 proje hayata ge\u00e7ti\u201d diye konu\u015ftu.<\/p>\n<p style=\"color: #666666;\">M\u00fctevelli Heyeti Ba\u015fkan\u0131 I\u015f\u0131lay Sayg\u0131n ve Rekt\u00f6r Prof. Dr. Seyfullah \u00c7evik, katk\u0131lar\u0131ndan dolay\u0131 TE\u0130A\u015e 3\u2019\u00fcnc\u00fc B\u00f6lge M\u00fcd\u00fcr\u00fc Necdet G\u00fcrler, \u0130ZKA Planlama, Programlama ve Koordinasyon Birimi Ba\u015fkan\u0131 Murat \u00c7elik, Northel Y\u00f6netim Kurulu Ba\u015fkan\u0131 Cem Yal\u00e7\u0131n, CN Gaz\u2019dan \u00dcnal \u00d6zturgut, \u0130zmir Teknoloji Grup\u2019tan Ramazan Aslan, Kurucu M\u00fctevelli Heyeti Ba\u015fkan\u0131 Abdullah Kavuk, eski M\u00fchendislik ve Mimarl\u0131k Fak\u00fcltesi Dekan\u0131 Prof. Dr. Turan Batar, Fen Bilimleri Enstit\u00fcs\u00fc M\u00fcd\u00fcr\u00fc Do\u00e7. Dr. Selim Solmaz, Siyaset Bilimi ve Kamu Y\u00f6netimi \u00d6\u011fretim \u00dcyesi Yrd. Do\u00e7. Dr. Nefise Ela G\u00f6kalp Aras ile Teknoloji Transfer Ofisi M\u00fcd\u00fcr\u00fc Mahmut Muncusunlular\u2019a plaket verdi.<\/p>\n<p style=\"color: #666666;\">Kaynak: B\u00fcltenler<\/p>\n<p><\/p>","protected":false},"excerpt":{"rendered":"<p>Sorry, this entry is only available in Turkish. For the sake of viewer convenience, the content is shown below in the alternative language. You may click the link to switch the active language. Gediz \u00dcniversitesi\u2019nin \u0130ZKA deste\u011fiyle \u00f6\u011frenci otopark\u0131na kurdu\u011fu r\u00fczgar ve g\u00fcne\u015ften ayn\u0131 anda elektrik \u00fcreten hibrit santral t\u00f6renle hizmete girdi. T\u00fcrkiye\u2019de akademik kurulu\u015flar\u0131n [&hellip;]<\/p>\n","protected":false},"author":1,"featured_media":53201,"comment_status":"open","ping_status":"open","sticky":false,"template":"","format":"standard","meta":[],"categories":[53,49,50],"tags":[67,1009,2698,165,2326,227,13,2569,23133,4269,5410,474,69,16,231,23318,4784],"views":1591,"_links":{"self":[{"href":"https:\/\/www.enerjigazetesi.ist\/en\/wp-json\/wp\/v2\/posts\/53200"}],"collection":[{"href":"https:\/\/www.enerjigazetesi.ist\/en\/wp-json\/wp\/v2\/posts"}],"about":[{"href":"https:\/\/www.enerjigazetesi.ist\/en\/wp-json\/wp\/v2\/types\/post"}],"author":[{"embeddable":true,"href":"https:\/\/www.enerjigazetesi.ist\/en\/wp-json\/wp\/v2\/users\/1"}],"replies":[{"embeddable":true,"href":"https:\/\/www.enerjigazetesi.ist\/en\/wp-json\/wp\/v2\/comments?post=53200"}],"version-history":[{"count":1,"href":"https:\/\/www.enerjigazetesi.ist\/en\/wp-json\/wp\/v2\/posts\/53200\/revisions"}],"predecessor-version":[{"id":53202,"href":"https:\/\/www.enerjigazetesi.ist\/en\/wp-json\/wp\/v2\/posts\/53200\/revisions\/53202"}],"wp:featuredmedia":[{"embeddable":true,"href":"https:\/\/www.enerjigazetesi.ist\/en\/wp-json\/wp\/v2\/media\/53201"}],"wp:attachment":[{"href":"https:\/\/www.enerjigazetesi.ist\/en\/wp-json\/wp\/v2\/media?parent=53200"}],"wp:term":[{"taxonomy":"category","embeddable":true,"href":"https:\/\/www.enerjigazetesi.ist\/en\/wp-json\/wp\/v2\/categories?post=53200"},{"taxonomy":"post_tag","embeddable":true,"href":"https:\/\/www.enerjigazetesi.ist\/en\/wp-json\/wp\/v2\/tags?post=53200"}],"curies":[{"name":"wp","href":"https:\/\/api.w.org\/{rel}","templated":true}]}}