{"id":53191,"date":"2016-05-21T11:04:51","date_gmt":"2016-05-21T08:04:51","guid":{"rendered":"https:\/\/www.enerjigazetesi.ist\/?p=53191"},"modified":"2016-05-21T11:04:51","modified_gmt":"2016-05-21T08:04:51","slug":"eroglu-barajlarin-doluluk-orani-mayis-yagmurlari-ile-kapanacak","status":"publish","type":"post","link":"https:\/\/www.enerjigazetesi.ist\/en\/eroglu-barajlarin-doluluk-orani-mayis-yagmurlari-ile-kapanacak\/","title":{"rendered":"(Turkish) Ero\u011flu: Barajlar\u0131n Doluluk Oran\u0131 May\u0131s Ya\u011fmurlar\u0131 \u0130le Kapanacak&#8230;"},"content":{"rendered":"<p class=\"qtranxs-available-languages-message qtranxs-available-languages-message-en\">Sorry, this entry is only available in <a href=\"https:\/\/www.enerjigazetesi.ist\/tr\/wp-json\/wp\/v2\/posts\/53191\" class=\"qtranxs-available-language-link qtranxs-available-language-link-tr\" title=\"Turkish\">Turkish<\/a>. For the sake of viewer convenience, the content is shown below in the alternative language. You may click the link to switch the active language.<\/p><p><\/p>\n<p class=\"selectionShareable\" style=\"color: #0a0a0a;\"><strong>Afyonkarahisar\u2019a gelen Orman ve Su \u0130\u015fleri Bakan\u0131 Veysel Ero\u011flu, Afyonkarahisar Belediyesi meclis salonunda d\u00fczenlenen \u0130l Koordinasyon Kurulu toplant\u0131s\u0131na kat\u0131ld\u0131.<\/strong><span id=\"more-80509\"><\/span><\/p>\n<p class=\"selectionShareable\" style=\"color: #0a0a0a;\">Barajlar\u0131n doluluk oranlar\u0131yla ilgili a\u00e7\u0131klamalarda bulunan Bakan Veysel Ero\u011flu, doluluk oranlar\u0131n\u0131n yeterli seviyede oldu\u011funu <a href=\"https:\/\/www.enerjigazetesi.ist\/wp-content\/uploads\/2016\/05\/eroglu-barajlarin-doluluk-orani-mayis-yagmurlari-ile-kapanacak.jpg\"><img loading=\"lazy\" class=\"alignleft size-medium wp-image-53192\" src=\"https:\/\/www.enerjigazetesi.ist\/wp-content\/uploads\/2016\/05\/eroglu-barajlarin-doluluk-orani-mayis-yagmurlari-ile-kapanacak-300x173.jpg\" alt=\"eroglu-barajlarin-doluluk-orani-mayis-yagmurlari-ile-kapanacak\" width=\"300\" height=\"173\" srcset=\"https:\/\/www.enerjigazetesi.ist\/wp-content\/uploads\/2016\/05\/eroglu-barajlarin-doluluk-orani-mayis-yagmurlari-ile-kapanacak-300x173.jpg 300w, https:\/\/www.enerjigazetesi.ist\/wp-content\/uploads\/2016\/05\/eroglu-barajlarin-doluluk-orani-mayis-yagmurlari-ile-kapanacak-500x288.jpg 500w, https:\/\/www.enerjigazetesi.ist\/wp-content\/uploads\/2016\/05\/eroglu-barajlarin-doluluk-orani-mayis-yagmurlari-ile-kapanacak-80x46.jpg 80w, https:\/\/www.enerjigazetesi.ist\/wp-content\/uploads\/2016\/05\/eroglu-barajlarin-doluluk-orani-mayis-yagmurlari-ile-kapanacak.jpg 696w\" sizes=\"(max-width: 300px) 100vw, 300px\" \/><\/a>vurgulad\u0131. Doluluk oran\u0131ndaki a\u00e7\u0131\u011f\u0131n may\u0131s ay\u0131nda ya\u011facak ya\u011fmurlarla kapanmas\u0131n\u0131n beklendi\u011fini vurgulayan Bakan Ero\u011flu, \u201c\u015eu an barajlar\u0131m\u0131z\u00a0<strong>y\u00fczde 60 \u2013 69<\/strong>\u00a0aras\u0131nda dolu. Hi\u00e7bir problem yok. Kald\u0131 ki ya\u011f\u0131\u015flar da may\u0131s ay\u0131ndaki a\u00e7\u0131\u011f\u0131 kapatacak.<\/p>\n<p class=\"selectionShareable\" style=\"color: #0a0a0a;\">\u00d6rne\u011fin bug\u00fcn Afyonkarahisar ve baz\u0131 b\u00f6lgelerde ya\u011f\u0131\u015f var. \u00d6n\u00fcm\u00fczdeki sal\u0131 g\u00fcn\u00fc tekrar ya\u011f\u0131\u015f gelecek. Muhtemelen cumartesiden itibaren gelecek haftaya sarkan ya\u011f\u0131\u015flar gelebilir. Dolay\u0131s\u0131yla herhangi bir s\u0131k\u0131nt\u0131 yok\u201d diye konu\u015ftu.<\/p>\n<p class=\"selectionShareable\" style=\"color: #0a0a0a;\">\u0130stanbul\u2019a su sa\u011flayan barajlardaki su oran\u0131n\u0131n y\u00fczde 85 oldu\u011funu a\u00e7\u0131klad\u0131. \u0130stanbul\u2019un 2070 y\u0131l\u0131na kadar susuzluk ya\u015famayaca\u011f\u0131n\u0131 kaydeden Bakan Ero\u011flu, \u201cBarajlar\u0131m\u0131z y\u00fczde 85 dolu. Hi\u00e7 merak etmesinler. Bol bol su var, kullans\u0131nlar\u201d dedi.<\/p>\n<p class=\"selectionShareable\" style=\"color: #0a0a0a;\">Kaynak: B\u00fcltenler<\/p>\n<p><\/p>","protected":false},"excerpt":{"rendered":"<p>Sorry, this entry is only available in Turkish. For the sake of viewer convenience, the content is shown below in the alternative language. You may click the link to switch the active language. Afyonkarahisar\u2019a gelen Orman ve Su \u0130\u015fleri Bakan\u0131 Veysel Ero\u011flu, Afyonkarahisar Belediyesi meclis salonunda d\u00fczenlenen \u0130l Koordinasyon Kurulu toplant\u0131s\u0131na kat\u0131ld\u0131. Barajlar\u0131n doluluk oranlar\u0131yla [&hellip;]<\/p>\n","protected":false},"author":1,"featured_media":53192,"comment_status":"open","ping_status":"open","sticky":false,"template":"","format":"standard","meta":[],"categories":[53],"tags":[29777,13018,29778,29779,16678,23052,63,67,1009,2698,165],"views":989,"_links":{"self":[{"href":"https:\/\/www.enerjigazetesi.ist\/en\/wp-json\/wp\/v2\/posts\/53191"}],"collection":[{"href":"https:\/\/www.enerjigazetesi.ist\/en\/wp-json\/wp\/v2\/posts"}],"about":[{"href":"https:\/\/www.enerjigazetesi.ist\/en\/wp-json\/wp\/v2\/types\/post"}],"author":[{"embeddable":true,"href":"https:\/\/www.enerjigazetesi.ist\/en\/wp-json\/wp\/v2\/users\/1"}],"replies":[{"embeddable":true,"href":"https:\/\/www.enerjigazetesi.ist\/en\/wp-json\/wp\/v2\/comments?post=53191"}],"version-history":[{"count":1,"href":"https:\/\/www.enerjigazetesi.ist\/en\/wp-json\/wp\/v2\/posts\/53191\/revisions"}],"predecessor-version":[{"id":53193,"href":"https:\/\/www.enerjigazetesi.ist\/en\/wp-json\/wp\/v2\/posts\/53191\/revisions\/53193"}],"wp:featuredmedia":[{"embeddable":true,"href":"https:\/\/www.enerjigazetesi.ist\/en\/wp-json\/wp\/v2\/media\/53192"}],"wp:attachment":[{"href":"https:\/\/www.enerjigazetesi.ist\/en\/wp-json\/wp\/v2\/media?parent=53191"}],"wp:term":[{"taxonomy":"category","embeddable":true,"href":"https:\/\/www.enerjigazetesi.ist\/en\/wp-json\/wp\/v2\/categories?post=53191"},{"taxonomy":"post_tag","embeddable":true,"href":"https:\/\/www.enerjigazetesi.ist\/en\/wp-json\/wp\/v2\/tags?post=53191"}],"curies":[{"name":"wp","href":"https:\/\/api.w.org\/{rel}","templated":true}]}}