{"id":53159,"date":"2016-05-20T09:43:11","date_gmt":"2016-05-20T06:43:11","guid":{"rendered":"https:\/\/www.enerjigazetesi.ist\/?p=53159"},"modified":"2016-05-20T09:43:11","modified_gmt":"2016-05-20T06:43:11","slug":"shell-yenilenebilir-enerji-ve-dusuk-karbon-izine-yatirim-yapacak","status":"publish","type":"post","link":"https:\/\/www.enerjigazetesi.ist\/en\/shell-yenilenebilir-enerji-ve-dusuk-karbon-izine-yatirim-yapacak\/","title":{"rendered":"(Turkish) Shell, Yenilenebilir Enerji ve D\u00fc\u015f\u00fck Karbon \u0130zine Yat\u0131r\u0131m Yapacak!"},"content":{"rendered":"<p class=\"qtranxs-available-languages-message qtranxs-available-languages-message-en\">Sorry, this entry is only available in <a href=\"https:\/\/www.enerjigazetesi.ist\/tr\/wp-json\/wp\/v2\/posts\/53159\" class=\"qtranxs-available-language-link qtranxs-available-language-link-tr\" title=\"Turkish\">Turkish<\/a>. For the sake of viewer convenience, the content is shown below in the alternative language. You may click the link to switch the active language.<\/p><p><\/p>\n<p class=\"selectionShareable\" style=\"color: #0a0a0a;\"><strong>Shell, b\u00fcnyesinde bulunan farkl\u0131 departmanlar\u0131n birle\u015ftirilmesiyle olu\u015fturdu\u011fu yeni departmanla birlikte, yenilenebilir enerji ve d\u00fc\u015f\u00fck karbon izi alanlar\u0131na yat\u0131r\u0131m yapacak.<\/strong><span id=\"more-80916\"><\/span><\/p>\n<p class=\"selectionShareable\" style=\"color: #0a0a0a;\">Shell,\u00a0b\u00fcnyesinde yenilenebilir enerji ve d\u00fc\u015f\u00fck karbon izine sahip enerji alanlar\u0131na yat\u0131r\u0131m yapacak yeni <a href=\"https:\/\/www.enerjigazetesi.ist\/wp-content\/uploads\/2015\/08\/shell-sss-23789793823-696x385.jpg\"><img loading=\"lazy\" class=\"alignright size-medium wp-image-43336\" src=\"https:\/\/www.enerjigazetesi.ist\/wp-content\/uploads\/2015\/08\/shell-sss-23789793823-696x385-300x165.jpg\" alt=\"shell-sss-23789793823-696x385\" width=\"300\" height=\"165\" srcset=\"https:\/\/www.enerjigazetesi.ist\/wp-content\/uploads\/2015\/08\/shell-sss-23789793823-696x385-300x165.jpg 300w, https:\/\/www.enerjigazetesi.ist\/wp-content\/uploads\/2015\/08\/shell-sss-23789793823-696x385-500x276.jpg 500w, https:\/\/www.enerjigazetesi.ist\/wp-content\/uploads\/2015\/08\/shell-sss-23789793823-696x385-80x44.jpg 80w, https:\/\/www.enerjigazetesi.ist\/wp-content\/uploads\/2015\/08\/shell-sss-23789793823-696x385.jpg 696w\" sizes=\"(max-width: 300px) 100vw, 300px\" \/><\/a>bir departman a\u00e7t\u0131.<\/p>\n<p class=\"selectionShareable\" style=\"color: #0a0a0a;\">Haberlerde yer alan raporlara ve Shell\u2019in yay\u0131nlad\u0131\u011f\u0131 yeni bir rapora g\u00f6re petrol ve gaz \u00fcr\u00fcnleri devi Shell, halihaz\u0131rda b\u00fcnyesinde bar\u0131nd\u0131rd\u0131\u011f\u0131 hidrojen, biyoyak\u0131tlar ve elektrik faaliyetleri departmanlar\u0131n\u0131 yeni bir \u00e7at\u0131 alt\u0131nda birle\u015ftirecek. Hatta \u015firket bununla da kalmayarak yeni departman\u0131n\u0131 ileride ad\u0131m ataca\u011f\u0131 yeni sekt\u00f6rler i\u00e7in bir \u00fcs olarak kullanacak.<\/p>\n<p class=\"selectionShareable\" style=\"color: #0a0a0a;\">Shell, \u201c\u015firketin enerji sekt\u00f6r\u00fcndeki de\u011fi\u015fimlere kar\u015f\u0131 nas\u0131l bir pozisyon alaca\u011f\u0131na ili\u015fkin\u201d s\u0131k\u00e7a sorulan sorulara, yay\u0131nlad\u0131\u011f\u0131 \u201cShell: Enerji de\u011fi\u015fimi ve portfolyo esnekli\u011fi\u201d raporuyla yan\u0131t verdi. Shell\u2019in y\u00f6netim kurulu ba\u015fkan\u0131 Ben van Beuden raporun giri\u015f yaz\u0131s\u0131nda \u201cShell\u2019in 100 y\u0131l\u0131n \u00fczerindeki ge\u00e7mi\u015fine bak\u0131ld\u0131\u011f\u0131nda i\u015f modellerini de\u011fi\u015fen trendlere adapte etmede ve karl\u0131 b\u00fcy\u00fcme sa\u011flamada temiz bir sicili oldu\u011funu\u201d vurguluyor. Van Beuden ayr\u0131ca \u201cShell i\u00e7in \u00f6n\u00fcm\u00fczdeki on y\u0131llar boyunca kar getirmeye devam edecek bir petrol ve gaz sekt\u00f6r\u00fc oldu\u011funu, bu sekt\u00f6rlerin ticari ba\u015far\u0131lar\u0131n\u0131n da d\u00fc\u015f\u00fck karbon izi sistemine ba\u015far\u0131l\u0131 olarak ge\u00e7mede \u015firkete yarar sa\u011flayaca\u011f\u0131n\u0131\u201d s\u00f6yleyerek \u015firketin g\u00fcn\u00fcm\u00fcz enerji sekt\u00f6r\u00fcn\u00fcn trendlerine bak\u0131\u015f\u0131n\u0131 \u00f6zetliyor.<\/p>\n<p class=\"selectionShareable\" style=\"color: #0a0a0a;\">Shell\u2019in \u201cYeni Enerjiler\u201d departman\u0131, a\u00e7\u0131k bir \u015fekilde ticari de\u011fer g\u00f6r\u00fclen alanlarda f\u0131rsat aramaya devam edecek. Ayr\u0131ca yeni departman bir\u00e7ok yeni alanda da yeni \u00e7\u00f6z\u00fcmler sunmaya \u00e7al\u0131\u015facak: ula\u015f\u0131m i\u00e7in biyoyak\u0131tlar ve hidrojen gibi yeni yak\u0131t t\u00fcrleri; r\u00fczgar ve g\u00fcne\u015f enerjilerinin bir arada kullan\u0131ld\u0131\u011f\u0131 entegre enerji sistemleri; enerji sistemlerinin dijitalle\u015ftirilmesi ve \u00f6zerkle\u015ftirilmesi yoluyla m\u00fc\u015fterileri yeni enerji i\u015f modelleriyle ba\u011flamak; bunlardan birka\u00e7\u0131.<\/p>\n<p class=\"selectionShareable\" style=\"color: #0a0a0a;\">Shell yeni i\u015f alan\u0131na halihaz\u0131rda 1,7 milyar dolar yat\u0131r\u0131m yapm\u0131\u015f durumda. Ayr\u0131ca \u015firket \u015fu anda y\u0131ll\u0131k 200 milyon dolar\u0131n\u0131 yukar\u0131da \u00f6rnekleri verilen yeni alanlarda ke\u015fif yapmak ve bu alanlar\u0131 geli\u015ftirmek i\u00e7in harc\u0131yor. Shell \u00f6zel olarak biyoyak\u0131tlara, hidrojene, r\u00fczgar ve g\u00fcne\u015f enerjisine yat\u0131r\u0131m yap\u0131yor.<\/p>\n<p class=\"selectionShareable\" style=\"color: #0a0a0a;\">Kaynak: Enerji Enstit\u00fcs\u00fc<\/p>\n<p><\/p>","protected":false},"excerpt":{"rendered":"<p>Sorry, this entry is only available in Turkish. For the sake of viewer convenience, the content is shown below in the alternative language. You may click the link to switch the active language. Shell, b\u00fcnyesinde bulunan farkl\u0131 departmanlar\u0131n birle\u015ftirilmesiyle olu\u015fturdu\u011fu yeni departmanla birlikte, yenilenebilir enerji ve d\u00fc\u015f\u00fck karbon izi alanlar\u0131na yat\u0131r\u0131m yapacak. Shell,\u00a0b\u00fcnyesinde yenilenebilir enerji [&hellip;]<\/p>\n","protected":false},"author":1,"featured_media":30669,"comment_status":"open","ping_status":"open","sticky":false,"template":"","format":"standard","meta":[],"categories":[53,44],"tags":[29768,29767,63,67,1009,2698,165,59,79,2388,2522,29769,5539,1787,105,358],"views":979,"_links":{"self":[{"href":"https:\/\/www.enerjigazetesi.ist\/en\/wp-json\/wp\/v2\/posts\/53159"}],"collection":[{"href":"https:\/\/www.enerjigazetesi.ist\/en\/wp-json\/wp\/v2\/posts"}],"about":[{"href":"https:\/\/www.enerjigazetesi.ist\/en\/wp-json\/wp\/v2\/types\/post"}],"author":[{"embeddable":true,"href":"https:\/\/www.enerjigazetesi.ist\/en\/wp-json\/wp\/v2\/users\/1"}],"replies":[{"embeddable":true,"href":"https:\/\/www.enerjigazetesi.ist\/en\/wp-json\/wp\/v2\/comments?post=53159"}],"version-history":[{"count":1,"href":"https:\/\/www.enerjigazetesi.ist\/en\/wp-json\/wp\/v2\/posts\/53159\/revisions"}],"predecessor-version":[{"id":53160,"href":"https:\/\/www.enerjigazetesi.ist\/en\/wp-json\/wp\/v2\/posts\/53159\/revisions\/53160"}],"wp:featuredmedia":[{"embeddable":true,"href":"https:\/\/www.enerjigazetesi.ist\/en\/wp-json\/wp\/v2\/media\/30669"}],"wp:attachment":[{"href":"https:\/\/www.enerjigazetesi.ist\/en\/wp-json\/wp\/v2\/media?parent=53159"}],"wp:term":[{"taxonomy":"category","embeddable":true,"href":"https:\/\/www.enerjigazetesi.ist\/en\/wp-json\/wp\/v2\/categories?post=53159"},{"taxonomy":"post_tag","embeddable":true,"href":"https:\/\/www.enerjigazetesi.ist\/en\/wp-json\/wp\/v2\/tags?post=53159"}],"curies":[{"name":"wp","href":"https:\/\/api.w.org\/{rel}","templated":true}]}}