{"id":53151,"date":"2016-05-20T09:29:45","date_gmt":"2016-05-20T06:29:45","guid":{"rendered":"https:\/\/www.enerjigazetesi.ist\/?p=53151"},"modified":"2016-05-20T09:29:45","modified_gmt":"2016-05-20T06:29:45","slug":"turkiye-enerjisinin-yuzde-354unu-heslerden-aldi","status":"publish","type":"post","link":"https:\/\/www.enerjigazetesi.ist\/en\/turkiye-enerjisinin-yuzde-354unu-heslerden-aldi\/","title":{"rendered":"(Turkish) T\u00fcrkiye Enerjisinin Y\u00fczde 35,4\u2019\u00fcn\u00fc HES\u2019lerden Ald\u0131!"},"content":{"rendered":"<p class=\"qtranxs-available-languages-message qtranxs-available-languages-message-en\">Sorry, this entry is only available in <a href=\"https:\/\/www.enerjigazetesi.ist\/tr\/wp-json\/wp\/v2\/posts\/53151\" class=\"qtranxs-available-language-link qtranxs-available-language-link-tr\" title=\"Turkish\">Turkish<\/a>. For the sake of viewer convenience, the content is shown below in the alternative language. You may click the link to switch the active language.<\/p><p><\/p>\n<p class=\"selectionShareable\" style=\"color: #0a0a0a;\"><strong>Orman ve Su \u0130\u015fleri Bakanl\u0131\u011f\u0131 Devlet Su \u0130\u015fleri (DS\u0130) Genel M\u00fcd\u00fcrl\u00fc\u011f\u00fc ve \u00f6zel sekt\u00f6r taraf\u0131ndan T\u00fcrkiye\u2019de i\u015fletmeye a\u00e7\u0131lan hidroelektrik santrallerde (HES) 15 May\u0131s 2016\u2019da g\u00fcnl\u00fck bazda 35,4\u2019l\u00fck \u00fcretim ger\u00e7ekle\u015fti. B\u00f6ylece 15 May\u0131s\u2019ta HES\u2019lerden \u00fcretilen elektrik g\u00fcnl\u00fck bazda di\u011fer elektrik \u00fcretim kaynaklar\u0131 aras\u0131nda en y\u00fcksek paya ula\u015ft\u0131.<\/strong><span id=\"more-80914\"><\/span><\/p>\n<p class=\"selectionShareable\" style=\"color: #0a0a0a;\">HES\u2019lerin yenilenebilir ve \u00e7evreye dost bir enerji \u00fcretim \u015fekli oldu\u011funun alt\u0131n\u0131 \u00e7izen Orman ve Su \u0130\u015fleri Baka<a href=\"https:\/\/www.enerjigazetesi.ist\/wp-content\/uploads\/2016\/05\/turkiye-enerjisinin-yuzde-354unu-heslerden-aldi.jpg\"><img loading=\"lazy\" class=\"alignright size-medium wp-image-53152\" src=\"https:\/\/www.enerjigazetesi.ist\/wp-content\/uploads\/2016\/05\/turkiye-enerjisinin-yuzde-354unu-heslerden-aldi-300x200.jpg\" alt=\"turkiye-enerjisinin-yuzde-354unu-heslerden-aldi\" width=\"300\" height=\"200\" srcset=\"https:\/\/www.enerjigazetesi.ist\/wp-content\/uploads\/2016\/05\/turkiye-enerjisinin-yuzde-354unu-heslerden-aldi-300x200.jpg 300w, https:\/\/www.enerjigazetesi.ist\/wp-content\/uploads\/2016\/05\/turkiye-enerjisinin-yuzde-354unu-heslerden-aldi-1024x683.jpg 1024w, https:\/\/www.enerjigazetesi.ist\/wp-content\/uploads\/2016\/05\/turkiye-enerjisinin-yuzde-354unu-heslerden-aldi-500x333.jpg 500w, https:\/\/www.enerjigazetesi.ist\/wp-content\/uploads\/2016\/05\/turkiye-enerjisinin-yuzde-354unu-heslerden-aldi-74x50.jpg 74w, https:\/\/www.enerjigazetesi.ist\/wp-content\/uploads\/2016\/05\/turkiye-enerjisinin-yuzde-354unu-heslerden-aldi.jpg 1068w\" sizes=\"(max-width: 300px) 100vw, 300px\" \/><\/a>n\u0131 Veysel Ero\u011flu, \u201cT\u00fcrkiye sahip oldu\u011fu hidroelektrik potansiyelini yeterince de\u011ferlendiremiyordu. Bu enerji \u00fcretim \u015fekline yapt\u0131\u011f\u0131m\u0131z yat\u0131r\u0131mlar sayesinde tabiata dost ve yerli enerjinin pay\u0131n\u0131 art\u0131r\u0131yoruz\u201d diye konu\u015ftu.<\/p>\n<p class=\"selectionShareable\" style=\"color: #0a0a0a;\">Bu y\u0131l\u0131n ilk 4,5 ayl\u0131k d\u00f6neminde HES\u2019lerden 27,7 milyar kilowatt.saat elektrik enerjisi \u00fcretildi\u011fini belirten Bakan Ero\u011flu, \u201cB\u00f6ylece toplam 94,2 milyar kilowatt.saat enerji \u00fcretilen bu d\u00f6nemde HES\u2019lerden \u00fcretilen enerjinin pay\u0131n\u0131 toplam enerji i\u00e7erisinde y\u00fczde 29,4\u2019e y\u00fckselttik. HES\u2019lerden \u00fcretilen bu enerji ile \u00fclke ekonomisine yakla\u015f\u0131k 6 milyar lira katk\u0131 sa\u011flam\u0131\u015f olduk\u201d de\u011ferlendirmesinde bulundu.<\/p>\n<p class=\"selectionShareable\" style=\"color: #0a0a0a;\">T\u00fcrkiye a\u00e7\u0131s\u0131ndan HES projelerini hayata ge\u00e7irmenin bir zaruret oldu\u011funun alt\u0131n\u0131 \u00e7izen Ero\u011flu, \u201cT\u00fcrkiye enerji ithal eden bir \u00fclke konumunda bulunuyor ve enerji ihtiyac\u0131 her ge\u00e7en g\u00fcn art\u0131yor. Bu 4,5 ayl\u0131k d\u00f6nemde HES\u2019lerden \u00fcretilen enerji do\u011falgaz ile \u00fcretilmi\u015f olsayd\u0131 \u00fclkemiz yakla\u015f\u0131k 4,5 milyar lira do\u011falgaz ithalat\u0131na kaynak aktarmak zorunda kalacakt\u0131. Dolay\u0131s\u0131yla HES\u2019ler cari a\u00e7\u0131\u011f\u0131m\u0131z\u0131n kapanmas\u0131 hususunda da olumlu katk\u0131 sa\u011fl\u0131yor\u201d a\u00e7\u0131klamas\u0131n\u0131 yapt\u0131.<\/p>\n<p class=\"selectionShareable\" style=\"color: #0a0a0a;\">15 May\u0131s 2016\u2019da g\u00fcnl\u00fck \u00fcretim verilerine g\u00f6re HES\u2019lerden \u00fcretilen enerjinin toplam enerji i\u00e7indeki pay\u0131n\u0131n g\u00fcnl\u00fck bazda y\u00fczde 35,4 olarak ger\u00e7ekle\u015fti\u011fini ifade eden Bakan Ero\u011flu, \u201cG\u00fcnl\u00fck bazda ger\u00e7ekle\u015fen bu y\u00fczdeyi s\u00fcrekli hale getirmek i\u00e7in bu sekt\u00f6re yat\u0131r\u0131mlar\u0131m\u0131z devam ediyor. Zaten ilk 4,5 ayl\u0131k d\u00f6nemde ger\u00e7ekle\u015fen y\u00fczde 29,4\u2019l\u00fck \u00fcretim y\u0131ll\u0131k bazda 2005 y\u0131l\u0131ndan beri ger\u00e7ekle\u015fen en y\u00fcksek oran\u0131 olu\u015fturuyor. Bakanl\u0131k olarak yerli ve yenilenebilir enerji olan HES\u2019lerin bu oran\u0131n\u0131 s\u00fcrekli olarak art\u0131rmay\u0131 hedefliyoruz\u201d dedi.<\/p>\n<p class=\"selectionShareable\" style=\"color: #0a0a0a;\">T\u00fcrkiye\u2019nin sahip oldu\u011fu hidroelektrik potansiyelini yeterince de\u011ferlendiremedi\u011fini s\u00f6yleyen Ero\u011flu, \u201cBiz bu potansiyeli de\u011ferlendirmek i\u00e7in \u00e7al\u0131\u015f\u0131yoruz. Avrupa ve Amerika bu potansiyelinin neredeyse y\u00fczde y\u00fcze yak\u0131n\u0131n\u0131 kullan\u0131rken T\u00fcrkiye kullanam\u0131yordu. \u00dclkemizin hidroelektrik \u00fcretim potansiyeli y\u0131lda 216 milyar kilowatt.saat\u2019tir. Halihaz\u0131rda geli\u015ftirilen potansiyel ise y\u0131lda 157 milyar kilowatt.saat\u2019tir. Geli\u015ftirilen bu potansiyelimiz de\u011fi\u015fik safhalardaki toplam bin 420 projeden meydana gelmektedir\u201d diye konu\u015ftu.<\/p>\n<p class=\"selectionShareable\" style=\"color: #0a0a0a;\">Kaynak: Enerji Enstit\u00fcs\u00fc<\/p>\n<p><\/p>","protected":false},"excerpt":{"rendered":"<p>Sorry, this entry is only available in Turkish. For the sake of viewer convenience, the content is shown below in the alternative language. You may click the link to switch the active language. Orman ve Su \u0130\u015fleri Bakanl\u0131\u011f\u0131 Devlet Su \u0130\u015fleri (DS\u0130) Genel M\u00fcd\u00fcrl\u00fc\u011f\u00fc ve \u00f6zel sekt\u00f6r taraf\u0131ndan T\u00fcrkiye\u2019de i\u015fletmeye a\u00e7\u0131lan hidroelektrik santrallerde (HES) 15 [&hellip;]<\/p>\n","protected":false},"author":1,"featured_media":53152,"comment_status":"open","ping_status":"open","sticky":false,"template":"","format":"standard","meta":[],"categories":[53,47],"tags":[2273,1091,63,67,1009,2698,165,35370,5643,1090,3239],"views":1153,"_links":{"self":[{"href":"https:\/\/www.enerjigazetesi.ist\/en\/wp-json\/wp\/v2\/posts\/53151"}],"collection":[{"href":"https:\/\/www.enerjigazetesi.ist\/en\/wp-json\/wp\/v2\/posts"}],"about":[{"href":"https:\/\/www.enerjigazetesi.ist\/en\/wp-json\/wp\/v2\/types\/post"}],"author":[{"embeddable":true,"href":"https:\/\/www.enerjigazetesi.ist\/en\/wp-json\/wp\/v2\/users\/1"}],"replies":[{"embeddable":true,"href":"https:\/\/www.enerjigazetesi.ist\/en\/wp-json\/wp\/v2\/comments?post=53151"}],"version-history":[{"count":1,"href":"https:\/\/www.enerjigazetesi.ist\/en\/wp-json\/wp\/v2\/posts\/53151\/revisions"}],"predecessor-version":[{"id":53153,"href":"https:\/\/www.enerjigazetesi.ist\/en\/wp-json\/wp\/v2\/posts\/53151\/revisions\/53153"}],"wp:featuredmedia":[{"embeddable":true,"href":"https:\/\/www.enerjigazetesi.ist\/en\/wp-json\/wp\/v2\/media\/53152"}],"wp:attachment":[{"href":"https:\/\/www.enerjigazetesi.ist\/en\/wp-json\/wp\/v2\/media?parent=53151"}],"wp:term":[{"taxonomy":"category","embeddable":true,"href":"https:\/\/www.enerjigazetesi.ist\/en\/wp-json\/wp\/v2\/categories?post=53151"},{"taxonomy":"post_tag","embeddable":true,"href":"https:\/\/www.enerjigazetesi.ist\/en\/wp-json\/wp\/v2\/tags?post=53151"}],"curies":[{"name":"wp","href":"https:\/\/api.w.org\/{rel}","templated":true}]}}