{"id":5314,"date":"2013-01-17T10:31:47","date_gmt":"2013-01-17T07:31:47","guid":{"rendered":"https:\/\/www.enerjigazetesi.ist\/?p=5314"},"modified":"2013-01-17T10:31:47","modified_gmt":"2013-01-17T07:31:47","slug":"ozallar-enerji-isinde-buyuyor","status":"publish","type":"post","link":"https:\/\/www.enerjigazetesi.ist\/en\/ozallar-enerji-isinde-buyuyor\/","title":{"rendered":"(Turkish) \u00d6zallar Enerji \u0130\u015finde B\u00fcy\u00fcyor"},"content":{"rendered":"<p class=\"qtranxs-available-languages-message qtranxs-available-languages-message-en\">Sorry, this entry is only available in <a href=\"https:\/\/www.enerjigazetesi.ist\/tr\/wp-json\/wp\/v2\/posts\/5314\" class=\"qtranxs-available-language-link qtranxs-available-language-link-tr\" title=\"Turkish\">Turkish<\/a>. For the sake of viewer convenience, the content is shown below in the alternative language. You may click the link to switch the active language.<\/p><p><strong>Merhum Cumhurba\u015fkan\u0131 Turgut \u00d6zal karde\u015fi Korkut \u00d6zal\u2019\u0131n kurdu\u011fu Oda\u015f Enerji, elektrik enerjisi sekt\u00f6r\u00fcnde ad\u0131m ad\u0131m b\u00fcy\u00fcyor.<\/strong><\/p>\n<p><img loading=\"lazy\" class=\"alignright size-medium wp-image-5315\" title=\"ozallar-enerji-isinde-buyuyor\" src=\"https:\/\/www.enerjigazetesi.ist\/wp-content\/uploads\/2013\/01\/ozallar-enerji-isinde-buyuyor-300x200.jpg\" alt=\"\" width=\"300\" height=\"200\" srcset=\"https:\/\/www.enerjigazetesi.ist\/wp-content\/uploads\/2013\/01\/ozallar-enerji-isinde-buyuyor-300x200.jpg 300w, https:\/\/www.enerjigazetesi.ist\/wp-content\/uploads\/2013\/01\/ozallar-enerji-isinde-buyuyor-500x333.jpg 500w, https:\/\/www.enerjigazetesi.ist\/wp-content\/uploads\/2013\/01\/ozallar-enerji-isinde-buyuyor-74x50.jpg 74w, https:\/\/www.enerjigazetesi.ist\/wp-content\/uploads\/2013\/01\/ozallar-enerji-isinde-buyuyor.jpg 505w\" sizes=\"(max-width: 300px) 100vw, 300px\" \/>Oda\u015f Enerji\u2019nin kurucular\u0131 aras\u0131nda Korkut \u00d6zal ile o\u011flu Bahattin \u00d6zal ve Burak Altay yer al\u0131yor. Bahattin \u00d6zal ve Burak Altay, 2012 y\u0131l\u0131n\u0131 168 MW kurulu g\u00fc\u00e7 ve 250 milyon liral\u0131k ciro ile kapatt\u0131klar\u0131n\u0131 belirterek, \u201cT\u00fcrkiye\u2019deki 180 bin serbest t\u00fcketicinin 30 binine elektrik sat\u0131yoruz\u201d dedi.<\/p>\n<p>Turgut \u00d6zal, 1980\u2019li y\u0131llarda T\u00fcrkiye Elektrik Kurumu (TEK) d\u0131\u015f\u0131ndaki kurulu\u015flara da elektrik \u00fcretimi, iletimi ve ticaretiyle ilgili g\u00f6revler verilebilece\u011fine dair yasan\u0131n \u00e7\u0131kar\u0131lmas\u0131nda \u00f6nc\u00fcl\u00fck etmi\u015fti.<\/p>\n<p>Kaynak: <a href=\"http:\/\/enerjienstitusu.com\/2013\/01\/17\/ozallar-enerji-isinde-buyuyor\/\" target=\"_blank\">Enerji Enstit\u00fcs\u00fc<\/a><\/p>","protected":false},"excerpt":{"rendered":"<p>Sorry, this entry is only available in Turkish. For the sake of viewer convenience, the content is shown below in the alternative language. You may click the link to switch the active language.Merhum Cumhurba\u015fkan\u0131 Turgut \u00d6zal karde\u015fi Korkut \u00d6zal\u2019\u0131n kurdu\u011fu Oda\u015f Enerji, elektrik enerjisi sekt\u00f6r\u00fcnde ad\u0131m ad\u0131m b\u00fcy\u00fcyor. Oda\u015f Enerji\u2019nin kurucular\u0131 aras\u0131nda Korkut \u00d6zal ile [&hellip;]<\/p>\n","protected":false},"author":1,"featured_media":5315,"comment_status":"open","ping_status":"open","sticky":false,"template":"","format":"standard","meta":[],"categories":[51,53],"tags":[67,1868,1867],"views":932,"_links":{"self":[{"href":"https:\/\/www.enerjigazetesi.ist\/en\/wp-json\/wp\/v2\/posts\/5314"}],"collection":[{"href":"https:\/\/www.enerjigazetesi.ist\/en\/wp-json\/wp\/v2\/posts"}],"about":[{"href":"https:\/\/www.enerjigazetesi.ist\/en\/wp-json\/wp\/v2\/types\/post"}],"author":[{"embeddable":true,"href":"https:\/\/www.enerjigazetesi.ist\/en\/wp-json\/wp\/v2\/users\/1"}],"replies":[{"embeddable":true,"href":"https:\/\/www.enerjigazetesi.ist\/en\/wp-json\/wp\/v2\/comments?post=5314"}],"version-history":[{"count":1,"href":"https:\/\/www.enerjigazetesi.ist\/en\/wp-json\/wp\/v2\/posts\/5314\/revisions"}],"predecessor-version":[{"id":5316,"href":"https:\/\/www.enerjigazetesi.ist\/en\/wp-json\/wp\/v2\/posts\/5314\/revisions\/5316"}],"wp:featuredmedia":[{"embeddable":true,"href":"https:\/\/www.enerjigazetesi.ist\/en\/wp-json\/wp\/v2\/media\/5315"}],"wp:attachment":[{"href":"https:\/\/www.enerjigazetesi.ist\/en\/wp-json\/wp\/v2\/media?parent=5314"}],"wp:term":[{"taxonomy":"category","embeddable":true,"href":"https:\/\/www.enerjigazetesi.ist\/en\/wp-json\/wp\/v2\/categories?post=5314"},{"taxonomy":"post_tag","embeddable":true,"href":"https:\/\/www.enerjigazetesi.ist\/en\/wp-json\/wp\/v2\/tags?post=5314"}],"curies":[{"name":"wp","href":"https:\/\/api.w.org\/{rel}","templated":true}]}}