{"id":53059,"date":"2016-05-17T14:35:22","date_gmt":"2016-05-17T11:35:22","guid":{"rendered":"https:\/\/www.enerjigazetesi.ist\/?p=53059"},"modified":"2016-05-17T14:35:22","modified_gmt":"2016-05-17T11:35:22","slug":"peugeotdan-gunes-enerjisi-kullanan-sarj-istasyonu","status":"publish","type":"post","link":"https:\/\/www.enerjigazetesi.ist\/en\/peugeotdan-gunes-enerjisi-kullanan-sarj-istasyonu\/","title":{"rendered":"(Turkish) Peugeot\u2019dan G\u00fcne\u015f Enerjisi Kullanan \u015earj \u0130stasyonu!"},"content":{"rendered":"<p class=\"qtranxs-available-languages-message qtranxs-available-languages-message-en\">Sorry, this entry is only available in <a href=\"https:\/\/www.enerjigazetesi.ist\/tr\/wp-json\/wp\/v2\/posts\/53059\" class=\"qtranxs-available-language-link qtranxs-available-language-link-tr\" title=\"Turkish\">Turkish<\/a>. For the sake of viewer convenience, the content is shown below in the alternative language. You may click the link to switch the active language.<\/p><p><\/p>\n<p style=\"color: #666666;\"><span style=\"font-weight: bold; color: #222222;\">Peugeot\u2019nun geli\u015ftirdi\u011fi Driveco Parasol ad\u0131 verilen istasyon, 88 adet fotovoltaik panelin bulundu\u011fu 150 metrekarelik b\u00fcy\u00fck bir g\u00fcne\u015f \u015femsiyesinden olu\u015fuyor.<\/span><\/p>\n<p style=\"color: #666666;\"><span style=\"font-weight: bold; color: #222222;\">Elektrikli arabalar\u0131n<\/span>\u00a0yayg\u0131nla\u015fmas\u0131n\u0131 engelleyen en \u00f6nemli fakt\u00f6rler aras\u0131nda \u00f6zel veya kamuya ait bir giri\u015fim olarak \u015farj istasyonlar\u0131n\u0131n eksikli\u011fi <a href=\"https:\/\/www.enerjigazetesi.ist\/wp-content\/uploads\/2016\/05\/peugeotdan-gunes-enerjisi-kullanan-sarj-istasyonu.jpg\"><img loading=\"lazy\" class=\"alignleft  wp-image-53060\" src=\"https:\/\/www.enerjigazetesi.ist\/wp-content\/uploads\/2016\/05\/peugeotdan-gunes-enerjisi-kullanan-sarj-istasyonu-300x110.jpg\" alt=\"peugeotdan-gunes-enerjisi-kullanan-sarj-istasyonu\" width=\"300\" height=\"184\" \/><\/a>g\u00f6sterilebilir. Bu handikap, \u00f6zellikle \u00f6zel sekt\u00f6r\u00fcn giri\u015fimleriyle giderilmeye \u00e7al\u0131\u015f\u0131lsa da yeterli bir geli\u015fim sa\u011fland\u0131\u011f\u0131 s\u00f6ylenemez.<\/p>\n<p style=\"color: #666666;\">Ba\u015fta Norve\u00e7, Almanya, Hollanda gibi Avrupa \u00fclkelerinde\u00a0<span style=\"font-weight: bold; color: #222222;\">\u015farj istasyonlar\u0131n\u0131n\u00a0<\/span>yayg\u0131nla\u015ft\u0131r\u0131lmas\u0131 konusunda \u00f6nemli \u00e7al\u0131\u015fmalar ger\u00e7ekle\u015ftiriliyor. Ama bu \u00e7al\u0131\u015fmalar\u0131n o \u00fclkelerin\u00a0<span style=\"font-weight: bold; color: #222222;\">enerji\u00a0<\/span>ve ula\u015f\u0131m politikalar\u0131yla do\u011fru orant\u0131l\u0131 olarak i\u015fledikleri g\u00f6r\u00fcl\u00fcyor.<\/p>\n<p style=\"color: #666666;\">T\u00fcrkiye a\u00e7\u0131s\u0131ndan ise<span style=\"font-weight: bold; color: #222222;\">\u00a0elektrikli \u015farj istasyonlar\u0131n\u0131n<\/span>\u00a0yayg\u0131nla\u015ft\u0131r\u0131lmas\u0131 konusunda kamuoyunun belirli beklenti ve taleplerine kar\u015f\u0131n, kamu y\u00f6netimi taraf\u0131ndan hemen hi\u00e7bir giri\u015fimin hala ger\u00e7ekle\u015ftirilemedi\u011fine tan\u0131k oluyoruz.<\/p>\n<p style=\"color: #666666;\">B\u00f6ylece,\u00a0<span style=\"font-weight: bold; color: #222222;\">elektrikli ara\u00e7lar\u0131n<\/span>\u00a0sat\u0131\u015f\u0131n\u0131n menzil k\u0131s\u0131tl\u0131l\u0131\u011f\u0131 ve \u015farj istasyonlar\u0131n\u0131n eksikli\u011fi nedeniyle, istenilen d\u00fczeyde ger\u00e7ekle\u015ftirilemedi\u011fi g\u00f6zlemleniyor.<\/p>\n<p style=\"color: #666666;\">Bununla birlikte, uluslararas\u0131 otomotiv markalar\u0131n\u0131n yaln\u0131zca\u00a0<span style=\"font-weight: bold; color: #222222;\">elektrikli ara\u00e7lar<\/span>\u00a0\u00fczerine de\u011fil, bataryalar ve \u015farj istasyonlar\u0131 \u00fczerine \u00f6nemli say\u0131labilecek \u00e7al\u0131\u015fmalar yapt\u0131klar\u0131 da biliniyor. Orta ve uzun vadede bu \u00e7al\u0131\u015fmalar\u0131n etkileri T\u00fcrkiye\u2019ye de yans\u0131yabilir.<\/p>\n<p style=\"color: #666666;\"><span style=\"font-weight: bold; color: #222222;\">Elektrikli otomobiller<\/span>\u00a0yaln\u0131zca s\u0131f\u0131r emisyonlu \u00e7evreci motorlar\u0131yla de\u011fil, bu motorlar\u0131na daha uzun menzil sa\u011flayan \u015farj istasyonlar\u0131yla da \u00e7evreye katk\u0131 sa\u011fl\u0131yor. Son olarak Peugeot\u2019nun geli\u015ftirdi\u011fi\u00a0<span style=\"font-weight: bold; color: #222222;\">g\u00fcne\u015f panellerinden\u00a0<\/span>olu\u015fan \u015farj istasyonu bunun en g\u00fczel \u00f6rne\u011fi.<\/p>\n<p style=\"color: #666666;\">Driveco Parasol ad\u0131 verilen istasyon, 88 adet fotovoltaik panelin bulundu\u011fu 150 metrekarelik b\u00fcy\u00fck bir\u00a0<span style=\"font-weight: bold; color: #222222;\">g\u00fcne\u015f \u015femsiyesinden<\/span>\u00a0olu\u015fuyor. Dayan\u0131kl\u0131 ah\u015fap malzemenin \u00fczerine bindirilen paneller, g\u00fcne\u015ften elde ettikleri enerjiyle\u00a0<span style=\"font-weight: bold; color: #222222;\">elektrikli ara\u00e7lar\u0131n\u00a0<\/span>lityum iyon pillerini besliyor. Otomobil, motosiklet veya bisiklet fark etmeksizin ayn\u0131 anda 7 ara\u00e7 \u015farj edilebiliyor.<\/p>\n<p style=\"color: #666666;\">Haberin Devam\u0131\u00a0\u0130\u00e7in\u00a0<a style=\"color: #fc8d8d;\" href=\"https:\/\/www.mobilyasam.com\/peugeot-gunes-enerjisi-kullanan-sarj-istasyonu-gelistirdi\/\" target=\"_blank\" rel=\"nofolllow\">T\u0131klay\u0131n\u0131z&gt;&gt;&gt;<\/a><\/p>\n<p style=\"color: #666666;\">Kaynak: Mobil Ya\u015fam<\/p>\n<p><\/p>","protected":false},"excerpt":{"rendered":"<p>Sorry, this entry is only available in Turkish. For the sake of viewer convenience, the content is shown below in the alternative language. You may click the link to switch the active language. Peugeot\u2019nun geli\u015ftirdi\u011fi Driveco Parasol ad\u0131 verilen istasyon, 88 adet fotovoltaik panelin bulundu\u011fu 150 metrekarelik b\u00fcy\u00fck bir g\u00fcne\u015f \u015femsiyesinden olu\u015fuyor. Elektrikli arabalar\u0131n\u00a0yayg\u0131nla\u015fmas\u0131n\u0131 engelleyen [&hellip;]<\/p>\n","protected":false},"author":1,"featured_media":53060,"comment_status":"open","ping_status":"open","sticky":false,"template":"","format":"standard","meta":[],"categories":[51,53,49,157],"tags":[215,67,1009,2698,165,227,29721,13,23133,22975,4269,29722],"views":1543,"_links":{"self":[{"href":"https:\/\/www.enerjigazetesi.ist\/en\/wp-json\/wp\/v2\/posts\/53059"}],"collection":[{"href":"https:\/\/www.enerjigazetesi.ist\/en\/wp-json\/wp\/v2\/posts"}],"about":[{"href":"https:\/\/www.enerjigazetesi.ist\/en\/wp-json\/wp\/v2\/types\/post"}],"author":[{"embeddable":true,"href":"https:\/\/www.enerjigazetesi.ist\/en\/wp-json\/wp\/v2\/users\/1"}],"replies":[{"embeddable":true,"href":"https:\/\/www.enerjigazetesi.ist\/en\/wp-json\/wp\/v2\/comments?post=53059"}],"version-history":[{"count":1,"href":"https:\/\/www.enerjigazetesi.ist\/en\/wp-json\/wp\/v2\/posts\/53059\/revisions"}],"predecessor-version":[{"id":53061,"href":"https:\/\/www.enerjigazetesi.ist\/en\/wp-json\/wp\/v2\/posts\/53059\/revisions\/53061"}],"wp:featuredmedia":[{"embeddable":true,"href":"https:\/\/www.enerjigazetesi.ist\/en\/wp-json\/wp\/v2\/media\/53060"}],"wp:attachment":[{"href":"https:\/\/www.enerjigazetesi.ist\/en\/wp-json\/wp\/v2\/media?parent=53059"}],"wp:term":[{"taxonomy":"category","embeddable":true,"href":"https:\/\/www.enerjigazetesi.ist\/en\/wp-json\/wp\/v2\/categories?post=53059"},{"taxonomy":"post_tag","embeddable":true,"href":"https:\/\/www.enerjigazetesi.ist\/en\/wp-json\/wp\/v2\/tags?post=53059"}],"curies":[{"name":"wp","href":"https:\/\/api.w.org\/{rel}","templated":true}]}}