{"id":53030,"date":"2016-05-16T17:00:25","date_gmt":"2016-05-16T14:00:25","guid":{"rendered":"https:\/\/www.enerjigazetesi.ist\/?p=53030"},"modified":"2016-05-16T17:00:25","modified_gmt":"2016-05-16T14:00:25","slug":"nasa-tarihin-en-sicak-nisan-ayi-geride-kaldi","status":"publish","type":"post","link":"https:\/\/www.enerjigazetesi.ist\/en\/nasa-tarihin-en-sicak-nisan-ayi-geride-kaldi\/","title":{"rendered":"(Turkish) NASA: \u201cTarihin En S\u0131cak Nisan Ay\u0131 Geride Kald\u0131&#8230;\u201d"},"content":{"rendered":"<p class=\"qtranxs-available-languages-message qtranxs-available-languages-message-en\">Sorry, this entry is only available in <a href=\"https:\/\/www.enerjigazetesi.ist\/tr\/wp-json\/wp\/v2\/posts\/53030\" class=\"qtranxs-available-language-link qtranxs-available-language-link-tr\" title=\"Turkish\">Turkish<\/a>. For the sake of viewer convenience, the content is shown below in the alternative language. You may click the link to switch the active language.<\/p><p><\/p>\n<p class=\"selectionShareable\" style=\"color: #0a0a0a;\"><strong>NASA, ge\u00e7ti\u011fimiz Nisan ay\u0131n\u0131n tarihteki en s\u0131cak Nisan ay\u0131 oldu\u011funu duyurdu.<\/strong><span id=\"more-80815\"><\/span><\/p>\n<p class=\"selectionShareable\" style=\"color: #0a0a0a;\">NASA\u2019n\u0131n ilan\u00a0etti\u011fi ver<a href=\"https:\/\/www.enerjigazetesi.ist\/wp-content\/uploads\/2016\/05\/nasa-tarihin-en-sicak-nisan-ayi-geride-kaldi.jpeg\"><img loading=\"lazy\" class=\"alignleft size-medium wp-image-53031\" src=\"https:\/\/www.enerjigazetesi.ist\/wp-content\/uploads\/2016\/05\/nasa-tarihin-en-sicak-nisan-ayi-geride-kaldi-300x168.jpeg\" alt=\"nasa-tarihin-en-sicak-nisan-ayi-geride-kaldi\" width=\"300\" height=\"168\" srcset=\"https:\/\/www.enerjigazetesi.ist\/wp-content\/uploads\/2016\/05\/nasa-tarihin-en-sicak-nisan-ayi-geride-kaldi-300x168.jpeg 300w, https:\/\/www.enerjigazetesi.ist\/wp-content\/uploads\/2016\/05\/nasa-tarihin-en-sicak-nisan-ayi-geride-kaldi-500x280.jpeg 500w, https:\/\/www.enerjigazetesi.ist\/wp-content\/uploads\/2016\/05\/nasa-tarihin-en-sicak-nisan-ayi-geride-kaldi-80x44.jpeg 80w, https:\/\/www.enerjigazetesi.ist\/wp-content\/uploads\/2016\/05\/nasa-tarihin-en-sicak-nisan-ayi-geride-kaldi.jpeg 696w\" sizes=\"(max-width: 300px) 100vw, 300px\" \/><\/a>ilere g\u00f6re, gittik\u00e7e ivme kazanan k\u00fcresel \u0131s\u0131nma nedeniyle s\u0131cakl\u0131klar rekor k\u0131rd\u0131.<\/p>\n<p class=\"selectionShareable\" style=\"color: #0a0a0a;\">Independent gazetesinin yer verdi\u011fi habere g\u00f6re, 2016 y\u0131l\u0131n\u0131n Nisan ay\u0131 1880 y\u0131l\u0131ndan bu yana ortalama en y\u00fcksek s\u0131cakl\u0131\u011fa sahip Nisan ay\u0131 oldu. Nisan ay\u0131na ili\u015fkin rakamlara g\u00f6re \u0131s\u0131nma oran\u0131 2016 y\u0131l\u0131nda artmaya ba\u015flad\u0131.<\/p>\n<p class=\"selectionShareable\" style=\"color: #0a0a0a;\">K\u00fcresel s\u0131cakl\u0131k verileri, 130 y\u0131ldan fazla bir s\u00fcredir s\u0131cakl\u0131\u011f\u0131n en anormal bi\u00e7imde artt\u0131\u011f\u0131n\u0131 ortaya koydu. Bu y\u0131l, 2015\u2019e oranla s\u0131cakl\u0131k d\u00fczeyleri yakla\u015f\u0131k y\u00fczde 30 d\u00fczeyinde art\u0131\u015f g\u00f6sterdi. 2015 y\u0131l\u0131 tarihin \u2018en s\u0131cak y\u0131l\u0131\u2019 olarak kay\u0131tlara ge\u00e7mi\u015fti, 2016\u2019n\u0131nsa 2015\u2019ten bile s\u0131cak olmas\u0131 bekleniyordu.<\/p>\n<p class=\"selectionShareable\" style=\"color: #0a0a0a;\">Kaynak: Enerji Enstit\u00fcs\u00fc<\/p>\n<p><\/p>","protected":false},"excerpt":{"rendered":"<p>Sorry, this entry is only available in Turkish. For the sake of viewer convenience, the content is shown below in the alternative language. You may click the link to switch the active language. NASA, ge\u00e7ti\u011fimiz Nisan ay\u0131n\u0131n tarihteki en s\u0131cak Nisan ay\u0131 oldu\u011funu duyurdu. NASA\u2019n\u0131n ilan\u00a0etti\u011fi verilere g\u00f6re, gittik\u00e7e ivme kazanan k\u00fcresel \u0131s\u0131nma nedeniyle s\u0131cakl\u0131klar [&hellip;]<\/p>\n","protected":false},"author":1,"featured_media":53031,"comment_status":"open","ping_status":"open","sticky":false,"template":"","format":"standard","meta":[],"categories":[53],"tags":[63,67,1009,2698,165,1942,29702,29703,29704],"views":965,"_links":{"self":[{"href":"https:\/\/www.enerjigazetesi.ist\/en\/wp-json\/wp\/v2\/posts\/53030"}],"collection":[{"href":"https:\/\/www.enerjigazetesi.ist\/en\/wp-json\/wp\/v2\/posts"}],"about":[{"href":"https:\/\/www.enerjigazetesi.ist\/en\/wp-json\/wp\/v2\/types\/post"}],"author":[{"embeddable":true,"href":"https:\/\/www.enerjigazetesi.ist\/en\/wp-json\/wp\/v2\/users\/1"}],"replies":[{"embeddable":true,"href":"https:\/\/www.enerjigazetesi.ist\/en\/wp-json\/wp\/v2\/comments?post=53030"}],"version-history":[{"count":1,"href":"https:\/\/www.enerjigazetesi.ist\/en\/wp-json\/wp\/v2\/posts\/53030\/revisions"}],"predecessor-version":[{"id":53032,"href":"https:\/\/www.enerjigazetesi.ist\/en\/wp-json\/wp\/v2\/posts\/53030\/revisions\/53032"}],"wp:featuredmedia":[{"embeddable":true,"href":"https:\/\/www.enerjigazetesi.ist\/en\/wp-json\/wp\/v2\/media\/53031"}],"wp:attachment":[{"href":"https:\/\/www.enerjigazetesi.ist\/en\/wp-json\/wp\/v2\/media?parent=53030"}],"wp:term":[{"taxonomy":"category","embeddable":true,"href":"https:\/\/www.enerjigazetesi.ist\/en\/wp-json\/wp\/v2\/categories?post=53030"},{"taxonomy":"post_tag","embeddable":true,"href":"https:\/\/www.enerjigazetesi.ist\/en\/wp-json\/wp\/v2\/tags?post=53030"}],"curies":[{"name":"wp","href":"https:\/\/api.w.org\/{rel}","templated":true}]}}