{"id":5303,"date":"2013-01-17T10:10:32","date_gmt":"2013-01-17T07:10:32","guid":{"rendered":"https:\/\/www.enerjigazetesi.ist\/?p=5303"},"modified":"2013-01-17T10:10:50","modified_gmt":"2013-01-17T07:10:50","slug":"enerji-bakanligi-enerji-ataseleriyle-yurtdisina-acilmaya-hazirlaniyor","status":"publish","type":"post","link":"https:\/\/www.enerjigazetesi.ist\/en\/enerji-bakanligi-enerji-ataseleriyle-yurtdisina-acilmaya-hazirlaniyor\/","title":{"rendered":"(Turkish) Enerji Bakanl\u0131\u011f\u0131 \u2018Enerji Ata\u015feleriyle\u2019 Yurtd\u0131\u015f\u0131na A\u00e7\u0131lmaya Haz\u0131rlan\u0131yor"},"content":{"rendered":"<p class=\"qtranxs-available-languages-message qtranxs-available-languages-message-en\">Sorry, this entry is only available in <a href=\"https:\/\/www.enerjigazetesi.ist\/tr\/wp-json\/wp\/v2\/posts\/5303\" class=\"qtranxs-available-language-link qtranxs-available-language-link-tr\" title=\"Turkish\">Turkish<\/a>. For the sake of viewer convenience, the content is shown below in the alternative language. You may click the link to switch the active language.<\/p><p><strong>Enerji Bakanl\u0131\u011f\u0131 \u2018enerji ata\u015feleriyle\u2019 yurtd\u0131\u015f\u0131na a\u00e7\u0131lmaya haz\u0131rlan\u0131yor. Uzman diplomatlar petrol, do\u011falgaz ve n\u00fckleer enerjideki son geli\u015fmeleri Ankara\u2019ya bildirecek<\/strong>.<\/p>\n<p>S\u00fcper g\u00fc\u00e7ler ile d\u00fcnya devlerinin boy g\u00f6sterdi\u011fi enerji arenas\u0131nda g\u00fc\u00e7l\u00fc bir oyunca olmak isteyen Ankara bu konuda yeni bir a\u00e7\u0131l\u0131m yapmaya haz\u0131rlan\u0131yor. D\u0131\u015fi\u015fleri koridorlar\u0131nda konu\u015fulanlara g\u00f6re, yurtd\u0131\u015f\u0131ndaki b\u00fcy\u00fckel\u00e7ilik ve konsoluklarda yak\u0131n bir tarihte \u2018enerji m\u00fc\u015favir ve ata\u015feleri\u2019 boy g\u00f6sterecek. Enerji diplomatlar\u0131n\u0131n bir b\u00f6l\u00fcm\u00fc D\u0131\u015fi\u015fleri Bakanl\u0131\u011f\u0131 b\u00fcnyesinden bir b\u00f6l\u00fcm\u00fc de Enerji Bakanl\u0131\u011f\u0131 personelinden se\u00e7ilecek. Se\u00e7ilen personelin ilk etapta ABD, \u0130ngiltere, Rusya, Almanya, Fransa, Suudi Arabistan, Irak, Japonya, G.Kore, \u00c7in ve Katar\u2019a g\u00f6nderilmesi bekleniyor.<\/p>\n<p><img loading=\"lazy\" class=\"alignleft size-medium wp-image-5304\" title=\"enerji-musavir-ateselikleri\" src=\"https:\/\/www.enerjigazetesi.ist\/wp-content\/uploads\/2013\/01\/enerji-musavir-ateselikleri-300x199.png\" alt=\"\" width=\"300\" height=\"199\" srcset=\"https:\/\/www.enerjigazetesi.ist\/wp-content\/uploads\/2013\/01\/enerji-musavir-ateselikleri-300x199.png 300w, https:\/\/www.enerjigazetesi.ist\/wp-content\/uploads\/2013\/01\/enerji-musavir-ateselikleri-75x50.png 75w, https:\/\/www.enerjigazetesi.ist\/wp-content\/uploads\/2013\/01\/enerji-musavir-ateselikleri.png 468w\" sizes=\"(max-width: 300px) 100vw, 300px\" \/>Enerjiyi T\u00fcrk D\u0131\u015f Politikas\u0131\u2019n\u0131n ana unsurlar\u0131ndan biri olarak g\u00f6ren D\u0131\u015fi\u015fleri Bakan\u0131 Ahmet Davuto\u011flu ile Enerji Bakan\u0131 Taner Y\u0131ld\u0131z\u2019\u0131n vizyon birlikteli\u011fi \u2018enerji diplomatlar\u0131\u2019 olarak tan\u0131mlanan \u00e7ok \u00f6nemli bir yap\u0131lanman\u0131n hayata ge\u00e7irilmesini sa\u011flayacak. D\u00fcnya enerji piyasalar\u0131na y\u00f6n veren belli ba\u015fl\u0131 \u00fclkelere enerji alan\u0131nda uzman diplomatlar\u0131n atanmas\u0131n\u0131 ama\u00e7layan \u2018enerji ata\u015feleri\u2019 projesi Y\u0131ld\u0131z\u2019\u0131n uzun zamand\u0131r d\u00fc\u015f\u00fcnd\u00fc\u011f\u00fc bir \u00e7al\u0131\u015fma. Bu konuda D\u0131\u015fi\u015fleri Bakan\u0131 Ahmet Davuto\u011flu ile g\u00f6r\u00fc\u015fen Y\u0131ld\u0131z\u2019\u0131n \u201cEnerji ata\u015felerinin tamam\u0131n\u0131n bizim bakanl\u0131\u011f\u0131m\u0131z personelinden olu\u015fmas\u0131na gerek yok. Sizin uygun g\u00f6rece\u011finiz D\u0131\u015fi\u015fleri mensuplar\u0131n\u0131 g\u00fc\u00e7l\u00fc bir e\u011fitimden ge\u00e7irerek onlardan da bu alanda istifade edebiliriz. Bu sayede \u00e7ok k\u0131sa zamanda \u00f6nemli bir mesafe kat ederiz\u201d dedi\u011fi \u00f6\u011frenildi. Enerjiyi \u2018entegre diplomasinin\u2019 en \u00f6nemli unsurlar\u0131ndan biri olarak g\u00f6ren Davuto\u011flu\u2019nun b\u00fcy\u00fck destek verdi\u011fi projenin hayata ge\u00e7irilebilmesi i\u00e7in \u015fimdi g\u00f6zler Maliye Bakanl\u0131\u011f\u0131\u2019nda. Zira atamalar\u0131n yap\u0131labilmesi i\u00e7in kadro tahsis edilmesi gerekiyor. D\u00fcnya ekonomisi ve k\u00fcresel dinamikleri son derece yak\u0131ndan izleyen Mehmet \u015eim\u015fek\u2019in de bu konuya son derece s\u0131cak bakt\u0131\u011f\u0131 ve kadro tahsisi konusunda \u00e7al\u0131\u015fma yap\u0131lmas\u0131n\u0131 istedi\u011fi ifade ediliyor.<\/p>\n<p>T\u00fcrk diplomatik misyonlar\u0131nda yani b\u00fcy\u00fckel\u00e7ilik ve konsoluklarda farkl\u0131 bakanl\u0131klara ba\u011fl\u0131 \u00e7ok say\u0131da m\u00fc\u015favir ve ata\u015fe g\u00f6rev yap\u0131yor. Ekonomi Bakanl\u0131\u011f\u0131, Maliye Bakanl\u0131\u011f\u0131, G\u00fcmr\u00fck ve Ticaret Bakanl\u0131\u011f\u0131, Milli E\u011fitim Bakanl\u0131\u011f\u0131, K\u00fclt\u00fcr ve Turizm Bakanl\u0131\u011f\u0131, \u00c7al\u0131\u015fma ve Sosyal G\u00fcvenlik Bakanl\u0131\u011f\u0131 ve Tar\u0131m Bakanl\u0131\u011f\u0131 ile Diyanet \u0130\u015fleri Ba\u015fkanl\u0131\u011f\u0131 personeli yurtd\u0131\u015f\u0131ndaki el\u00e7iliklerde aktif g\u00f6rev yap\u0131yor. Bu geni\u015f halkaya son olarak Adalet Bakanl\u0131\u011f\u0131 eklendi. 12 Nisan 2012\u2019de D\u0131\u015fi\u015fleri ve Adalet Bakanl\u0131\u011f\u0131 aras\u0131nda imzalanan protokol ile hakim ve savc\u0131lar\u0131n yurtd\u0131\u015f\u0131ndaki diplomatik temsilciliklerde g\u00f6rev yapmas\u0131n\u0131n \u00f6n\u00fc a\u00e7\u0131ld\u0131.<\/p>\n<p>Kaynak: <a href=\"http:\/\/enerjienstitusu.com\/2012\/05\/27\/enerji-bakanligi-enerji-ataseleriyle-yurtdisina-acilmaya-hazirlaniyor\/\" target=\"_blank\">Enerji Enstit\u00fcs\u00fc<\/a><\/p>","protected":false},"excerpt":{"rendered":"<p>Sorry, this entry is only available in Turkish. For the sake of viewer convenience, the content is shown below in the alternative language. You may click the link to switch the active language.Enerji Bakanl\u0131\u011f\u0131 \u2018enerji ata\u015feleriyle\u2019 yurtd\u0131\u015f\u0131na a\u00e7\u0131lmaya haz\u0131rlan\u0131yor. Uzman diplomatlar petrol, do\u011falgaz ve n\u00fckleer enerjideki son geli\u015fmeleri Ankara\u2019ya bildirecek. S\u00fcper g\u00fc\u00e7ler ile d\u00fcnya devlerinin [&hellip;]<\/p>\n","protected":false},"author":1,"featured_media":5304,"comment_status":"open","ping_status":"open","sticky":false,"template":"","format":"standard","meta":[],"categories":[46,53,43,44],"tags":[92,1861,451,1860,21,59,667,1862],"views":995,"_links":{"self":[{"href":"https:\/\/www.enerjigazetesi.ist\/en\/wp-json\/wp\/v2\/posts\/5303"}],"collection":[{"href":"https:\/\/www.enerjigazetesi.ist\/en\/wp-json\/wp\/v2\/posts"}],"about":[{"href":"https:\/\/www.enerjigazetesi.ist\/en\/wp-json\/wp\/v2\/types\/post"}],"author":[{"embeddable":true,"href":"https:\/\/www.enerjigazetesi.ist\/en\/wp-json\/wp\/v2\/users\/1"}],"replies":[{"embeddable":true,"href":"https:\/\/www.enerjigazetesi.ist\/en\/wp-json\/wp\/v2\/comments?post=5303"}],"version-history":[{"count":2,"href":"https:\/\/www.enerjigazetesi.ist\/en\/wp-json\/wp\/v2\/posts\/5303\/revisions"}],"predecessor-version":[{"id":5306,"href":"https:\/\/www.enerjigazetesi.ist\/en\/wp-json\/wp\/v2\/posts\/5303\/revisions\/5306"}],"wp:featuredmedia":[{"embeddable":true,"href":"https:\/\/www.enerjigazetesi.ist\/en\/wp-json\/wp\/v2\/media\/5304"}],"wp:attachment":[{"href":"https:\/\/www.enerjigazetesi.ist\/en\/wp-json\/wp\/v2\/media?parent=5303"}],"wp:term":[{"taxonomy":"category","embeddable":true,"href":"https:\/\/www.enerjigazetesi.ist\/en\/wp-json\/wp\/v2\/categories?post=5303"},{"taxonomy":"post_tag","embeddable":true,"href":"https:\/\/www.enerjigazetesi.ist\/en\/wp-json\/wp\/v2\/tags?post=5303"}],"curies":[{"name":"wp","href":"https:\/\/api.w.org\/{rel}","templated":true}]}}